{"id":8955,"date":"2023-06-08T17:40:42","date_gmt":"2023-06-08T15:40:42","guid":{"rendered":"https:\/\/lumulu.de\/blog\/?p=8955"},"modified":"2023-06-08T17:40:43","modified_gmt":"2023-06-08T15:40:43","slug":"der-naechste-step-ein-mix-aus-unberuehrter-natur-und-grossstadt-flair","status":"publish","type":"post","link":"https:\/\/lumulu.de\/blog\/2023\/06\/08\/der-naechste-step-ein-mix-aus-unberuehrter-natur-und-grossstadt-flair\/","title":{"rendered":"Der n\u00e4chste Step &#8211; ein Mix aus unber\u00fchrter Natur und Gro\u00dfstadt-Flair"},"content":{"rendered":"\n<p>Welch ein wildes Land! Wir sind inzwischen in den albanischen Alpen gelandet, wo wir uns nach einer atemberaubenden Fahrt ein St\u00e4dtchen nahe der Grenze zu Montenegro f\u00fcr die n\u00e4chsten zwei \u00dcbernachtungen ausgew\u00e4hlt haben. Tats\u00e4chlich kommt es uns vor wie das Ende Albaniens, da hier die Stra\u00dfe aufh\u00f6rt, nur noch Schotterwege von Hof zu Hof f\u00fchren.<\/p>\n\n\n\n<p>Aber wieder von vorne. Wir haben uns also, nachdem wir von der s\u00fcdlichen Seite keine Chance hatten die Osum-Schlucht zu erreichen, \u00fcber die 130km Umweg \u00fcber die Schnellstra\u00dfe auf den Weg nach Berat gemacht.&nbsp;<\/p>\n\n\n\n<figure class=\"wp-block-image size-large\"><img decoding=\"async\" width=\"600\" height=\"400\" src=\"https:\/\/lumulu.de\/blog\/wp-content\/uploads\/2023\/06\/024.Albanien-unterwegs-nach-Berat-IMG_0168-4.jpg\" alt=\"\" class=\"wp-image-8958\" srcset=\"https:\/\/lumulu.de\/blog\/wp-content\/uploads\/2023\/06\/024.Albanien-unterwegs-nach-Berat-IMG_0168-4.jpg 600w, https:\/\/lumulu.de\/blog\/wp-content\/uploads\/2023\/06\/024.Albanien-unterwegs-nach-Berat-IMG_0168-4-300x200.jpg 300w\" sizes=\"(max-width: 600px) 100vw, 600px\" \/><\/figure>\n\n\n\n<figure class=\"wp-block-image size-large\"><img decoding=\"async\" width=\"600\" height=\"400\" src=\"https:\/\/lumulu.de\/blog\/wp-content\/uploads\/2023\/06\/024.Albanien-unterwegs-nach-Berat-IMG_0168-8.jpg\" alt=\"\" class=\"wp-image-8959\" srcset=\"https:\/\/lumulu.de\/blog\/wp-content\/uploads\/2023\/06\/024.Albanien-unterwegs-nach-Berat-IMG_0168-8.jpg 600w, https:\/\/lumulu.de\/blog\/wp-content\/uploads\/2023\/06\/024.Albanien-unterwegs-nach-Berat-IMG_0168-8-300x200.jpg 300w\" sizes=\"(max-width: 600px) 100vw, 600px\" \/><\/figure>\n\n\n\n<p>Wir lasen von einem Campingplatz direkt am Osum-Fluss, auch \u201aRiverside-Camping\u2018 genannt. Super, direkt am Fluss, am Wasser stehen wir am Liebsten! Tja, aber diesmal klappt das mit Vorstellung und Wirklichkeit nicht so recht denn bei der Beschreibung stand nicht dabei, dass eine gro\u00dfe Umgehungsstra\u00dfe den Platz vom Flu\u00df trennt &#8211; und, ja, das Flussbett dieses wilden Flusses so breit ist und zur Zeit wenig Wasser mit sich f\u00fchrt,&nbsp; sodass wir das Wasser erst in 500m Entfernung vermuten k\u00f6nnen. \ud83d\ude09<\/p>\n\n\n\n<p>Allerdings tut das dem Zauber des Platzes keinen Abbruch. Wir werden von einer jungen Frau so freundlich begr\u00fc\u00dft! Nach den f\u00fcr uns schon zum Mantra gewordenen Fragen, ob sie einen oder beide Ausweise ben\u00f6tigt, wieviel es kostet, ob sie wissen m\u00f6chte wie lange wir bleiben, wo wir entsorgen k\u00f6nnen und Frischwasser auff\u00fcllen und die Toilette leeren k\u00f6nnen \u2026 l\u00e4chelt sie nur: \u201edas hat alles Zeit,&nbsp; kommt erstmal an. Sogleich kommt sie mit einem Teller Obst wieder und hei\u00dft uns nochmal herzlich willkommen. Eine Rezeption gibt es nicht, die zwei Besitzerinnen sind irgendwie immer irgendwo zu finden, irgendwie auch immer ein wenig der Welt entr\u00fcckt. \u201eGood Morning, the sun ist shining, what a wonderful day\u2026\u201c \u201eWir w\u00fcrden gerne zahlen und Wasser ablassen\u201c \u201eYes, yes, someone will coming and help you in a few minutes\u2026\u201c \u201e\u2026 und bezahlen \u2026\u201c \u201eokay, I will be in the kitchen later\u201c\u2026 Alles klappte irgendwie dennoch perfekt, Registrierungen wie in allen anderen L\u00e4ndern bislang gibt es hier nicht und auch nicht auf unseren weiteren Stationen in Albanien, man zahlt irgendwann und irgendwie &#8211; und wir denken wieder einmal, dass das Leben so herrlich einfach sein kann. \ud83d\ude42<\/p>\n\n\n\n<p>Nun zu Berat, das 2005 von der Unesco zum Welterbe gek\u00fcrt wurde. Die hiesige Festung Kalaja, die auf dem n\u00f6rdlichen H\u00fcgel thront, ist unser erstes, trotz des steilen Aufstieges, fu\u00dfl\u00e4ufiges Ziel.&nbsp;<\/p>\n\n\n\n<p>Auf dem Weg in die Stadt vertun wir uns ein wenig, da die Altstadt und der eigentliche steile, kopfsteingepflasterte Weg, in der anderen Richtung liegen. Das Sch\u00f6ne daran ist ja immer, dass man auf diese Weise mehr vom eigentlichen Leben mitbekommt. Wir waren mittendrin in der, ich nenne sie gerne \u201eJetztzeit\u201c (da es unterwegs so viel Historisches gibt), und waren die Exoten in der Stadt. Menschen gr\u00fc\u00dfen uns freundlich, fragen wo wir herkommen, Schulkinder umringen uns und geben uns die Hand, es ist wie \u00fcberall diese unglaubliche Offenheit und Freundlichkeit, die uns die Herzen der Menschen \u00f6ffnet. Der Weg zur Burg wird uns erkl\u00e4rt, ein St\u00fcck des Weges mitgegangen, mitten durch ein ganz normales Wohnviertel. Die Sonne brennt uns auf den Kopf und wir wissen, was wir getan haben, als wir oben ankommen.<\/p>\n\n\n\n<figure class=\"wp-block-image size-large\"><img decoding=\"async\" width=\"600\" height=\"400\" src=\"https:\/\/lumulu.de\/blog\/wp-content\/uploads\/2023\/06\/025.-AlbanienBerat-IMG_0250-7.jpg\" alt=\"\" class=\"wp-image-8960\" srcset=\"https:\/\/lumulu.de\/blog\/wp-content\/uploads\/2023\/06\/025.-AlbanienBerat-IMG_0250-7.jpg 600w, https:\/\/lumulu.de\/blog\/wp-content\/uploads\/2023\/06\/025.-AlbanienBerat-IMG_0250-7-300x200.jpg 300w\" sizes=\"(max-width: 600px) 100vw, 600px\" \/><\/figure>\n\n\n\n<p>&nbsp;<\/p>\n\n\n\n<figure class=\"wp-block-image size-large\"><img decoding=\"async\" width=\"600\" height=\"400\" src=\"https:\/\/lumulu.de\/blog\/wp-content\/uploads\/2023\/06\/025.-AlbanienBerat-IMG_0250-6.jpg\" alt=\"\" class=\"wp-image-8961\" srcset=\"https:\/\/lumulu.de\/blog\/wp-content\/uploads\/2023\/06\/025.-AlbanienBerat-IMG_0250-6.jpg 600w, https:\/\/lumulu.de\/blog\/wp-content\/uploads\/2023\/06\/025.-AlbanienBerat-IMG_0250-6-300x200.jpg 300w\" sizes=\"(max-width: 600px) 100vw, 600px\" \/><\/figure>\n\n\n\n<p>Die Festungsanlage ist sehr gut restauriert und unerwartet gro\u00df, da sich auch ein noch bewohntes Wohnviertel am Hang anschlie\u00dft. Die Besichtigung der Burganlage und vor allem der geniale Ausblick \u00fcber das umliegende Land k\u00f6nnen wir nur empfehlen. Einmalig.<\/p>\n\n\n\n<figure class=\"wp-block-image size-large\"><img decoding=\"async\" width=\"600\" height=\"400\" src=\"https:\/\/lumulu.de\/blog\/wp-content\/uploads\/2023\/06\/025.-AlbanienBerat-IMG_0250-10.jpg\" alt=\"\" class=\"wp-image-8962\" srcset=\"https:\/\/lumulu.de\/blog\/wp-content\/uploads\/2023\/06\/025.-AlbanienBerat-IMG_0250-10.jpg 600w, https:\/\/lumulu.de\/blog\/wp-content\/uploads\/2023\/06\/025.-AlbanienBerat-IMG_0250-10-300x200.jpg 300w\" sizes=\"(max-width: 600px) 100vw, 600px\" \/><\/figure>\n\n\n\n<figure class=\"wp-block-image size-large\"><img decoding=\"async\" width=\"600\" height=\"400\" src=\"https:\/\/lumulu.de\/blog\/wp-content\/uploads\/2023\/06\/025.-AlbanienBerat-IMG_0250-18.jpg\" alt=\"\" class=\"wp-image-8963\" srcset=\"https:\/\/lumulu.de\/blog\/wp-content\/uploads\/2023\/06\/025.-AlbanienBerat-IMG_0250-18.jpg 600w, https:\/\/lumulu.de\/blog\/wp-content\/uploads\/2023\/06\/025.-AlbanienBerat-IMG_0250-18-300x200.jpg 300w\" sizes=\"(max-width: 600px) 100vw, 600px\" \/><\/figure>\n\n\n\n<figure class=\"wp-block-image size-large\"><img decoding=\"async\" width=\"600\" height=\"400\" src=\"https:\/\/lumulu.de\/blog\/wp-content\/uploads\/2023\/06\/025.-AlbanienBerat-IMG_0250-15.jpg\" alt=\"\" class=\"wp-image-8964\" srcset=\"https:\/\/lumulu.de\/blog\/wp-content\/uploads\/2023\/06\/025.-AlbanienBerat-IMG_0250-15.jpg 600w, https:\/\/lumulu.de\/blog\/wp-content\/uploads\/2023\/06\/025.-AlbanienBerat-IMG_0250-15-300x200.jpg 300w\" sizes=\"(max-width: 600px) 100vw, 600px\" \/><\/figure>\n\n\n\n<figure class=\"wp-block-image size-large\"><img decoding=\"async\" width=\"600\" height=\"400\" src=\"https:\/\/lumulu.de\/blog\/wp-content\/uploads\/2023\/06\/025.-AlbanienBerat-IMG_0250-12.jpg\" alt=\"\" class=\"wp-image-8965\" srcset=\"https:\/\/lumulu.de\/blog\/wp-content\/uploads\/2023\/06\/025.-AlbanienBerat-IMG_0250-12.jpg 600w, https:\/\/lumulu.de\/blog\/wp-content\/uploads\/2023\/06\/025.-AlbanienBerat-IMG_0250-12-300x200.jpg 300w\" sizes=\"(max-width: 600px) 100vw, 600px\" \/><\/figure>\n\n\n\n<figure class=\"wp-block-image size-large\"><img decoding=\"async\" width=\"600\" height=\"400\" src=\"https:\/\/lumulu.de\/blog\/wp-content\/uploads\/2023\/06\/025.-AlbanienBerat-IMG_0250-16.jpg\" alt=\"\" class=\"wp-image-8966\" srcset=\"https:\/\/lumulu.de\/blog\/wp-content\/uploads\/2023\/06\/025.-AlbanienBerat-IMG_0250-16.jpg 600w, https:\/\/lumulu.de\/blog\/wp-content\/uploads\/2023\/06\/025.-AlbanienBerat-IMG_0250-16-300x200.jpg 300w\" sizes=\"(max-width: 600px) 100vw, 600px\" \/><\/figure>\n\n\n\n<figure class=\"wp-block-image size-large\"><img decoding=\"async\" width=\"600\" height=\"400\" src=\"https:\/\/lumulu.de\/blog\/wp-content\/uploads\/2023\/06\/025.-AlbanienBerat-IMG_0250-25.jpg\" alt=\"\" class=\"wp-image-8967\" srcset=\"https:\/\/lumulu.de\/blog\/wp-content\/uploads\/2023\/06\/025.-AlbanienBerat-IMG_0250-25.jpg 600w, https:\/\/lumulu.de\/blog\/wp-content\/uploads\/2023\/06\/025.-AlbanienBerat-IMG_0250-25-300x200.jpg 300w\" sizes=\"(max-width: 600px) 100vw, 600px\" \/><\/figure>\n\n\n\n<figure class=\"wp-block-image size-large\"><img decoding=\"async\" width=\"600\" height=\"400\" src=\"https:\/\/lumulu.de\/blog\/wp-content\/uploads\/2023\/06\/025.-AlbanienBerat-IMG_0250-43.jpg\" alt=\"\" class=\"wp-image-8968\" srcset=\"https:\/\/lumulu.de\/blog\/wp-content\/uploads\/2023\/06\/025.-AlbanienBerat-IMG_0250-43.jpg 600w, https:\/\/lumulu.de\/blog\/wp-content\/uploads\/2023\/06\/025.-AlbanienBerat-IMG_0250-43-300x200.jpg 300w\" sizes=\"(max-width: 600px) 100vw, 600px\" \/><\/figure>\n\n\n\n<figure class=\"wp-block-image size-large\"><img decoding=\"async\" width=\"600\" height=\"400\" src=\"https:\/\/lumulu.de\/blog\/wp-content\/uploads\/2023\/06\/025.-AlbanienBerat-IMG_0250-44.jpg\" alt=\"\" class=\"wp-image-8969\" srcset=\"https:\/\/lumulu.de\/blog\/wp-content\/uploads\/2023\/06\/025.-AlbanienBerat-IMG_0250-44.jpg 600w, https:\/\/lumulu.de\/blog\/wp-content\/uploads\/2023\/06\/025.-AlbanienBerat-IMG_0250-44-300x200.jpg 300w\" sizes=\"(max-width: 600px) 100vw, 600px\" \/><\/figure>\n\n\n\n<figure class=\"wp-block-image size-large\"><img decoding=\"async\" width=\"600\" height=\"400\" src=\"https:\/\/lumulu.de\/blog\/wp-content\/uploads\/2023\/06\/025.-AlbanienBerat-IMG_0250-46.jpg\" alt=\"\" class=\"wp-image-8970\" srcset=\"https:\/\/lumulu.de\/blog\/wp-content\/uploads\/2023\/06\/025.-AlbanienBerat-IMG_0250-46.jpg 600w, https:\/\/lumulu.de\/blog\/wp-content\/uploads\/2023\/06\/025.-AlbanienBerat-IMG_0250-46-300x200.jpg 300w\" sizes=\"(max-width: 600px) 100vw, 600px\" \/><\/figure>\n\n\n\n<p>Das alles macht nat\u00fcrlich hungrig und wir laufen wieder runter in die Stadt, um auf die historische Seite zu gelangen, wo die ber\u00fchmten Fenster zu sehen sind, um dort zu essen. Berat wird ja auch die \u201eStadt der tausend Fenster\u201c oder \u201edie Stadt der \u00fcbereinandergestapelten Fenster\u201c genannt. Ihr werdet gleich sehen warum.&nbsp;<\/p>\n\n\n\n<figure class=\"wp-block-image size-large\"><img decoding=\"async\" width=\"600\" height=\"400\" src=\"https:\/\/lumulu.de\/blog\/wp-content\/uploads\/2023\/06\/025.-AlbanienBerat-IMG_0250-55.jpg\" alt=\"\" class=\"wp-image-8971\" srcset=\"https:\/\/lumulu.de\/blog\/wp-content\/uploads\/2023\/06\/025.-AlbanienBerat-IMG_0250-55.jpg 600w, https:\/\/lumulu.de\/blog\/wp-content\/uploads\/2023\/06\/025.-AlbanienBerat-IMG_0250-55-300x200.jpg 300w\" sizes=\"(max-width: 600px) 100vw, 600px\" \/><\/figure>\n\n\n\n<figure class=\"wp-block-image size-large\"><img decoding=\"async\" width=\"600\" height=\"400\" src=\"https:\/\/lumulu.de\/blog\/wp-content\/uploads\/2023\/06\/025.-AlbanienBerat-IMG_0250-53.jpg\" alt=\"\" class=\"wp-image-8972\" srcset=\"https:\/\/lumulu.de\/blog\/wp-content\/uploads\/2023\/06\/025.-AlbanienBerat-IMG_0250-53.jpg 600w, https:\/\/lumulu.de\/blog\/wp-content\/uploads\/2023\/06\/025.-AlbanienBerat-IMG_0250-53-300x200.jpg 300w\" sizes=\"(max-width: 600px) 100vw, 600px\" \/><\/figure>\n\n\n\n<figure class=\"wp-block-image size-large\"><img decoding=\"async\" width=\"600\" height=\"400\" src=\"https:\/\/lumulu.de\/blog\/wp-content\/uploads\/2023\/06\/025.-AlbanienBerat-IMG_0250-74.jpg\" alt=\"\" class=\"wp-image-8973\" srcset=\"https:\/\/lumulu.de\/blog\/wp-content\/uploads\/2023\/06\/025.-AlbanienBerat-IMG_0250-74.jpg 600w, https:\/\/lumulu.de\/blog\/wp-content\/uploads\/2023\/06\/025.-AlbanienBerat-IMG_0250-74-300x200.jpg 300w\" sizes=\"(max-width: 600px) 100vw, 600px\" \/><\/figure>\n\n\n\n<figure class=\"wp-block-image size-large\"><img decoding=\"async\" width=\"600\" height=\"400\" src=\"https:\/\/lumulu.de\/blog\/wp-content\/uploads\/2023\/06\/025.-AlbanienBerat-IMG_0250-82.jpg\" alt=\"\" class=\"wp-image-8974\" srcset=\"https:\/\/lumulu.de\/blog\/wp-content\/uploads\/2023\/06\/025.-AlbanienBerat-IMG_0250-82.jpg 600w, https:\/\/lumulu.de\/blog\/wp-content\/uploads\/2023\/06\/025.-AlbanienBerat-IMG_0250-82-300x200.jpg 300w\" sizes=\"(max-width: 600px) 100vw, 600px\" \/><\/figure>\n\n\n\n<p>Wie erwartet finden wir dort ein sehr nettes, kleines, am Hang gebautes Lokal, wo wir ein Pl\u00e4tzchen mit Blick auf die andere Seite des Flusses ergattern. Wie gut, dass unser Platz ein wenig \u00fcberdacht ist, denn leider kommt der t\u00e4gliche Regenschauer gerade jetzt ausgesprochen heftig und auch noch genau als unser Essen kam, sodass der Ober auf dem Weg von der K\u00fcche zu unserem Tisch v\u00f6llig durchn\u00e4sst war. Um uns noch mehr vor dem Regen zu sch\u00fctzen haben wir unseren Regenschirm aufgespannt und auf den Tisch gelegt. Alle G\u00e4ste haben sich \u00e4hnlich versucht zu sch\u00fctzen, keiner ist gegangen. Die Situation war ziemlich witzig.<\/p>\n\n\n\n<figure class=\"wp-block-image size-large\"><img decoding=\"async\" width=\"600\" height=\"400\" src=\"https:\/\/lumulu.de\/blog\/wp-content\/uploads\/2023\/06\/025.-AlbanienBerat-IMG_0250-65.jpg\" alt=\"\" class=\"wp-image-8975\" srcset=\"https:\/\/lumulu.de\/blog\/wp-content\/uploads\/2023\/06\/025.-AlbanienBerat-IMG_0250-65.jpg 600w, https:\/\/lumulu.de\/blog\/wp-content\/uploads\/2023\/06\/025.-AlbanienBerat-IMG_0250-65-300x200.jpg 300w\" sizes=\"(max-width: 600px) 100vw, 600px\" \/><\/figure>\n\n\n\n<figure class=\"wp-block-image size-large is-resized\"><img decoding=\"async\" src=\"https:\/\/lumulu.de\/blog\/wp-content\/uploads\/2023\/06\/025.-AlbanienBerat-IMG-20230601-WA0008-3.jpg\" alt=\"\" class=\"wp-image-8976\" width=\"345\" height=\"460\" srcset=\"https:\/\/lumulu.de\/blog\/wp-content\/uploads\/2023\/06\/025.-AlbanienBerat-IMG-20230601-WA0008-3.jpg 400w, https:\/\/lumulu.de\/blog\/wp-content\/uploads\/2023\/06\/025.-AlbanienBerat-IMG-20230601-WA0008-3-225x300.jpg 225w\" sizes=\"(max-width: 345px) 100vw, 345px\" \/><\/figure>\n\n\n\n<p>Die beiden Wohnviertel links und rechts des Flusses (eines fr\u00fcher muslimisch, das andere christlich, was sich inzwischen wohl vermischt hat) gehen \u00fcbrigens auf die osmanische Zeit zur\u00fcck. Leider wurden sie 1851 bei einem Erdbeben stark zerst\u00f6rt, dann aber wieder aufgebaut und 1961 von der kommunistischen Regierung zur Museumsstadt erkl\u00e4rt. Jetzt steht f\u00fcr uns noch ein Bummel durch die steilen, engen Gassen des christlichen Teiles \u00fcber dem Flu\u00df Osum an, f\u00fcr uns ein Bummel in eine l\u00e4ngst vergangene Welt.<\/p>\n\n\n\n<figure class=\"wp-block-image size-large\"><img decoding=\"async\" width=\"600\" height=\"400\" src=\"https:\/\/lumulu.de\/blog\/wp-content\/uploads\/2023\/06\/025.-AlbanienBerat-IMG_0250-80.jpg\" alt=\"\" class=\"wp-image-8977\" srcset=\"https:\/\/lumulu.de\/blog\/wp-content\/uploads\/2023\/06\/025.-AlbanienBerat-IMG_0250-80.jpg 600w, https:\/\/lumulu.de\/blog\/wp-content\/uploads\/2023\/06\/025.-AlbanienBerat-IMG_0250-80-300x200.jpg 300w\" sizes=\"(max-width: 600px) 100vw, 600px\" \/><\/figure>\n\n\n\n<figure class=\"wp-block-image size-large\"><img decoding=\"async\" width=\"600\" height=\"400\" src=\"https:\/\/lumulu.de\/blog\/wp-content\/uploads\/2023\/06\/025.-AlbanienBerat-IMG_0250-75.jpg\" alt=\"\" class=\"wp-image-9019\" srcset=\"https:\/\/lumulu.de\/blog\/wp-content\/uploads\/2023\/06\/025.-AlbanienBerat-IMG_0250-75.jpg 600w, https:\/\/lumulu.de\/blog\/wp-content\/uploads\/2023\/06\/025.-AlbanienBerat-IMG_0250-75-300x200.jpg 300w\" sizes=\"(max-width: 600px) 100vw, 600px\" \/><\/figure>\n\n\n\n<figure class=\"wp-block-image size-large\"><img decoding=\"async\" width=\"600\" height=\"400\" src=\"https:\/\/lumulu.de\/blog\/wp-content\/uploads\/2023\/06\/025.-AlbanienBerat-IMG_0250-77.jpg\" alt=\"\" class=\"wp-image-9020\" srcset=\"https:\/\/lumulu.de\/blog\/wp-content\/uploads\/2023\/06\/025.-AlbanienBerat-IMG_0250-77.jpg 600w, https:\/\/lumulu.de\/blog\/wp-content\/uploads\/2023\/06\/025.-AlbanienBerat-IMG_0250-77-300x200.jpg 300w\" sizes=\"(max-width: 600px) 100vw, 600px\" \/><\/figure>\n\n\n\n<p>Wir hatten uns inzwischen nochmal nach dem Weg in die Schlucht erkundigt und erfahren, dass es von hier aus einen asphaltierten Weg dorthin gibt. So starten wir die Planung, auch f\u00fcr den n\u00e4chsten Tag und merken wiederum, dass es doch wichtig w\u00e4re, eine Landkarte von Albanien in H\u00e4nden zu haben. Google Maps ist ja super, aber f\u00fcr einen \u00dcberblick ist einen Karte doch besser. So fahren wir nochmal in die Stadt und entdecken dabei die geschmackvoll angelegte Fu\u00dfg\u00e4ngerzone mit Restaurants. Sehr sch\u00f6n zum Flanieren.&nbsp;<\/p>\n\n\n\n<div class=\"wp-block-image is-style-rounded\"><figure class=\"aligncenter size-large is-resized\"><img decoding=\"async\" src=\"https:\/\/lumulu.de\/blog\/wp-content\/uploads\/2023\/06\/025.-Berat-IMG_0327-4.jpg\" alt=\"\" class=\"wp-image-8978\" width=\"343\" height=\"514\" srcset=\"https:\/\/lumulu.de\/blog\/wp-content\/uploads\/2023\/06\/025.-Berat-IMG_0327-4.jpg 400w, https:\/\/lumulu.de\/blog\/wp-content\/uploads\/2023\/06\/025.-Berat-IMG_0327-4-200x300.jpg 200w\" sizes=\"(max-width: 343px) 100vw, 343px\" \/><\/figure><\/div>\n\n\n\n<p>Aber wir halten ja Ausschau nach einer B\u00fccherei und haben tats\u00e4chlich das Gl\u00fcck sofort eine zu finden, die genau die Landkarten hat, die wir, also Paul, haben m\u00f6chte\/n. Bei einem Blick hinein lernen wir auch die Bezeichnungen der ja immer farbig gestalteten Stra\u00dfen. Die roten sind, je nach Dicke die Autobahn, \u201adas prim\u00e4re Stra\u00dfennetz\u2018, \u201adas Nebenstra\u00dfennetz\u2018, eher orange ist \u201adas Andere Stra\u00dfennetz\u2018 und gelb ist der \u201aHauptfeldweg\u2018. Jetzt wissen wir auch, dass wir bei unserer Abk\u00fcrzung im S\u00fcden \u00fcber die unerwartete Schotterpiste, die ja gelb eingezeichnet war, auf einem Hauptfeldweg gefahren sind. \ud83d\ude09<\/p>\n\n\n\n<p>Nat\u00fcrlich ist nur das touristisch interessante restauriert, die Geb\u00e4ude in den Seitenstra\u00dfen, die wir oftmals fahren, sehen noch anders aus.<\/p>\n\n\n\n<figure class=\"wp-block-image size-large\"><img decoding=\"async\" width=\"600\" height=\"400\" src=\"https:\/\/lumulu.de\/blog\/wp-content\/uploads\/2023\/06\/025.-AlbanienBerat-IMG_0250-2.jpg\" alt=\"\" class=\"wp-image-9004\" srcset=\"https:\/\/lumulu.de\/blog\/wp-content\/uploads\/2023\/06\/025.-AlbanienBerat-IMG_0250-2.jpg 600w, https:\/\/lumulu.de\/blog\/wp-content\/uploads\/2023\/06\/025.-AlbanienBerat-IMG_0250-2-300x200.jpg 300w\" sizes=\"(max-width: 600px) 100vw, 600px\" \/><\/figure>\n\n\n\n<figure class=\"wp-block-image size-large\"><img decoding=\"async\" width=\"600\" height=\"400\" src=\"https:\/\/lumulu.de\/blog\/wp-content\/uploads\/2023\/06\/025.-AlbanienBerat-IMG_0250-5.jpg\" alt=\"\" class=\"wp-image-9005\" srcset=\"https:\/\/lumulu.de\/blog\/wp-content\/uploads\/2023\/06\/025.-AlbanienBerat-IMG_0250-5.jpg 600w, https:\/\/lumulu.de\/blog\/wp-content\/uploads\/2023\/06\/025.-AlbanienBerat-IMG_0250-5-300x200.jpg 300w\" sizes=\"(max-width: 600px) 100vw, 600px\" \/><\/figure>\n\n\n\n<p>Viele Menschen, die uns unterwegs begegnen, winken uns zu. Egal ob im Wohnmobil oder zu Fu\u00df.<\/p>\n\n\n\n<figure class=\"wp-block-image size-large\"><img decoding=\"async\" width=\"600\" height=\"400\" src=\"https:\/\/lumulu.de\/blog\/wp-content\/uploads\/2023\/06\/026.-Berat-in-der-Osum-Schlucht-IMG_0321-17.jpg\" alt=\"\" class=\"wp-image-8992\" srcset=\"https:\/\/lumulu.de\/blog\/wp-content\/uploads\/2023\/06\/026.-Berat-in-der-Osum-Schlucht-IMG_0321-17.jpg 600w, https:\/\/lumulu.de\/blog\/wp-content\/uploads\/2023\/06\/026.-Berat-in-der-Osum-Schlucht-IMG_0321-17-300x200.jpg 300w\" sizes=\"(max-width: 600px) 100vw, 600px\" \/><\/figure>\n\n\n\n<p>Der Weg in die Osum-Schlucht ist wirklich gut zu fahren, asphaltiert und bietet in gro\u00dfen Teilen herrliche Einblicke. Sie ist \u00fcber weite Strecken breiter als erwartet und so sind wir eher ein wenig entt\u00e4uscht. \u00dcberraschenderweise entdecken wir doch noch eine M\u00f6glichkeit, zu der viel gepriesenen und als spektakul\u00e4r bezeichneten Stahlbr\u00fccke zu kommen, indem wir noch ein St\u00fcck zu Fu\u00df hinunter liefen. Schilder gibt es hier &#8211; weder als Wegweiser auf der Stra\u00dfe noch als Wegweiser zu der Br\u00fccke &#8211; nicht. Es ist immer ein Miteinander mit anderen Reisenden, die Highlights aufgrund entsprechender Tipps zu finden.&nbsp;<\/p>\n\n\n\n<figure class=\"wp-block-image size-large\"><img decoding=\"async\" width=\"600\" height=\"400\" src=\"https:\/\/lumulu.de\/blog\/wp-content\/uploads\/2023\/06\/026.-Berat-in-der-Osum-Schlucht-IMG_0321-45.jpg\" alt=\"\" class=\"wp-image-8983\" srcset=\"https:\/\/lumulu.de\/blog\/wp-content\/uploads\/2023\/06\/026.-Berat-in-der-Osum-Schlucht-IMG_0321-45.jpg 600w, https:\/\/lumulu.de\/blog\/wp-content\/uploads\/2023\/06\/026.-Berat-in-der-Osum-Schlucht-IMG_0321-45-300x200.jpg 300w\" sizes=\"(max-width: 600px) 100vw, 600px\" \/><\/figure>\n\n\n\n<p>Vielleicht haben wir ja schon zu viele spektakul\u00e4re Br\u00fccken gesehen, aber hier waren wir dann doch \u00fcberrascht, dass sie in Reisef\u00fchrern so herausgestellt wurde.<\/p>\n\n\n\n<figure class=\"wp-block-image size-large\"><img decoding=\"async\" width=\"600\" height=\"400\" src=\"https:\/\/lumulu.de\/blog\/wp-content\/uploads\/2023\/06\/026.-Berat-in-der-Osum-Schlucht-IMG_0321-53.jpg\" alt=\"\" class=\"wp-image-8981\" srcset=\"https:\/\/lumulu.de\/blog\/wp-content\/uploads\/2023\/06\/026.-Berat-in-der-Osum-Schlucht-IMG_0321-53.jpg 600w, https:\/\/lumulu.de\/blog\/wp-content\/uploads\/2023\/06\/026.-Berat-in-der-Osum-Schlucht-IMG_0321-53-300x200.jpg 300w\" sizes=\"(max-width: 600px) 100vw, 600px\" \/><\/figure>\n\n\n\n<figure class=\"wp-block-image size-large\"><img decoding=\"async\" width=\"600\" height=\"400\" src=\"https:\/\/lumulu.de\/blog\/wp-content\/uploads\/2023\/06\/026.-Berat-in-der-Osum-Schlucht-IMG_0321-52.jpg\" alt=\"\" class=\"wp-image-8982\" srcset=\"https:\/\/lumulu.de\/blog\/wp-content\/uploads\/2023\/06\/026.-Berat-in-der-Osum-Schlucht-IMG_0321-52.jpg 600w, https:\/\/lumulu.de\/blog\/wp-content\/uploads\/2023\/06\/026.-Berat-in-der-Osum-Schlucht-IMG_0321-52-300x200.jpg 300w\" sizes=\"(max-width: 600px) 100vw, 600px\" \/><\/figure>\n\n\n\n<figure class=\"wp-block-image size-large\"><img decoding=\"async\" width=\"600\" height=\"400\" src=\"https:\/\/lumulu.de\/blog\/wp-content\/uploads\/2023\/06\/026.-Berat-in-der-Osum-Schlucht-IMG_0321-30.jpg\" alt=\"\" class=\"wp-image-8986\" srcset=\"https:\/\/lumulu.de\/blog\/wp-content\/uploads\/2023\/06\/026.-Berat-in-der-Osum-Schlucht-IMG_0321-30.jpg 600w, https:\/\/lumulu.de\/blog\/wp-content\/uploads\/2023\/06\/026.-Berat-in-der-Osum-Schlucht-IMG_0321-30-300x200.jpg 300w\" sizes=\"(max-width: 600px) 100vw, 600px\" \/><\/figure>\n\n\n\n<figure class=\"wp-block-image size-large\"><img decoding=\"async\" width=\"600\" height=\"400\" src=\"https:\/\/lumulu.de\/blog\/wp-content\/uploads\/2023\/06\/026.-Berat-in-der-Osum-Schlucht-IMG_0321-38.jpg\" alt=\"\" class=\"wp-image-8987\" srcset=\"https:\/\/lumulu.de\/blog\/wp-content\/uploads\/2023\/06\/026.-Berat-in-der-Osum-Schlucht-IMG_0321-38.jpg 600w, https:\/\/lumulu.de\/blog\/wp-content\/uploads\/2023\/06\/026.-Berat-in-der-Osum-Schlucht-IMG_0321-38-300x200.jpg 300w\" sizes=\"(max-width: 600px) 100vw, 600px\" \/><\/figure>\n\n\n\n<p>Wir haben gelesen, dass man sich hier oben mit dem Wohnmobil an eine Kneipe stellen kann, deren Besitzer auch Strom und Dusche anbietet. Das nehmen wir gerne an, noch dazu, da genau an dieser Stelle ein Sky-Walk \u00fcber der Schlucht gebaut ist, der uns nicht nur einen tollen Blick in die Tiefe erlaubt, sondern uns auch den Blick in einen herrlichen Sonnenuntergang beschert.<\/p>\n\n\n\n<figure class=\"wp-block-image size-large\"><img decoding=\"async\" width=\"710\" height=\"400\" src=\"https:\/\/lumulu.de\/blog\/wp-content\/uploads\/2023\/06\/026.-Berat-in-der-Osum-Schlucht-20230602_200325-8.jpg\" alt=\"\" class=\"wp-image-8985\" srcset=\"https:\/\/lumulu.de\/blog\/wp-content\/uploads\/2023\/06\/026.-Berat-in-der-Osum-Schlucht-20230602_200325-8.jpg 710w, https:\/\/lumulu.de\/blog\/wp-content\/uploads\/2023\/06\/026.-Berat-in-der-Osum-Schlucht-20230602_200325-8-300x169.jpg 300w\" sizes=\"(max-width: 710px) 100vw, 710px\" \/><\/figure>\n\n\n\n<p>Die Rezeption ist typisch albanisch, herrlich gem\u00fctlich und ohne Office, und die H\u00fchner und Katzen laufen durchs \u201eRestaurant\u201c. Manchmal auch die Stra\u00dfenhunde.&nbsp;<\/p>\n\n\n\n<figure class=\"wp-block-image size-large\"><img decoding=\"async\" width=\"710\" height=\"400\" src=\"https:\/\/lumulu.de\/blog\/wp-content\/uploads\/2023\/06\/026.-Berat-in-der-Osum-Schlucht-20230602_200325-2.jpg\" alt=\"\" class=\"wp-image-8979\" srcset=\"https:\/\/lumulu.de\/blog\/wp-content\/uploads\/2023\/06\/026.-Berat-in-der-Osum-Schlucht-20230602_200325-2.jpg 710w, https:\/\/lumulu.de\/blog\/wp-content\/uploads\/2023\/06\/026.-Berat-in-der-Osum-Schlucht-20230602_200325-2-300x169.jpg 300w\" sizes=\"(max-width: 710px) 100vw, 710px\" \/><\/figure>\n\n\n\n<figure class=\"wp-block-image size-large\"><img decoding=\"async\" width=\"710\" height=\"400\" src=\"https:\/\/lumulu.de\/blog\/wp-content\/uploads\/2023\/06\/026.-Berat-in-der-Osum-Schlucht-20230602_200325-4.jpg\" alt=\"\" class=\"wp-image-8984\" srcset=\"https:\/\/lumulu.de\/blog\/wp-content\/uploads\/2023\/06\/026.-Berat-in-der-Osum-Schlucht-20230602_200325-4.jpg 710w, https:\/\/lumulu.de\/blog\/wp-content\/uploads\/2023\/06\/026.-Berat-in-der-Osum-Schlucht-20230602_200325-4-300x169.jpg 300w\" sizes=\"(max-width: 710px) 100vw, 710px\" \/><\/figure>\n\n\n\n<p>Nach so viel Natur brauchen wir unbedingt wieder etwas Stadtluft. Auf nach Tirana, der Hauptstadt Albaniens! Wir bekamen den Tipp, unbedingt einen Campingplatz zu reservieren, da dort nicht sehr viele Pl\u00e4tze seien. Gesagt, getan. Der Besitzer meinte, wir m\u00fcssten mit unserem gro\u00dfen Wohnmobil auf den gr\u00f6\u00dferen Platz. Okay. Kein Problem. Dachten wir. Nachdem die Stra\u00dfen, die teilweise vierspurig ausgebaut sind, soweit okay waren (also zumindest, wenn man auf der linken Fahrspur f\u00e4hrt ;)), mussten wir pl\u00f6tzlich von diesem \u201eHighway\u201c direkt in die Pampa auf die Schlagloch-Piste abbiegen. Rumpelnd und schaukelnd, auf zum Schlu\u00df steil ansteigender Schotterpiste, erstreckt sich pl\u00f6tzlich nach einem H\u00fcgel vor uns ein riesiger, herrlicher Stausee &#8211; und: der Campingplatz. Idylle pur. Diese mussten wir ein wenig st\u00f6ren, denn hier musste der Roller aus seiner Garage &#8211; und wir nutzten auch das sonnige Wetter f\u00fcr eine kleine W\u00e4sche, in der Hoffnung, dass das t\u00e4gliche Gewitter erst am Abend kommt.<\/p>\n\n\n\n<figure class=\"wp-block-image size-large\"><img decoding=\"async\" width=\"710\" height=\"400\" src=\"https:\/\/lumulu.de\/blog\/wp-content\/uploads\/2023\/06\/027.-Tirana-CP-Tirana-in-Kashar-15-km-vor-Tirana-20230605_104152-7.jpg\" alt=\"\" class=\"wp-image-8990\" srcset=\"https:\/\/lumulu.de\/blog\/wp-content\/uploads\/2023\/06\/027.-Tirana-CP-Tirana-in-Kashar-15-km-vor-Tirana-20230605_104152-7.jpg 710w, https:\/\/lumulu.de\/blog\/wp-content\/uploads\/2023\/06\/027.-Tirana-CP-Tirana-in-Kashar-15-km-vor-Tirana-20230605_104152-7-300x169.jpg 300w\" sizes=\"(max-width: 710px) 100vw, 710px\" \/><\/figure>\n\n\n\n<p>W\u00e4hrend wir vor Ort waren wurde gerade der Steg neu gemacht. Wir waren mit die Ersten, die auf den neuen Holzdielen laufen durften.<\/p>\n\n\n\n<div class=\"wp-block-image is-style-rounded\"><figure class=\"aligncenter size-large is-resized\"><img decoding=\"async\" src=\"https:\/\/lumulu.de\/blog\/wp-content\/uploads\/2023\/06\/027.-Tirana-CP-Tirana-in-Kashar-15-km-vor-Tirana-20230605_103951.jpg\" alt=\"\" class=\"wp-image-8991\" width=\"467\" height=\"263\" srcset=\"https:\/\/lumulu.de\/blog\/wp-content\/uploads\/2023\/06\/027.-Tirana-CP-Tirana-in-Kashar-15-km-vor-Tirana-20230605_103951.jpg 710w, https:\/\/lumulu.de\/blog\/wp-content\/uploads\/2023\/06\/027.-Tirana-CP-Tirana-in-Kashar-15-km-vor-Tirana-20230605_103951-300x169.jpg 300w\" sizes=\"(max-width: 467px) 100vw, 467px\" \/><\/figure><\/div>\n\n\n\n<p>Unser Ausflug mit dem Roller nach Tirana, ca. 15km entfernt, war einfacher als erwartet. Die Zufahrtsstra\u00dfe f\u00fchrt direkt ins Zentrum und die Schlagl\u00f6cher waren (fast) verschwunden. Die Gro\u00dfstadt wirft ihre Schatten voraus. Der Parkplatz kurz vor dem Skanderberg-Platz ist perfekt und so stehen wir kurze Zeit sp\u00e4ter auf diesem ber\u00fchmten Platz vor dem historischen Nationalmuseum mit seinem riesigen Mosaik im realsozialistischen Stil (1981). Nicht nur das Geb\u00e4ude zieht uns in seinen Bann, nein, vor allem die ungew\u00f6hnliche W\u00f6lbung der Oberfl\u00e4che des Platzes. Nirgends finden wir eine Begr\u00fcndung f\u00fcr diese W\u00f6lbung, vielleicht hat sie mit der unterirdischen Bunkeranlage zu tun, deren R\u00e4umlichkeiten als Museum aufbereitet sind und die wir sp\u00e4ter noch besucht haben.<\/p>\n\n\n\n<figure class=\"wp-block-image size-large\"><img decoding=\"async\" width=\"600\" height=\"400\" src=\"https:\/\/lumulu.de\/blog\/wp-content\/uploads\/2023\/06\/027.-Tirana-Hauptstadt-von-Albanien-IMG_0341-9.jpg\" alt=\"\" class=\"wp-image-8997\" srcset=\"https:\/\/lumulu.de\/blog\/wp-content\/uploads\/2023\/06\/027.-Tirana-Hauptstadt-von-Albanien-IMG_0341-9.jpg 600w, https:\/\/lumulu.de\/blog\/wp-content\/uploads\/2023\/06\/027.-Tirana-Hauptstadt-von-Albanien-IMG_0341-9-300x200.jpg 300w\" sizes=\"(max-width: 600px) 100vw, 600px\" \/><\/figure>\n\n\n\n<figure class=\"wp-block-image size-large\"><img decoding=\"async\" width=\"600\" height=\"400\" src=\"https:\/\/lumulu.de\/blog\/wp-content\/uploads\/2023\/06\/027.-Tirana-Hauptstadt-von-Albanien-IMG_0341-41.jpg\" alt=\"\" class=\"wp-image-9006\" srcset=\"https:\/\/lumulu.de\/blog\/wp-content\/uploads\/2023\/06\/027.-Tirana-Hauptstadt-von-Albanien-IMG_0341-41.jpg 600w, https:\/\/lumulu.de\/blog\/wp-content\/uploads\/2023\/06\/027.-Tirana-Hauptstadt-von-Albanien-IMG_0341-41-300x200.jpg 300w\" sizes=\"(max-width: 600px) 100vw, 600px\" \/><\/figure>\n\n\n\n<p>Das Museum, Bunk\u2018Art2, beinhaltet seit 2016 eine Ausstellung \u00fcber die Geschehnisse w\u00e4hrend der kommunistischen Diktatur von 1944 bis 1991. Bilder hierzu finden wir f\u00fcr unseren Blog nicht angemessen, darum sei es einfach so erw\u00e4hnt.<\/p>\n\n\n\n<p>Der Kulturpalast, die Moschee, der Uhrturm und die Paulus-Kathedrale sind die Highlights, mitsamt dem Hintergrund auch geniale Fotomotive f\u00fcr Paul.<\/p>\n\n\n\n<figure class=\"wp-block-image size-large\"><img decoding=\"async\" width=\"600\" height=\"400\" src=\"https:\/\/lumulu.de\/blog\/wp-content\/uploads\/2023\/06\/027.-Tirana-Hauptstadt-von-Albanien-IMG_0341-45.jpg\" alt=\"\" class=\"wp-image-8994\" srcset=\"https:\/\/lumulu.de\/blog\/wp-content\/uploads\/2023\/06\/027.-Tirana-Hauptstadt-von-Albanien-IMG_0341-45.jpg 600w, https:\/\/lumulu.de\/blog\/wp-content\/uploads\/2023\/06\/027.-Tirana-Hauptstadt-von-Albanien-IMG_0341-45-300x200.jpg 300w\" sizes=\"(max-width: 600px) 100vw, 600px\" \/><\/figure>\n\n\n\n<figure class=\"wp-block-image size-large\"><img decoding=\"async\" width=\"600\" height=\"400\" src=\"https:\/\/lumulu.de\/blog\/wp-content\/uploads\/2023\/06\/027.-Tirana-Hauptstadt-von-Albanien-IMG_0341-46.jpg\" alt=\"\" class=\"wp-image-8993\" srcset=\"https:\/\/lumulu.de\/blog\/wp-content\/uploads\/2023\/06\/027.-Tirana-Hauptstadt-von-Albanien-IMG_0341-46.jpg 600w, https:\/\/lumulu.de\/blog\/wp-content\/uploads\/2023\/06\/027.-Tirana-Hauptstadt-von-Albanien-IMG_0341-46-300x200.jpg 300w\" sizes=\"(max-width: 600px) 100vw, 600px\" \/><\/figure>\n\n\n\n<figure class=\"wp-block-image size-large\"><img decoding=\"async\" width=\"600\" height=\"400\" src=\"https:\/\/lumulu.de\/blog\/wp-content\/uploads\/2023\/06\/027.-Tirana-Hauptstadt-von-Albanien-IMG_0341-4.jpg\" alt=\"\" class=\"wp-image-8995\" srcset=\"https:\/\/lumulu.de\/blog\/wp-content\/uploads\/2023\/06\/027.-Tirana-Hauptstadt-von-Albanien-IMG_0341-4.jpg 600w, https:\/\/lumulu.de\/blog\/wp-content\/uploads\/2023\/06\/027.-Tirana-Hauptstadt-von-Albanien-IMG_0341-4-300x200.jpg 300w\" sizes=\"(max-width: 600px) 100vw, 600px\" \/><\/figure>\n\n\n\n<div class=\"wp-block-image is-style-rounded\"><figure class=\"aligncenter size-large is-resized\"><img decoding=\"async\" src=\"https:\/\/lumulu.de\/blog\/wp-content\/uploads\/2023\/06\/027.-Tirana-Hauptstadt-von-Albanien-IMG_0341-40.jpg\" alt=\"\" class=\"wp-image-8996\" width=\"337\" height=\"506\" srcset=\"https:\/\/lumulu.de\/blog\/wp-content\/uploads\/2023\/06\/027.-Tirana-Hauptstadt-von-Albanien-IMG_0341-40.jpg 400w, https:\/\/lumulu.de\/blog\/wp-content\/uploads\/2023\/06\/027.-Tirana-Hauptstadt-von-Albanien-IMG_0341-40-200x300.jpg 200w\" sizes=\"(max-width: 337px) 100vw, 337px\" \/><\/figure><\/div>\n\n\n\n<p>Denkm\u00e4ler gibt es sehr viele in Albanien. Hier in Tirana z.B. das Reiterdenkmal, in Berat war es ein sehr modern wirkendes Denkmal. Die Geschichen hinter diesen Denkm\u00e4lern haben wir nicht erforscht.<\/p>\n\n\n\n<figure class=\"wp-block-image size-large\"><img decoding=\"async\" width=\"600\" height=\"400\" src=\"https:\/\/lumulu.de\/blog\/wp-content\/uploads\/2023\/06\/027.-Tirana-Hauptstadt-von-Albanien-IMG_0341-10.jpg\" alt=\"\" class=\"wp-image-8998\" srcset=\"https:\/\/lumulu.de\/blog\/wp-content\/uploads\/2023\/06\/027.-Tirana-Hauptstadt-von-Albanien-IMG_0341-10.jpg 600w, https:\/\/lumulu.de\/blog\/wp-content\/uploads\/2023\/06\/027.-Tirana-Hauptstadt-von-Albanien-IMG_0341-10-300x200.jpg 300w\" sizes=\"(max-width: 600px) 100vw, 600px\" \/><\/figure>\n\n\n\n<figure class=\"wp-block-image size-large\"><img decoding=\"async\" width=\"600\" height=\"400\" src=\"https:\/\/lumulu.de\/blog\/wp-content\/uploads\/2023\/06\/025.-AlbanienBerat-IMG_0250-50.jpg\" alt=\"\" class=\"wp-image-8999\" srcset=\"https:\/\/lumulu.de\/blog\/wp-content\/uploads\/2023\/06\/025.-AlbanienBerat-IMG_0250-50.jpg 600w, https:\/\/lumulu.de\/blog\/wp-content\/uploads\/2023\/06\/025.-AlbanienBerat-IMG_0250-50-300x200.jpg 300w\" sizes=\"(max-width: 600px) 100vw, 600px\" \/><\/figure>\n\n\n\n<figure class=\"wp-block-image size-large\"><img decoding=\"async\" width=\"600\" height=\"400\" src=\"https:\/\/lumulu.de\/blog\/wp-content\/uploads\/2023\/06\/027.-Tirana-Hauptstadt-von-Albanien-IMG_0341-3.jpg\" alt=\"\" class=\"wp-image-9003\" srcset=\"https:\/\/lumulu.de\/blog\/wp-content\/uploads\/2023\/06\/027.-Tirana-Hauptstadt-von-Albanien-IMG_0341-3.jpg 600w, https:\/\/lumulu.de\/blog\/wp-content\/uploads\/2023\/06\/027.-Tirana-Hauptstadt-von-Albanien-IMG_0341-3-300x200.jpg 300w\" sizes=\"(max-width: 600px) 100vw, 600px\" \/><\/figure>\n\n\n\n<p>Nach einem kleinen Einkauf von Trockenfr\u00fcchten auf dem Markt sa\u00dfen wir noch eine Weile in einem kleinen Restaurant &#8211; und zusehends verdunkelte sich mal wieder der Himmel. Und t\u00e4glich gr\u00fc\u00dft das Murmeltier, das t\u00e4gliche Gewitter braut sich \u00fcber unseren K\u00f6pfen zusammen, eine Schauerwolke entl\u00e4dt sich kurz und obwohl wir nach unserem anschlie\u00dfenden Museumsbesuch wieder trockenen Fu\u00dfes durch die Stadt laufen k\u00f6nnen, treten wir lieber den R\u00fcckweg an. Einerseits, weil wir nicht bei Regen \u201arollern\u2018 und andererseits auch unsere W\u00e4sche vielleicht noch trocken in den Schrank bringen wollen. Kurzum: es hat geklappt und so konnten wir den Tag noch im Sonnenschein mit Blick auf den See ausklingen lassen.<\/p>\n\n\n\n<figure class=\"wp-block-image size-large\"><img decoding=\"async\" width=\"600\" height=\"400\" src=\"https:\/\/lumulu.de\/blog\/wp-content\/uploads\/2023\/06\/027.-Tirana-Hauptstadt-von-Albanien-IMG_0341-19.jpg\" alt=\"\" class=\"wp-image-9000\" srcset=\"https:\/\/lumulu.de\/blog\/wp-content\/uploads\/2023\/06\/027.-Tirana-Hauptstadt-von-Albanien-IMG_0341-19.jpg 600w, https:\/\/lumulu.de\/blog\/wp-content\/uploads\/2023\/06\/027.-Tirana-Hauptstadt-von-Albanien-IMG_0341-19-300x200.jpg 300w\" sizes=\"(max-width: 600px) 100vw, 600px\" \/><\/figure>\n\n\n\n<figure class=\"wp-block-image size-large\"><img decoding=\"async\" width=\"600\" height=\"400\" src=\"https:\/\/lumulu.de\/blog\/wp-content\/uploads\/2023\/06\/027.-Tirana-Hauptstadt-von-Albanien-IMG_0341-15.jpg\" alt=\"\" class=\"wp-image-9001\" srcset=\"https:\/\/lumulu.de\/blog\/wp-content\/uploads\/2023\/06\/027.-Tirana-Hauptstadt-von-Albanien-IMG_0341-15.jpg 600w, https:\/\/lumulu.de\/blog\/wp-content\/uploads\/2023\/06\/027.-Tirana-Hauptstadt-von-Albanien-IMG_0341-15-300x200.jpg 300w\" sizes=\"(max-width: 600px) 100vw, 600px\" \/><\/figure>\n\n\n\n<figure class=\"wp-block-image size-large\"><img decoding=\"async\" width=\"600\" height=\"400\" src=\"https:\/\/lumulu.de\/blog\/wp-content\/uploads\/2023\/06\/027.-Tirana-Hauptstadt-von-Albanien-IMG_0341-25.jpg\" alt=\"\" class=\"wp-image-9002\" srcset=\"https:\/\/lumulu.de\/blog\/wp-content\/uploads\/2023\/06\/027.-Tirana-Hauptstadt-von-Albanien-IMG_0341-25.jpg 600w, https:\/\/lumulu.de\/blog\/wp-content\/uploads\/2023\/06\/027.-Tirana-Hauptstadt-von-Albanien-IMG_0341-25-300x200.jpg 300w\" sizes=\"(max-width: 600px) 100vw, 600px\" \/><\/figure>\n\n\n\n<p>Ein oder zwei Tage am Meer tun der Seele gut und nat\u00fcrlich wollen wir auch das albanische Strandleben kennenlernen. Das tun wir n\u00f6rdlich von Durr\u00ebs. Wir haben uns sagen lassen, dass es im S\u00fcden die sch\u00f6neren Str\u00e4nde gibt, aber auch hier be- und entsteht ein lebendiges (!!) Urlauber-Paradies. Die edlen Hotels und Ferienwohnungen und vielen Strandrestaurants sprie\u00dfen in Massen aus dem Boden und wir sind sicher, dass es hier in ein oder zwei Jahren kaum noch ein Pl\u00e4tzchen am zwar sehr langen, aber ziemlich schmalen Strand geben wird. F\u00fcr uns war diesmal noch Platz genug, wir genie\u00dfen den direkten St(r)andplatz am Meer.<\/p>\n\n\n\n<figure class=\"wp-block-image size-large\"><img decoding=\"async\" width=\"710\" height=\"400\" src=\"https:\/\/lumulu.de\/blog\/wp-content\/uploads\/2023\/06\/029.Strant-in-Shengjin-Albanien-20230605_182547-2.jpg\" alt=\"\" class=\"wp-image-9007\" srcset=\"https:\/\/lumulu.de\/blog\/wp-content\/uploads\/2023\/06\/029.Strant-in-Shengjin-Albanien-20230605_182547-2.jpg 710w, https:\/\/lumulu.de\/blog\/wp-content\/uploads\/2023\/06\/029.Strant-in-Shengjin-Albanien-20230605_182547-2-300x169.jpg 300w\" sizes=\"(max-width: 710px) 100vw, 710px\" \/><\/figure>\n\n\n\n<figure class=\"wp-block-image size-large\"><img decoding=\"async\" width=\"710\" height=\"400\" src=\"https:\/\/lumulu.de\/blog\/wp-content\/uploads\/2023\/06\/029.Strant-in-Shengjin-Albanien-20230605_182547-7.jpg\" alt=\"\" class=\"wp-image-9008\" srcset=\"https:\/\/lumulu.de\/blog\/wp-content\/uploads\/2023\/06\/029.Strant-in-Shengjin-Albanien-20230605_182547-7.jpg 710w, https:\/\/lumulu.de\/blog\/wp-content\/uploads\/2023\/06\/029.Strant-in-Shengjin-Albanien-20230605_182547-7-300x169.jpg 300w\" sizes=\"(max-width: 710px) 100vw, 710px\" \/><\/figure>\n\n\n\n<figure class=\"wp-block-image size-large\"><img decoding=\"async\" width=\"600\" height=\"400\" src=\"https:\/\/lumulu.de\/blog\/wp-content\/uploads\/2023\/06\/028.-CP-in-Shengjin-Albanien-IMG_0385-2.jpg\" alt=\"\" class=\"wp-image-9009\" srcset=\"https:\/\/lumulu.de\/blog\/wp-content\/uploads\/2023\/06\/028.-CP-in-Shengjin-Albanien-IMG_0385-2.jpg 600w, https:\/\/lumulu.de\/blog\/wp-content\/uploads\/2023\/06\/028.-CP-in-Shengjin-Albanien-IMG_0385-2-300x200.jpg 300w\" sizes=\"(max-width: 600px) 100vw, 600px\" \/><\/figure>\n\n\n\n<figure class=\"wp-block-image size-large\"><img decoding=\"async\" width=\"710\" height=\"400\" src=\"https:\/\/lumulu.de\/blog\/wp-content\/uploads\/2023\/06\/029.Strant-in-Shengjin-Albanien-20230605_182547-4.jpg\" alt=\"\" class=\"wp-image-9010\" srcset=\"https:\/\/lumulu.de\/blog\/wp-content\/uploads\/2023\/06\/029.Strant-in-Shengjin-Albanien-20230605_182547-4.jpg 710w, https:\/\/lumulu.de\/blog\/wp-content\/uploads\/2023\/06\/029.Strant-in-Shengjin-Albanien-20230605_182547-4-300x169.jpg 300w\" sizes=\"(max-width: 710px) 100vw, 710px\" \/><\/figure>\n\n\n\n<p>Die Reise geht weiter und immer weiter. Bevor wir in die albanischen Alpen und dann die montenegrinischen Alpen fahren, machen wir einen Abstecher in die gr\u00f6\u00dfte Stadt Nord-Albaniens (ca. 140.000 Einwohner), Shkoder, eine Studentenstadt. Mit ihren fast 12.000 Studenten an sechs verschiedenen Fakult\u00e4ten ist sie besonders bei der Jugend beliebt, was man bei dem Besuch sofort sp\u00fcrt. Es herrscht reges Treiben, viele kleine, liebevoll gestaltete Kneipen und Gesch\u00e4fte s\u00e4umen den Weg, junge Leute bestimmen das Stra\u00dfenbild. Das weitere besondere in dieser Stadt, was man sonst eher selten sieht, Fahrr\u00e4der \u00fcber Fahrr\u00e4der! Alle Altersklassen (!) sitzen auf dem Drahtesel, was bedeutet, dass man nicht nur auf die rechts und links \u00fcberholenden Autos und Rollerfahrer oder auf die auf der rechten Seite entgegenkommenden Autos oder Rollerfahrer oder gar auf die Schlagl\u00f6cher, geschweige denn Fu\u00dfg\u00e4nger und wilde Hunde achten muss, sondern eben auch auf die Fahrradfahrer.&nbsp;<\/p>\n\n\n\n<p>Entlang der Hauptstra\u00dfe gibt es allerdings den ersten zweispurigen Fahrradweg den wir in Albanien gesehen haben. Quasi fast wie in Heidelberg! \ud83d\ude42<\/p>\n\n\n\n<p>Besondere Sehensw\u00fcrdigkeiten haben wir nicht besucht, wir wollen einfach diese lebensfrohe Stimmung auf den Stra\u00dfen der Stadt erleben &#8211; und euch nun daran teilhaben lassen.<\/p>\n\n\n\n<figure class=\"wp-block-image size-large\"><img decoding=\"async\" width=\"600\" height=\"400\" src=\"https:\/\/lumulu.de\/blog\/wp-content\/uploads\/2023\/06\/030.-Shkoder-IMG_0388-11.jpg\" alt=\"\" class=\"wp-image-9011\" srcset=\"https:\/\/lumulu.de\/blog\/wp-content\/uploads\/2023\/06\/030.-Shkoder-IMG_0388-11.jpg 600w, https:\/\/lumulu.de\/blog\/wp-content\/uploads\/2023\/06\/030.-Shkoder-IMG_0388-11-300x200.jpg 300w\" sizes=\"(max-width: 600px) 100vw, 600px\" \/><\/figure>\n\n\n\n<figure class=\"wp-block-image size-large\"><img decoding=\"async\" width=\"600\" height=\"400\" src=\"https:\/\/lumulu.de\/blog\/wp-content\/uploads\/2023\/06\/030.-Shkoder-IMG_0388-14.jpg\" alt=\"\" class=\"wp-image-9012\" srcset=\"https:\/\/lumulu.de\/blog\/wp-content\/uploads\/2023\/06\/030.-Shkoder-IMG_0388-14.jpg 600w, https:\/\/lumulu.de\/blog\/wp-content\/uploads\/2023\/06\/030.-Shkoder-IMG_0388-14-300x200.jpg 300w\" sizes=\"(max-width: 600px) 100vw, 600px\" \/><\/figure>\n\n\n\n<figure class=\"wp-block-image size-large\"><img decoding=\"async\" width=\"600\" height=\"400\" src=\"https:\/\/lumulu.de\/blog\/wp-content\/uploads\/2023\/06\/030.-Shkoder-IMG_0388-20.jpg\" alt=\"\" class=\"wp-image-9013\" srcset=\"https:\/\/lumulu.de\/blog\/wp-content\/uploads\/2023\/06\/030.-Shkoder-IMG_0388-20.jpg 600w, https:\/\/lumulu.de\/blog\/wp-content\/uploads\/2023\/06\/030.-Shkoder-IMG_0388-20-300x200.jpg 300w\" sizes=\"(max-width: 600px) 100vw, 600px\" \/><\/figure>\n\n\n\n<figure class=\"wp-block-image size-large\"><img decoding=\"async\" width=\"600\" height=\"400\" src=\"https:\/\/lumulu.de\/blog\/wp-content\/uploads\/2023\/06\/030.-Shkoder-IMG_0388-16.jpg\" alt=\"\" class=\"wp-image-9014\" srcset=\"https:\/\/lumulu.de\/blog\/wp-content\/uploads\/2023\/06\/030.-Shkoder-IMG_0388-16.jpg 600w, https:\/\/lumulu.de\/blog\/wp-content\/uploads\/2023\/06\/030.-Shkoder-IMG_0388-16-300x200.jpg 300w\" sizes=\"(max-width: 600px) 100vw, 600px\" \/><\/figure>\n\n\n\n<figure class=\"wp-block-image size-large\"><img decoding=\"async\" width=\"600\" height=\"400\" src=\"https:\/\/lumulu.de\/blog\/wp-content\/uploads\/2023\/06\/030.-Shkoder-IMG_0388-34.jpg\" alt=\"\" class=\"wp-image-9015\" srcset=\"https:\/\/lumulu.de\/blog\/wp-content\/uploads\/2023\/06\/030.-Shkoder-IMG_0388-34.jpg 600w, https:\/\/lumulu.de\/blog\/wp-content\/uploads\/2023\/06\/030.-Shkoder-IMG_0388-34-300x200.jpg 300w\" sizes=\"(max-width: 600px) 100vw, 600px\" \/><\/figure>\n\n\n\n<figure class=\"wp-block-image size-large\"><img decoding=\"async\" width=\"600\" height=\"400\" src=\"https:\/\/lumulu.de\/blog\/wp-content\/uploads\/2023\/06\/030.-Shkoder-IMG_0388-33.jpg\" alt=\"\" class=\"wp-image-9016\" srcset=\"https:\/\/lumulu.de\/blog\/wp-content\/uploads\/2023\/06\/030.-Shkoder-IMG_0388-33.jpg 600w, https:\/\/lumulu.de\/blog\/wp-content\/uploads\/2023\/06\/030.-Shkoder-IMG_0388-33-300x200.jpg 300w\" sizes=\"(max-width: 600px) 100vw, 600px\" \/><\/figure>\n\n\n\n<figure class=\"wp-block-image size-large\"><img decoding=\"async\" width=\"600\" height=\"400\" src=\"https:\/\/lumulu.de\/blog\/wp-content\/uploads\/2023\/06\/030.-Shkoder-IMG_0388-29.jpg\" alt=\"\" class=\"wp-image-9017\" srcset=\"https:\/\/lumulu.de\/blog\/wp-content\/uploads\/2023\/06\/030.-Shkoder-IMG_0388-29.jpg 600w, https:\/\/lumulu.de\/blog\/wp-content\/uploads\/2023\/06\/030.-Shkoder-IMG_0388-29-300x200.jpg 300w\" sizes=\"(max-width: 600px) 100vw, 600px\" \/><\/figure>\n\n\n\n<p>Als der t\u00e4gliche Regen einsetzt machen wir uns auf die Weiterfahrt, beim erz\u00e4hlen und weiter planen f\u00e4llt uns ein, dass wir f\u00fcr die letzten Tage im Land doch noch zu viele Leks (albanische W\u00e4hrung) haben. Vorher haben uns alle Reisenden aus Albanien berichtet, dass es kein Problem ist, mit Euro zu bezahlen. So haben wir nur wenig Geld umgetauscht. Abseits der Touristenroute haben wir dann festgestellt, dass es einige Gegenden gibt, wo man weder mit Euro noch mit Karte bezahlen kann. Selbst an Tankstellen nicht. Da haben wir nochmal viele Leks umgetauscht. Und dann kamen wir in die n\u00f6rdlichen Touristengebiete, wo man nur noch Euros haben wollte. Tja, da waren es wieder zu viele Leks. Da man kein Geld ausf\u00fchren darf und es auch keine M\u00f6glichkeit gibt, es bei uns umzutauschen, entschieden wir im n\u00e4chsten Ort rauszufahren und nach einer Wechselstube zu schauen. Prompt gefunden ging\u2019s \u00fcber die anfangs des Berichtes genannte, wahrlich spektakul\u00e4re Stra\u00dfe in das n\u00f6rdlichste Zipfelchen Albaniens, an den Ort, wo wir gerade sitzen, ich das schreibe und Paul die Fotos bearbeitet: Vermosh.<\/p>\n\n\n\n<p>By the way sagen wir danke an euch alle f\u00fcr das \u201eMiterleben\u201c, Stand heute waren in den letzten 30 Tagen knapp 1.200 Besucher auf unserem Blog! Das freut uns! \ud83d\ude42<\/p>\n\n\n\n<p>Hier beenden wir nun unser Reise-Highlight ALBANIEN und werden die Fotos von der spektakul\u00e4ren Fahrt hierher und ein paar Fotos der Gegend im n\u00e4chsten Bericht, der dann bereits \u00fcber Montenegro sein wird, integrieren.&nbsp;<\/p>\n\n\n\n<p>Es war eine au\u00dfergew\u00f6hnlich entspannte, wundersch\u00f6ne Zeit, vor allem die wilde, vielerorts unber\u00fchrte Natur und die zugewandten, gastfreundlichen Menschen haben uns begeistert. Nat\u00fcrlich w\u00fcnschen wir den Albanerinnen und Albanern, dass es ihnen wirtschaftlich immer besser geht, dass sie aber nie den Blick auf dieses noch so nat\u00fcrliche St\u00fcckchen Erde verlieren m\u00f6gen. Und dass die Touristenanzahl soweit begrenzt bleibt, dass sie ihre Gastfreundlichkeit und Offenheit gegen\u00fcber Fremden erhalten k\u00f6nnen.&nbsp;<\/p>\n\n\n\n<p>Wir sagen: \u201eFaleminderit Shqip\u00ebri\u201c, \u201eDanke Albanien\u201c!<\/p>\n\n\n\n<p>Herzlich gr\u00fc\u00dfen eure Weltenbummler Barbara &amp; Paul<\/p>\n","protected":false},"excerpt":{"rendered":"<p>Welch ein wildes Land! Wir sind inzwischen in den albanischen Alpen gelandet, wo wir uns nach einer atemberaubenden Fahrt ein St\u00e4dtchen nahe der Grenze zu Montenegro f\u00fcr die n\u00e4chsten zwei \u00dcbernachtungen ausgew\u00e4hlt haben. Tats\u00e4chlich kommt es uns vor wie das &hellip; <a href=\"https:\/\/lumulu.de\/blog\/2023\/06\/08\/der-naechste-step-ein-mix-aus-unberuehrter-natur-und-grossstadt-flair\/\">Weiterlesen <span class=\"meta-nav\">&rarr;<\/span><\/a><\/p>\n","protected":false},"author":2,"featured_media":0,"comment_status":"open","ping_status":"closed","sticky":false,"template":"","format":"standard","meta":{"footnotes":""},"categories":[1],"tags":[],"class_list":["post-8955","post","type-post","status-publish","format-standard","hentry","category-allgemein"],"_links":{"self":[{"href":"https:\/\/lumulu.de\/blog\/wp-json\/wp\/v2\/posts\/8955","targetHints":{"allow":["GET"]}}],"collection":[{"href":"https:\/\/lumulu.de\/blog\/wp-json\/wp\/v2\/posts"}],"about":[{"href":"https:\/\/lumulu.de\/blog\/wp-json\/wp\/v2\/types\/post"}],"author":[{"embeddable":true,"href":"https:\/\/lumulu.de\/blog\/wp-json\/wp\/v2\/users\/2"}],"replies":[{"embeddable":true,"href":"https:\/\/lumulu.de\/blog\/wp-json\/wp\/v2\/comments?post=8955"}],"version-history":[{"count":7,"href":"https:\/\/lumulu.de\/blog\/wp-json\/wp\/v2\/posts\/8955\/revisions"}],"predecessor-version":[{"id":9023,"href":"https:\/\/lumulu.de\/blog\/wp-json\/wp\/v2\/posts\/8955\/revisions\/9023"}],"wp:attachment":[{"href":"https:\/\/lumulu.de\/blog\/wp-json\/wp\/v2\/media?parent=8955"}],"wp:term":[{"taxonomy":"category","embeddable":true,"href":"https:\/\/lumulu.de\/blog\/wp-json\/wp\/v2\/categories?post=8955"},{"taxonomy":"post_tag","embeddable":true,"href":"https:\/\/lumulu.de\/blog\/wp-json\/wp\/v2\/tags?post=8955"}],"curies":[{"name":"wp","href":"https:\/\/api.w.org\/{rel}","templated":true}]}}