{"id":7139,"date":"2021-07-16T13:39:22","date_gmt":"2021-07-16T11:39:22","guid":{"rendered":"https:\/\/lumulu.de\/blog\/?p=7139"},"modified":"2021-07-16T13:39:23","modified_gmt":"2021-07-16T11:39:23","slug":"das-hintere-lauterbrunnental-ein-kleinod-der-natur","status":"publish","type":"post","link":"https:\/\/lumulu.de\/blog\/2021\/07\/16\/das-hintere-lauterbrunnental-ein-kleinod-der-natur\/","title":{"rendered":"Das hintere Lauterbrunnental &#8211; ein Kleinod der Natur"},"content":{"rendered":"\n<p>Ein herzliches Gruezi, liebe Blogleserinnen und Blogleser,<\/p>\n\n\n\n<p>wir sitzen gerade auf einem exponierten Platz unterhalb der Eiger Nordwand, die sich immer mal wieder zwischen Wolkenschwaden sehen l\u00e4sst &#8211; und warten f\u00fcr eine Wandertour auf besseres Wetter. Ein guter Zeitpunkt, euch von unserer vorangegangenen Station, dem Hinteren Lauterbrunnental, zu berichten.<\/p>\n\n\n\n<p>Was f\u00fcr ein beeindruckendes Tal! Es ist das drittgr\u00f6\u00dfte Naturschutzgebiet im Kanton Bern und bietet einen grossen Reichtum an landschaftlichen Besonderheiten. Hier konnten einzigartige Einsichten in das Werden und Vergehen der Alpen gewonnen werden und die Mor\u00e4nenlandschaft ist ein ideales Gebiet zur Erforschung von Gletscherschwankungen und Vegetationsentwicklung (entnommen aus der Brosch\u00fcre von \u201apro natura\u2019 &#8211; nicht, dass hier Plagiatsvorw\u00fcrfe entstehen ;)).<\/p>\n\n\n\n<figure class=\"wp-block-image size-large\"><img decoding=\"async\" width=\"600\" height=\"400\" src=\"https:\/\/lumulu.de\/blog\/wp-content\/uploads\/2021\/07\/0063.-Stechelberg-im-Dauerregen-mit-Lichtblick-IMG_4143-1-1.jpg\" alt=\"\" class=\"wp-image-7141\" srcset=\"https:\/\/lumulu.de\/blog\/wp-content\/uploads\/2021\/07\/0063.-Stechelberg-im-Dauerregen-mit-Lichtblick-IMG_4143-1-1.jpg 600w, https:\/\/lumulu.de\/blog\/wp-content\/uploads\/2021\/07\/0063.-Stechelberg-im-Dauerregen-mit-Lichtblick-IMG_4143-1-1-300x200.jpg 300w\" sizes=\"(max-width: 600px) 100vw, 600px\" \/><\/figure>\n\n\n\n<figure class=\"wp-block-image size-large\"><img decoding=\"async\" width=\"600\" height=\"400\" src=\"https:\/\/lumulu.de\/blog\/wp-content\/uploads\/2021\/07\/0063.-Stechelberg-im-Dauerregen-mit-Lichtblick-IMG_4143-9.jpg\" alt=\"\" class=\"wp-image-7142\" srcset=\"https:\/\/lumulu.de\/blog\/wp-content\/uploads\/2021\/07\/0063.-Stechelberg-im-Dauerregen-mit-Lichtblick-IMG_4143-9.jpg 600w, https:\/\/lumulu.de\/blog\/wp-content\/uploads\/2021\/07\/0063.-Stechelberg-im-Dauerregen-mit-Lichtblick-IMG_4143-9-300x200.jpg 300w\" sizes=\"(max-width: 600px) 100vw, 600px\" \/><\/figure>\n\n\n\n<p>Aber das f\u00fcr uns sichtbar Besondere sind die unz\u00e4hligen, durch den Regen massig die steilen Felsen herabst\u00fcrzenden Wasserf\u00e4lle und der dichte, ja urwald\u00e4hnliche Wald.&nbsp;<\/p>\n\n\n\n<figure class=\"wp-block-image size-large\"><img decoding=\"async\" width=\"600\" height=\"400\" src=\"https:\/\/lumulu.de\/blog\/wp-content\/uploads\/2021\/07\/0064.-13km-Tour-Stechelberg-Schuerboden-IMG_4178-15.jpg\" alt=\"\" class=\"wp-image-7143\" srcset=\"https:\/\/lumulu.de\/blog\/wp-content\/uploads\/2021\/07\/0064.-13km-Tour-Stechelberg-Schuerboden-IMG_4178-15.jpg 600w, https:\/\/lumulu.de\/blog\/wp-content\/uploads\/2021\/07\/0064.-13km-Tour-Stechelberg-Schuerboden-IMG_4178-15-300x200.jpg 300w\" sizes=\"(max-width: 600px) 100vw, 600px\" \/><\/figure>\n\n\n\n<p>Wir fanden einen sch\u00f6nen \u00dcbernachtungsplatz am Ende des Tales, mit Blick auf mehrere Wasserf\u00e4lle. Da es auch hier in der Schweiz zurzeit sehr viel regnet, konnten wir am ersten Tag nur eine kleine Erkundungstour machen.&nbsp;<\/p>\n\n\n\n<figure class=\"wp-block-image size-large\"><img decoding=\"async\" width=\"600\" height=\"400\" src=\"https:\/\/lumulu.de\/blog\/wp-content\/uploads\/2021\/07\/0062.-Stechelberg-Richtung-Oberhornsee-kurze-Wanderung-IMG_4132-2.jpg\" alt=\"\" class=\"wp-image-7144\" srcset=\"https:\/\/lumulu.de\/blog\/wp-content\/uploads\/2021\/07\/0062.-Stechelberg-Richtung-Oberhornsee-kurze-Wanderung-IMG_4132-2.jpg 600w, https:\/\/lumulu.de\/blog\/wp-content\/uploads\/2021\/07\/0062.-Stechelberg-Richtung-Oberhornsee-kurze-Wanderung-IMG_4132-2-300x200.jpg 300w\" sizes=\"(max-width: 600px) 100vw, 600px\" \/><\/figure>\n\n\n\n<figure class=\"wp-block-image size-large\"><img decoding=\"async\" width=\"600\" height=\"400\" src=\"https:\/\/lumulu.de\/blog\/wp-content\/uploads\/2021\/07\/0062.-Stechelberg-Richtung-Oberhornsee-kurze-Wanderung-IMG_4132-4.jpg\" alt=\"\" class=\"wp-image-7145\" srcset=\"https:\/\/lumulu.de\/blog\/wp-content\/uploads\/2021\/07\/0062.-Stechelberg-Richtung-Oberhornsee-kurze-Wanderung-IMG_4132-4.jpg 600w, https:\/\/lumulu.de\/blog\/wp-content\/uploads\/2021\/07\/0062.-Stechelberg-Richtung-Oberhornsee-kurze-Wanderung-IMG_4132-4-300x200.jpg 300w\" sizes=\"(max-width: 600px) 100vw, 600px\" \/><\/figure>\n\n\n\n<p>Aber am n\u00e4chsten Tag machten wir uns auf zum \u201aSch\u00fcrboden\u2019, einer kleinen Alm am Fu\u00dfe der Mor\u00e4nengebiete. Das bedeutete eine Wegstrecke von ca. 2,5 Stunden und ca. 500 H\u00f6henmetern stetig ansteigend, umgeben von einer beeindruckenden Hochgebirgskulisse, mit der \u201aJungfrau\u2019 (4158m) und dem Gspaltenhorn (3437m). Das Rauschen des rei\u00dfenden Gebirgsflusses, die spritzende Gischt der Wasserf\u00e4lle, einige Schafe, Ziegen und K\u00fche und nur wenige Wanderer begegnen uns auf dieser Strecke. Die Natur ist hier durch das viele Wasser stetig im Wandel, wo man morgens noch trockenen Fusses den Bach \u00fcberqueren konnte, verwehrt einem am Nachmittag ein Wildbach das Weiterkommen.&nbsp;<\/p>\n\n\n\n<figure class=\"wp-block-image size-large\"><img decoding=\"async\" width=\"600\" height=\"400\" src=\"https:\/\/lumulu.de\/blog\/wp-content\/uploads\/2021\/07\/0064.-13km-Tour-Stechelberg-Schuerboden-IMG_4178-5.jpg\" alt=\"\" class=\"wp-image-7146\" srcset=\"https:\/\/lumulu.de\/blog\/wp-content\/uploads\/2021\/07\/0064.-13km-Tour-Stechelberg-Schuerboden-IMG_4178-5.jpg 600w, https:\/\/lumulu.de\/blog\/wp-content\/uploads\/2021\/07\/0064.-13km-Tour-Stechelberg-Schuerboden-IMG_4178-5-300x200.jpg 300w\" sizes=\"(max-width: 600px) 100vw, 600px\" \/><\/figure>\n\n\n\n<figure class=\"wp-block-image size-large\"><img decoding=\"async\" width=\"600\" height=\"400\" src=\"https:\/\/lumulu.de\/blog\/wp-content\/uploads\/2021\/07\/0064.-13km-Tour-Stechelberg-Schuerboden-IMG_4178-8.jpg\" alt=\"\" class=\"wp-image-7147\" srcset=\"https:\/\/lumulu.de\/blog\/wp-content\/uploads\/2021\/07\/0064.-13km-Tour-Stechelberg-Schuerboden-IMG_4178-8.jpg 600w, https:\/\/lumulu.de\/blog\/wp-content\/uploads\/2021\/07\/0064.-13km-Tour-Stechelberg-Schuerboden-IMG_4178-8-300x200.jpg 300w\" sizes=\"(max-width: 600px) 100vw, 600px\" \/><\/figure>\n\n\n\n<figure class=\"wp-block-image size-large\"><img decoding=\"async\" width=\"600\" height=\"400\" src=\"https:\/\/lumulu.de\/blog\/wp-content\/uploads\/2021\/07\/0064.-13km-Tour-Stechelberg-Schuerboden-IMG_4178-9.jpg\" alt=\"\" class=\"wp-image-7148\" srcset=\"https:\/\/lumulu.de\/blog\/wp-content\/uploads\/2021\/07\/0064.-13km-Tour-Stechelberg-Schuerboden-IMG_4178-9.jpg 600w, https:\/\/lumulu.de\/blog\/wp-content\/uploads\/2021\/07\/0064.-13km-Tour-Stechelberg-Schuerboden-IMG_4178-9-300x200.jpg 300w\" sizes=\"(max-width: 600px) 100vw, 600px\" \/><\/figure>\n\n\n\n<figure class=\"wp-block-image size-large\"><img decoding=\"async\" width=\"600\" height=\"400\" src=\"https:\/\/lumulu.de\/blog\/wp-content\/uploads\/2021\/07\/0064.-13km-Tour-Stechelberg-Schuerboden-IMG_4178-18.jpg\" alt=\"\" class=\"wp-image-7149\" srcset=\"https:\/\/lumulu.de\/blog\/wp-content\/uploads\/2021\/07\/0064.-13km-Tour-Stechelberg-Schuerboden-IMG_4178-18.jpg 600w, https:\/\/lumulu.de\/blog\/wp-content\/uploads\/2021\/07\/0064.-13km-Tour-Stechelberg-Schuerboden-IMG_4178-18-300x200.jpg 300w\" sizes=\"(max-width: 600px) 100vw, 600px\" \/><\/figure>\n\n\n\n<figure class=\"wp-block-image size-large\"><img decoding=\"async\" width=\"600\" height=\"400\" src=\"https:\/\/lumulu.de\/blog\/wp-content\/uploads\/2021\/07\/0064.-13km-Tour-Stechelberg-Schuerboden-IMG_4178-31-1.jpg\" alt=\"\" class=\"wp-image-7163\" srcset=\"https:\/\/lumulu.de\/blog\/wp-content\/uploads\/2021\/07\/0064.-13km-Tour-Stechelberg-Schuerboden-IMG_4178-31-1.jpg 600w, https:\/\/lumulu.de\/blog\/wp-content\/uploads\/2021\/07\/0064.-13km-Tour-Stechelberg-Schuerboden-IMG_4178-31-1-300x200.jpg 300w\" sizes=\"(max-width: 600px) 100vw, 600px\" \/><\/figure>\n\n\n\n<figure class=\"wp-block-image size-large\"><img decoding=\"async\" width=\"600\" height=\"400\" src=\"https:\/\/lumulu.de\/blog\/wp-content\/uploads\/2021\/07\/0064.-13km-Tour-Stechelberg-Schuerboden-IMG_4178-21.jpg\" alt=\"\" class=\"wp-image-7151\" srcset=\"https:\/\/lumulu.de\/blog\/wp-content\/uploads\/2021\/07\/0064.-13km-Tour-Stechelberg-Schuerboden-IMG_4178-21.jpg 600w, https:\/\/lumulu.de\/blog\/wp-content\/uploads\/2021\/07\/0064.-13km-Tour-Stechelberg-Schuerboden-IMG_4178-21-300x200.jpg 300w\" sizes=\"(max-width: 600px) 100vw, 600px\" \/><\/figure>\n\n\n\n<p>So war das schon seit vielen Jahrtausenden. Wo fr\u00fcher K\u00fche weideten steht heute dichter Wald. Wir haben gelesen, dass, sobald eine Alm verlassen wird, der Wald schnell wieder Besitz dieser Fl\u00e4che ergreift. Genau wie die Gebiete, die von Gletschern freigegeben werden in K\u00fcrze wieder von Pflanzen besiedelt werden.<\/p>\n\n\n\n<figure class=\"wp-block-image size-large\"><img decoding=\"async\" width=\"600\" height=\"400\" src=\"https:\/\/lumulu.de\/blog\/wp-content\/uploads\/2021\/07\/0064.-13km-Tour-Stechelberg-Schuerboden-IMG_4178-26.jpg\" alt=\"\" class=\"wp-image-7152\" srcset=\"https:\/\/lumulu.de\/blog\/wp-content\/uploads\/2021\/07\/0064.-13km-Tour-Stechelberg-Schuerboden-IMG_4178-26.jpg 600w, https:\/\/lumulu.de\/blog\/wp-content\/uploads\/2021\/07\/0064.-13km-Tour-Stechelberg-Schuerboden-IMG_4178-26-300x200.jpg 300w\" sizes=\"(max-width: 600px) 100vw, 600px\" \/><\/figure>\n\n\n\n<p>Hier oberhalb des \u201aSch\u00fcrboden\u2018 standen im 14. Jahrhundert Walsersiedlungen (eine alemannische Volksgruppe im Alpenraum, die sich unter anderem im Berner Oberland angesiedelt haben und von denen es insgesamt tats\u00e4chlich noch ca. 150 gibt), von denen noch in den drei\u00dfiger Jahren Reste von Hausfundamenten gefunden wurden. Heute hat der Wald diese Spuren bereits vollkommen verwischt.<\/p>\n\n\n\n<p>Unser Interesse haben Steinreste \u00e4hnlich von Grundmauern und die gro\u00dfen roten Steine am Gebirgsbach geweckt. Beim Nachlesen haben wir erfahren, dass an den Talh\u00e4ngen bis 1805 Eisenerz und Silber abgebaut wurde. Ein kleines Industriedorf siedelte sich an, das aber leider der geringen Ausbeute wieder zum Opfer fiel.<\/p>\n\n\n\n<figure class=\"wp-block-image size-large\"><img decoding=\"async\" width=\"600\" height=\"400\" src=\"https:\/\/lumulu.de\/blog\/wp-content\/uploads\/2021\/07\/0064.-13km-Tour-Stechelberg-Schuerboden-IMG_4178-20-1.jpg\" alt=\"\" class=\"wp-image-7153\" srcset=\"https:\/\/lumulu.de\/blog\/wp-content\/uploads\/2021\/07\/0064.-13km-Tour-Stechelberg-Schuerboden-IMG_4178-20-1.jpg 600w, https:\/\/lumulu.de\/blog\/wp-content\/uploads\/2021\/07\/0064.-13km-Tour-Stechelberg-Schuerboden-IMG_4178-20-1-300x200.jpg 300w\" sizes=\"(max-width: 600px) 100vw, 600px\" \/><\/figure>\n\n\n\n<figure class=\"wp-block-image size-large\"><img decoding=\"async\" width=\"600\" height=\"400\" src=\"https:\/\/lumulu.de\/blog\/wp-content\/uploads\/2021\/07\/0064.-13km-Tour-Stechelberg-Schuerboden-IMG_4178-33.jpg\" alt=\"\" class=\"wp-image-7154\" srcset=\"https:\/\/lumulu.de\/blog\/wp-content\/uploads\/2021\/07\/0064.-13km-Tour-Stechelberg-Schuerboden-IMG_4178-33.jpg 600w, https:\/\/lumulu.de\/blog\/wp-content\/uploads\/2021\/07\/0064.-13km-Tour-Stechelberg-Schuerboden-IMG_4178-33-300x200.jpg 300w\" sizes=\"(max-width: 600px) 100vw, 600px\" \/><\/figure>\n\n\n\n<figure class=\"wp-block-image size-large\"><img decoding=\"async\" width=\"600\" height=\"400\" src=\"https:\/\/lumulu.de\/blog\/wp-content\/uploads\/2021\/07\/0064.-13km-Tour-Stechelberg-Schuerboden-IMG_4178-27.jpg\" alt=\"\" class=\"wp-image-7155\" srcset=\"https:\/\/lumulu.de\/blog\/wp-content\/uploads\/2021\/07\/0064.-13km-Tour-Stechelberg-Schuerboden-IMG_4178-27.jpg 600w, https:\/\/lumulu.de\/blog\/wp-content\/uploads\/2021\/07\/0064.-13km-Tour-Stechelberg-Schuerboden-IMG_4178-27-300x200.jpg 300w\" sizes=\"(max-width: 600px) 100vw, 600px\" \/><\/figure>\n\n\n\n<p>Auf der Alm haben wir eine Rast eingelegt und uns dann wieder auf den Heimweg gemacht. Das Wetter war uns hold und hat nur kurze Regenschauer eingelegt und uns zum Schlu\u00df mit Sonne belohnt. Was wollen wir mehr?<\/p>\n\n\n\n<figure class=\"wp-block-image size-large\"><img decoding=\"async\" width=\"600\" height=\"400\" src=\"https:\/\/lumulu.de\/blog\/wp-content\/uploads\/2021\/07\/0065.-Schuerboden-1377m-IMG_4183-2.jpg\" alt=\"\" class=\"wp-image-7156\" srcset=\"https:\/\/lumulu.de\/blog\/wp-content\/uploads\/2021\/07\/0065.-Schuerboden-1377m-IMG_4183-2.jpg 600w, https:\/\/lumulu.de\/blog\/wp-content\/uploads\/2021\/07\/0065.-Schuerboden-1377m-IMG_4183-2-300x200.jpg 300w\" sizes=\"(max-width: 600px) 100vw, 600px\" \/><\/figure>\n\n\n\n<figure class=\"wp-block-image size-large\"><img decoding=\"async\" width=\"600\" height=\"400\" src=\"https:\/\/lumulu.de\/blog\/wp-content\/uploads\/2021\/07\/0065.-Schuerboden-1377m-IMG_4183-4.jpg\" alt=\"\" class=\"wp-image-7157\" srcset=\"https:\/\/lumulu.de\/blog\/wp-content\/uploads\/2021\/07\/0065.-Schuerboden-1377m-IMG_4183-4.jpg 600w, https:\/\/lumulu.de\/blog\/wp-content\/uploads\/2021\/07\/0065.-Schuerboden-1377m-IMG_4183-4-300x200.jpg 300w\" sizes=\"(max-width: 600px) 100vw, 600px\" \/><figcaption>Sch\u00fcrboden-Alm<\/figcaption><\/figure>\n\n\n\n<figure class=\"wp-block-image size-large\"><img decoding=\"async\" width=\"600\" height=\"400\" src=\"https:\/\/lumulu.de\/blog\/wp-content\/uploads\/2021\/07\/0064.-13km-Tour-Stechelberg-Schuerboden-IMG_4178-35.jpg\" alt=\"\" class=\"wp-image-7158\" srcset=\"https:\/\/lumulu.de\/blog\/wp-content\/uploads\/2021\/07\/0064.-13km-Tour-Stechelberg-Schuerboden-IMG_4178-35.jpg 600w, https:\/\/lumulu.de\/blog\/wp-content\/uploads\/2021\/07\/0064.-13km-Tour-Stechelberg-Schuerboden-IMG_4178-35-300x200.jpg 300w\" sizes=\"(max-width: 600px) 100vw, 600px\" \/><\/figure>\n\n\n\n<figure class=\"wp-block-image size-large\"><img decoding=\"async\" width=\"600\" height=\"400\" src=\"https:\/\/lumulu.de\/blog\/wp-content\/uploads\/2021\/07\/0066-zurueck-von-Schuerboden-nach-Stechelberg-umramt-von-3Tausender-IMG_4197-6.jpg\" alt=\"\" class=\"wp-image-7159\" srcset=\"https:\/\/lumulu.de\/blog\/wp-content\/uploads\/2021\/07\/0066-zurueck-von-Schuerboden-nach-Stechelberg-umramt-von-3Tausender-IMG_4197-6.jpg 600w, https:\/\/lumulu.de\/blog\/wp-content\/uploads\/2021\/07\/0066-zurueck-von-Schuerboden-nach-Stechelberg-umramt-von-3Tausender-IMG_4197-6-300x200.jpg 300w\" sizes=\"(max-width: 600px) 100vw, 600px\" \/><\/figure>\n\n\n\n<figure class=\"wp-block-image size-large\"><img decoding=\"async\" width=\"600\" height=\"400\" src=\"https:\/\/lumulu.de\/blog\/wp-content\/uploads\/2021\/07\/0067.-Blick-nachGimmelwald-u.Muerren-IMG_4197-12.jpg\" alt=\"\" class=\"wp-image-7164\" srcset=\"https:\/\/lumulu.de\/blog\/wp-content\/uploads\/2021\/07\/0067.-Blick-nachGimmelwald-u.Muerren-IMG_4197-12.jpg 600w, https:\/\/lumulu.de\/blog\/wp-content\/uploads\/2021\/07\/0067.-Blick-nachGimmelwald-u.Muerren-IMG_4197-12-300x200.jpg 300w\" sizes=\"(max-width: 600px) 100vw, 600px\" \/><\/figure>\n\n\n\n<figure class=\"wp-block-image size-large\"><img decoding=\"async\" width=\"600\" height=\"400\" src=\"https:\/\/lumulu.de\/blog\/wp-content\/uploads\/2021\/07\/0066-zurueck-von-Schuerboden-nach-Stechelberg-umramt-von-3Tausender-IMG_4197-9.jpg\" alt=\"\" class=\"wp-image-7165\" srcset=\"https:\/\/lumulu.de\/blog\/wp-content\/uploads\/2021\/07\/0066-zurueck-von-Schuerboden-nach-Stechelberg-umramt-von-3Tausender-IMG_4197-9.jpg 600w, https:\/\/lumulu.de\/blog\/wp-content\/uploads\/2021\/07\/0066-zurueck-von-Schuerboden-nach-Stechelberg-umramt-von-3Tausender-IMG_4197-9-300x200.jpg 300w\" sizes=\"(max-width: 600px) 100vw, 600px\" \/><\/figure>\n\n\n\n<p>Seid herzlich gegr\u00fc\u00dft und dr\u00fcckt uns die Daumen f\u00fcr nur einen Tag besseres Wetter, damit wir auf dieser Reise noch einmal die Hochgebirgswelt erleben k\u00f6nnen.  <\/p>\n\n\n\n<p>Eure Weltenbummler Barbara und Paul<\/p>\n","protected":false},"excerpt":{"rendered":"<p>Ein herzliches Gruezi, liebe Blogleserinnen und Blogleser, wir sitzen gerade auf einem exponierten Platz unterhalb der Eiger Nordwand, die sich immer mal wieder zwischen Wolkenschwaden sehen l\u00e4sst &#8211; und warten f\u00fcr eine Wandertour auf besseres Wetter. Ein guter Zeitpunkt, euch &hellip; <a href=\"https:\/\/lumulu.de\/blog\/2021\/07\/16\/das-hintere-lauterbrunnental-ein-kleinod-der-natur\/\">Weiterlesen <span class=\"meta-nav\">&rarr;<\/span><\/a><\/p>\n","protected":false},"author":2,"featured_media":0,"comment_status":"open","ping_status":"closed","sticky":false,"template":"","format":"standard","meta":{"footnotes":""},"categories":[1],"tags":[],"class_list":["post-7139","post","type-post","status-publish","format-standard","hentry","category-allgemein"],"_links":{"self":[{"href":"https:\/\/lumulu.de\/blog\/wp-json\/wp\/v2\/posts\/7139","targetHints":{"allow":["GET"]}}],"collection":[{"href":"https:\/\/lumulu.de\/blog\/wp-json\/wp\/v2\/posts"}],"about":[{"href":"https:\/\/lumulu.de\/blog\/wp-json\/wp\/v2\/types\/post"}],"author":[{"embeddable":true,"href":"https:\/\/lumulu.de\/blog\/wp-json\/wp\/v2\/users\/2"}],"replies":[{"embeddable":true,"href":"https:\/\/lumulu.de\/blog\/wp-json\/wp\/v2\/comments?post=7139"}],"version-history":[{"count":3,"href":"https:\/\/lumulu.de\/blog\/wp-json\/wp\/v2\/posts\/7139\/revisions"}],"predecessor-version":[{"id":7166,"href":"https:\/\/lumulu.de\/blog\/wp-json\/wp\/v2\/posts\/7139\/revisions\/7166"}],"wp:attachment":[{"href":"https:\/\/lumulu.de\/blog\/wp-json\/wp\/v2\/media?parent=7139"}],"wp:term":[{"taxonomy":"category","embeddable":true,"href":"https:\/\/lumulu.de\/blog\/wp-json\/wp\/v2\/categories?post=7139"},{"taxonomy":"post_tag","embeddable":true,"href":"https:\/\/lumulu.de\/blog\/wp-json\/wp\/v2\/tags?post=7139"}],"curies":[{"name":"wp","href":"https:\/\/api.w.org\/{rel}","templated":true}]}}