{"id":6700,"date":"2020-07-30T13:44:32","date_gmt":"2020-07-30T11:44:32","guid":{"rendered":"http:\/\/lumulu.de\/blog\/?p=6700"},"modified":"2020-08-20T17:39:36","modified_gmt":"2020-08-20T15:39:36","slug":"dresden-eine-der-schoensten-staedte-deutschlands","status":"publish","type":"post","link":"https:\/\/lumulu.de\/blog\/2020\/07\/30\/dresden-eine-der-schoensten-staedte-deutschlands\/","title":{"rendered":"Dresden &#8211; eine der sch\u00f6nsten St\u00e4dte Deutschlands"},"content":{"rendered":"\n<p>Tja, liebe Blogleser, jetzt freuen sich sicher schon viele\nvon euch auf unsere Beschreibung dieser Stadt, weil die meisten schon&nbsp; hier waren und begeistert davon sind. Wir\nauch! Denn wir waren bereits hier. F\u00fcr die diesj\u00e4hrige Reise sollte Dresden keinen\nSchwerpunkt bilden, es sollte mehr ein Aufenthalt zum Erinnern und genie\u00dfen werden\n\u2013 aber aufgrund der F\u00fclle der Menschen, die sich trotz Corona hier sehr frei\nbewegen und der vielen Baustellen, die die Optik ziemlich beeinflussen und\nzus\u00e4tzliche Engp\u00e4sse bilden, haben wir uns entschlossen, den Aufenthalt noch\nmehr einzuschr\u00e4nken. Wir sagen dennoch an dieser Stelle Roland und Angelika\nherzlichen Dank f\u00fcr euren Kommentar zu G\u00f6rlitz, ihr habt uns Dresden v\u00f6llig zurecht\nans Herz gelegt! <\/p>\n\n\n\n<p>Direkt an der Elbe und gegen\u00fcber der Dresdner Altstadt haben\nwir gerade noch einen Stellplatz ergattert und nach dem Essen kurz dem Start\neines Hei\u00dfluftballons zugeschaut und nur noch einen kurzen Spaziergang in die\nuntergehende Sonne und durch das Viertel um die Frauenkirche gemacht.<\/p>\n\n\n\n<figure class=\"wp-block-image is-resized\"><img decoding=\"async\" src=\"https:\/\/lumulu.de\/blog\/wp-content\/uploads\/2020\/07\/04.Dresden-IMG_2815-7.jpg\" alt=\"\" class=\"wp-image-6701\" width=\"500\" height=\"334\" srcset=\"https:\/\/lumulu.de\/blog\/wp-content\/uploads\/2020\/07\/04.Dresden-IMG_2815-7.jpg 1000w, https:\/\/lumulu.de\/blog\/wp-content\/uploads\/2020\/07\/04.Dresden-IMG_2815-7-300x200.jpg 300w, https:\/\/lumulu.de\/blog\/wp-content\/uploads\/2020\/07\/04.Dresden-IMG_2815-7-768x512.jpg 768w\" sizes=\"(max-width: 500px) 100vw, 500px\" \/><\/figure>\n\n\n\n<figure class=\"wp-block-image is-resized\"><img decoding=\"async\" src=\"https:\/\/lumulu.de\/blog\/wp-content\/uploads\/2020\/07\/04.Dresden-IMG_2815-18.jpg\" alt=\"\" class=\"wp-image-6702\" width=\"500\" height=\"334\" srcset=\"https:\/\/lumulu.de\/blog\/wp-content\/uploads\/2020\/07\/04.Dresden-IMG_2815-18.jpg 1000w, https:\/\/lumulu.de\/blog\/wp-content\/uploads\/2020\/07\/04.Dresden-IMG_2815-18-300x200.jpg 300w, https:\/\/lumulu.de\/blog\/wp-content\/uploads\/2020\/07\/04.Dresden-IMG_2815-18-768x512.jpg 768w\" sizes=\"(max-width: 500px) 100vw, 500px\" \/><\/figure>\n\n\n\n<figure class=\"wp-block-image is-resized\"><img decoding=\"async\" src=\"https:\/\/lumulu.de\/blog\/wp-content\/uploads\/2020\/07\/04.Dresden-IMG_2815-13.jpg\" alt=\"\" class=\"wp-image-6705\" width=\"500\" height=\"334\" srcset=\"https:\/\/lumulu.de\/blog\/wp-content\/uploads\/2020\/07\/04.Dresden-IMG_2815-13.jpg 1000w, https:\/\/lumulu.de\/blog\/wp-content\/uploads\/2020\/07\/04.Dresden-IMG_2815-13-300x200.jpg 300w, https:\/\/lumulu.de\/blog\/wp-content\/uploads\/2020\/07\/04.Dresden-IMG_2815-13-768x512.jpg 768w\" sizes=\"(max-width: 500px) 100vw, 500px\" \/><\/figure>\n\n\n\n<figure class=\"wp-block-image is-resized\"><img decoding=\"async\" src=\"https:\/\/lumulu.de\/blog\/wp-content\/uploads\/2020\/07\/04.Dresden-IMG_2815-40.jpg\" alt=\"\" class=\"wp-image-6703\" width=\"500\" height=\"334\" srcset=\"https:\/\/lumulu.de\/blog\/wp-content\/uploads\/2020\/07\/04.Dresden-IMG_2815-40.jpg 1000w, https:\/\/lumulu.de\/blog\/wp-content\/uploads\/2020\/07\/04.Dresden-IMG_2815-40-300x200.jpg 300w, https:\/\/lumulu.de\/blog\/wp-content\/uploads\/2020\/07\/04.Dresden-IMG_2815-40-768x512.jpg 768w\" sizes=\"(max-width: 500px) 100vw, 500px\" \/><\/figure>\n\n\n\n<p>Am n\u00e4chsten Tag machten wir uns auf zu einem Bummel durch die Innere Altstadt, vorbei am F\u00fcrstenzug in der Augustusstra\u00dfe (mit Street-Art-K\u00fcnstler!), zum Kurl\u00e4nder Palais, einem im Dresdner Barock errichteten historischen Geb\u00e4ude, und dem Kulturpalast, in dem man unter anderem die Dresdner Philharmonie erleben k\u00f6nnte. &nbsp;&nbsp;&nbsp;<\/p>\n\n\n\n<figure class=\"wp-block-image is-resized\"><img decoding=\"async\" src=\"https:\/\/lumulu.de\/blog\/wp-content\/uploads\/2020\/07\/11.01F\u00fcrstenzug-in-der-Augustusstr.-DresdenIMG_2874-9.jpg\" alt=\"\" class=\"wp-image-6704\" width=\"500\" height=\"334\" srcset=\"https:\/\/lumulu.de\/blog\/wp-content\/uploads\/2020\/07\/11.01F\u00fcrstenzug-in-der-Augustusstr.-DresdenIMG_2874-9.jpg 1000w, https:\/\/lumulu.de\/blog\/wp-content\/uploads\/2020\/07\/11.01F\u00fcrstenzug-in-der-Augustusstr.-DresdenIMG_2874-9-300x200.jpg 300w, https:\/\/lumulu.de\/blog\/wp-content\/uploads\/2020\/07\/11.01F\u00fcrstenzug-in-der-Augustusstr.-DresdenIMG_2874-9-768x512.jpg 768w\" sizes=\"(max-width: 500px) 100vw, 500px\" \/><\/figure>\n\n\n\n<figure class=\"wp-block-image is-resized\"><img decoding=\"async\" src=\"https:\/\/lumulu.de\/blog\/wp-content\/uploads\/2020\/07\/11.03-Kurl\u00e4nder-Palais-DresdenIMG_2874-13-1024x683.jpg\" alt=\"\" class=\"wp-image-6709\" width=\"500\" height=\"334\" srcset=\"https:\/\/lumulu.de\/blog\/wp-content\/uploads\/2020\/07\/11.03-Kurl\u00e4nder-Palais-DresdenIMG_2874-13-1024x683.jpg 1024w, https:\/\/lumulu.de\/blog\/wp-content\/uploads\/2020\/07\/11.03-Kurl\u00e4nder-Palais-DresdenIMG_2874-13-300x200.jpg 300w, https:\/\/lumulu.de\/blog\/wp-content\/uploads\/2020\/07\/11.03-Kurl\u00e4nder-Palais-DresdenIMG_2874-13-768x512.jpg 768w\" sizes=\"(max-width: 500px) 100vw, 500px\" \/><\/figure>\n\n\n\n<figure class=\"wp-block-image is-resized\"><img decoding=\"async\" src=\"https:\/\/lumulu.de\/blog\/wp-content\/uploads\/2020\/07\/11.04.-Kulturpalast-Dresden-IMG_2874-15.jpg\" alt=\"\" class=\"wp-image-6706\" width=\"500\" height=\"334\" srcset=\"https:\/\/lumulu.de\/blog\/wp-content\/uploads\/2020\/07\/11.04.-Kulturpalast-Dresden-IMG_2874-15.jpg 1000w, https:\/\/lumulu.de\/blog\/wp-content\/uploads\/2020\/07\/11.04.-Kulturpalast-Dresden-IMG_2874-15-300x200.jpg 300w, https:\/\/lumulu.de\/blog\/wp-content\/uploads\/2020\/07\/11.04.-Kulturpalast-Dresden-IMG_2874-15-768x512.jpg 768w\" sizes=\"(max-width: 500px) 100vw, 500px\" \/><\/figure>\n\n\n\n<p>Gleich ein paar Stra\u00dfen weiter kommen wir zum Altmarkt, der\nbereits seit der Gr\u00fcndung Dresdens, wie wir lesen konnten, den Kern der\nStadtanlage bildet. Feste und M\u00e4rkte machen ihn zu einem gesellschaftlichen\nZentrum der Stadt \u2013 zu \u201anormalen\u2018 Zeiten. Im derzeitigen weltweiten&nbsp; Ausnahmezustand ist alles etwas anders und er\nkommt uns sehr verlassen vor.<\/p>\n\n\n\n<figure class=\"wp-block-image is-resized\"><img decoding=\"async\" src=\"https:\/\/lumulu.de\/blog\/wp-content\/uploads\/2020\/07\/11.05.Altmarkt-Dresden-IMG_2874-17.jpg\" alt=\"\" class=\"wp-image-6707\" width=\"500\" height=\"334\" srcset=\"https:\/\/lumulu.de\/blog\/wp-content\/uploads\/2020\/07\/11.05.Altmarkt-Dresden-IMG_2874-17.jpg 1000w, https:\/\/lumulu.de\/blog\/wp-content\/uploads\/2020\/07\/11.05.Altmarkt-Dresden-IMG_2874-17-300x200.jpg 300w, https:\/\/lumulu.de\/blog\/wp-content\/uploads\/2020\/07\/11.05.Altmarkt-Dresden-IMG_2874-17-768x512.jpg 768w\" sizes=\"(max-width: 500px) 100vw, 500px\" \/><\/figure>\n\n\n\n<p>Das Schlendern durch die ber\u00fchmte Prager Stra\u00dfe macht,\nobwohl wir nicht vorhaben zu shoppen, auch heute ein Erlebnis. Die Gesch\u00e4fte\nund das Ambiente der Stra\u00dfe gef\u00e4llt uns wie eh und je und so genie\u00dfen wir auch\neine Kleinigkeit zum Mittagessen in dieser Gegend.<\/p>\n\n\n\n<figure class=\"wp-block-image is-resized\"><img decoding=\"async\" src=\"https:\/\/lumulu.de\/blog\/wp-content\/uploads\/2020\/07\/11.06.Pragerstr.-Dresden-IMG_2874-20.jpg\" alt=\"\" class=\"wp-image-6708\" width=\"500\" height=\"334\" srcset=\"https:\/\/lumulu.de\/blog\/wp-content\/uploads\/2020\/07\/11.06.Pragerstr.-Dresden-IMG_2874-20.jpg 1000w, https:\/\/lumulu.de\/blog\/wp-content\/uploads\/2020\/07\/11.06.Pragerstr.-Dresden-IMG_2874-20-300x200.jpg 300w, https:\/\/lumulu.de\/blog\/wp-content\/uploads\/2020\/07\/11.06.Pragerstr.-Dresden-IMG_2874-20-768x512.jpg 768w\" sizes=\"(max-width: 500px) 100vw, 500px\" \/><\/figure>\n\n\n\n<figure class=\"wp-block-image is-resized\"><img decoding=\"async\" src=\"https:\/\/lumulu.de\/blog\/wp-content\/uploads\/2020\/07\/11.06.Pragerstr.-Dresden-IMG_2874-22-1024x683.jpg\" alt=\"\" class=\"wp-image-6710\" width=\"500\" height=\"334\" srcset=\"https:\/\/lumulu.de\/blog\/wp-content\/uploads\/2020\/07\/11.06.Pragerstr.-Dresden-IMG_2874-22-1024x683.jpg 1024w, https:\/\/lumulu.de\/blog\/wp-content\/uploads\/2020\/07\/11.06.Pragerstr.-Dresden-IMG_2874-22-300x200.jpg 300w, https:\/\/lumulu.de\/blog\/wp-content\/uploads\/2020\/07\/11.06.Pragerstr.-Dresden-IMG_2874-22-768x512.jpg 768w\" sizes=\"(max-width: 500px) 100vw, 500px\" \/><\/figure>\n\n\n\n<figure class=\"wp-block-image is-resized\"><img decoding=\"async\" src=\"https:\/\/lumulu.de\/blog\/wp-content\/uploads\/2020\/07\/11.05.Altmarkt-DresdenIMG_2874-23-1024x683.jpg\" alt=\"\" class=\"wp-image-6711\" width=\"500\" height=\"334\" srcset=\"https:\/\/lumulu.de\/blog\/wp-content\/uploads\/2020\/07\/11.05.Altmarkt-DresdenIMG_2874-23-1024x683.jpg 1024w, https:\/\/lumulu.de\/blog\/wp-content\/uploads\/2020\/07\/11.05.Altmarkt-DresdenIMG_2874-23-300x200.jpg 300w, https:\/\/lumulu.de\/blog\/wp-content\/uploads\/2020\/07\/11.05.Altmarkt-DresdenIMG_2874-23-768x512.jpg 768w\" sizes=\"(max-width: 500px) 100vw, 500px\" \/><\/figure>\n\n\n\n<p>Paul hat noch ein sch\u00f6nes Foto der Kathedrale (Hofkirche) geschossen, leider konnten wir sie nicht besichtigen, da Baustelle. <br><\/p>\n\n\n\n<figure class=\"wp-block-image is-resized\"><img decoding=\"async\" src=\"https:\/\/lumulu.de\/blog\/wp-content\/uploads\/2020\/07\/11.11a.KathedraleHofkirche-Dresden-IMG_2874-52.jpg\" alt=\"\" class=\"wp-image-6718\" width=\"500\" height=\"334\" srcset=\"https:\/\/lumulu.de\/blog\/wp-content\/uploads\/2020\/07\/11.11a.KathedraleHofkirche-Dresden-IMG_2874-52.jpg 1000w, https:\/\/lumulu.de\/blog\/wp-content\/uploads\/2020\/07\/11.11a.KathedraleHofkirche-Dresden-IMG_2874-52-300x200.jpg 300w, https:\/\/lumulu.de\/blog\/wp-content\/uploads\/2020\/07\/11.11a.KathedraleHofkirche-Dresden-IMG_2874-52-768x512.jpg 768w\" sizes=\"(max-width: 500px) 100vw, 500px\" \/><\/figure>\n\n\n\n<p>Zum Abschluss schlendern wir zum Zwinger, dem bedeutendsten\nGeb\u00e4ude des Sp\u00e4tbarocks mit seinen Au\u00dfenanlagen und dem Garten. So genannt, weil\nes im Mittelalter die \u00fcbliche Bezeichnung f\u00fcr einen Festungsteil war., Als wir\nauf einem der Balkone stehen, auf die Gartenanlage schauen und auf die Geb\u00e4ude um\nuns herum, ergreift uns ein gro\u00dfer Respekt vor der Baukunst dieser Zeit. <\/p>\n\n\n\n<figure class=\"wp-block-image is-resized\"><img decoding=\"async\" src=\"https:\/\/lumulu.de\/blog\/wp-content\/uploads\/2020\/07\/11.08.-Altes-Schloss-Dresden-IMG_2874-41.jpg\" alt=\"\" class=\"wp-image-6712\" width=\"500\" height=\"334\" srcset=\"https:\/\/lumulu.de\/blog\/wp-content\/uploads\/2020\/07\/11.08.-Altes-Schloss-Dresden-IMG_2874-41.jpg 1000w, https:\/\/lumulu.de\/blog\/wp-content\/uploads\/2020\/07\/11.08.-Altes-Schloss-Dresden-IMG_2874-41-300x200.jpg 300w, https:\/\/lumulu.de\/blog\/wp-content\/uploads\/2020\/07\/11.08.-Altes-Schloss-Dresden-IMG_2874-41-768x512.jpg 768w\" sizes=\"(max-width: 500px) 100vw, 500px\" \/><\/figure>\n\n\n\n<figure class=\"wp-block-image is-resized\"><img decoding=\"async\" src=\"https:\/\/lumulu.de\/blog\/wp-content\/uploads\/2020\/07\/11.09.Zwinger-Dresden-IMG_2874-32.jpg\" alt=\"\" class=\"wp-image-6713\" width=\"500\" height=\"334\" srcset=\"https:\/\/lumulu.de\/blog\/wp-content\/uploads\/2020\/07\/11.09.Zwinger-Dresden-IMG_2874-32.jpg 1000w, https:\/\/lumulu.de\/blog\/wp-content\/uploads\/2020\/07\/11.09.Zwinger-Dresden-IMG_2874-32-300x200.jpg 300w, https:\/\/lumulu.de\/blog\/wp-content\/uploads\/2020\/07\/11.09.Zwinger-Dresden-IMG_2874-32-768x512.jpg 768w\" sizes=\"(max-width: 500px) 100vw, 500px\" \/><\/figure>\n\n\n\n<figure class=\"wp-block-image is-resized\"><img decoding=\"async\" src=\"https:\/\/lumulu.de\/blog\/wp-content\/uploads\/2020\/07\/11.09a.Kronentor-Dresden-IMG_2874-37.jpg\" alt=\"\" class=\"wp-image-6714\" width=\"500\" height=\"334\" srcset=\"https:\/\/lumulu.de\/blog\/wp-content\/uploads\/2020\/07\/11.09a.Kronentor-Dresden-IMG_2874-37.jpg 1000w, https:\/\/lumulu.de\/blog\/wp-content\/uploads\/2020\/07\/11.09a.Kronentor-Dresden-IMG_2874-37-300x200.jpg 300w, https:\/\/lumulu.de\/blog\/wp-content\/uploads\/2020\/07\/11.09a.Kronentor-Dresden-IMG_2874-37-768x512.jpg 768w\" sizes=\"(max-width: 500px) 100vw, 500px\" \/><\/figure>\n\n\n\n<figure class=\"wp-block-image is-resized\"><img decoding=\"async\" src=\"https:\/\/lumulu.de\/blog\/wp-content\/uploads\/2020\/07\/11.09a.Kronentor-DresdenIMG_2874-40.jpg\" alt=\"\" class=\"wp-image-6715\" width=\"453\" height=\"679\" srcset=\"https:\/\/lumulu.de\/blog\/wp-content\/uploads\/2020\/07\/11.09a.Kronentor-DresdenIMG_2874-40.jpg 667w, https:\/\/lumulu.de\/blog\/wp-content\/uploads\/2020\/07\/11.09a.Kronentor-DresdenIMG_2874-40-200x300.jpg 200w\" sizes=\"(max-width: 453px) 100vw, 453px\" \/><\/figure>\n\n\n\n<figure class=\"wp-block-image is-resized\"><img decoding=\"async\" src=\"https:\/\/lumulu.de\/blog\/wp-content\/uploads\/2020\/07\/11.10.Wallpavillon-Dresden-IMG_2874-37.jpg\" alt=\"\" class=\"wp-image-6716\" width=\"500\" height=\"334\" srcset=\"https:\/\/lumulu.de\/blog\/wp-content\/uploads\/2020\/07\/11.10.Wallpavillon-Dresden-IMG_2874-37.jpg 1000w, https:\/\/lumulu.de\/blog\/wp-content\/uploads\/2020\/07\/11.10.Wallpavillon-Dresden-IMG_2874-37-300x200.jpg 300w, https:\/\/lumulu.de\/blog\/wp-content\/uploads\/2020\/07\/11.10.Wallpavillon-Dresden-IMG_2874-37-768x512.jpg 768w\" sizes=\"(max-width: 500px) 100vw, 500px\" \/><\/figure>\n\n\n\n<p>Mit dem Gedanken daran, dass wir ganz bestimmt zur\u00fcckkommen werden in diese Stadt &#8211;&nbsp; irgendwann zu anderen Zeiten \u2013 verlassen wir sie auch schon wieder und halten fest, dass wir dann unbedingt mit Karten f\u00fcr die Semperoper in der Tasche reisen werden \u2026 (das steht inzwischen bereits auf unserer bucket list). Deshalb hier zumindest noch ein Foto &#8230;<\/p>\n\n\n\n<figure class=\"wp-block-image is-resized\"><img decoding=\"async\" src=\"https:\/\/lumulu.de\/blog\/wp-content\/uploads\/2020\/07\/11.DresdenIMG_2874-49.jpg\" alt=\"\" class=\"wp-image-6717\" width=\"500\" height=\"334\" srcset=\"https:\/\/lumulu.de\/blog\/wp-content\/uploads\/2020\/07\/11.DresdenIMG_2874-49.jpg 1000w, https:\/\/lumulu.de\/blog\/wp-content\/uploads\/2020\/07\/11.DresdenIMG_2874-49-300x200.jpg 300w, https:\/\/lumulu.de\/blog\/wp-content\/uploads\/2020\/07\/11.DresdenIMG_2874-49-768x512.jpg 768w\" sizes=\"(max-width: 500px) 100vw, 500px\" \/><\/figure>\n\n\n\n<p>Und ein Foto der Frauenkirche muss unbedingt noch dazu, oder?<\/p>\n\n\n\n<figure class=\"wp-block-image is-resized\"><img decoding=\"async\" src=\"https:\/\/lumulu.de\/blog\/wp-content\/uploads\/2020\/07\/04.Dresden-IMG_2815-32.jpg\" alt=\"\" class=\"wp-image-6719\" width=\"500\" height=\"750\" srcset=\"https:\/\/lumulu.de\/blog\/wp-content\/uploads\/2020\/07\/04.Dresden-IMG_2815-32.jpg 667w, https:\/\/lumulu.de\/blog\/wp-content\/uploads\/2020\/07\/04.Dresden-IMG_2815-32-200x300.jpg 200w\" sizes=\"(max-width: 500px) 100vw, 500px\" \/><\/figure>\n\n\n\n<p>An diesem Tag \u00fcbernachten wir im kleinen St\u00e4dtchen Riesa, direkt\nan der Elbe. Ein wirklich &nbsp;idyllischer\nAusklang dieses Tages.<\/p>\n\n\n\n<figure class=\"wp-block-image is-resized\"><img decoding=\"async\" src=\"https:\/\/lumulu.de\/blog\/wp-content\/uploads\/2020\/07\/12.-Riesa-\u00dcbernachtungsplatz-IMG_2876-7.jpg\" alt=\"\" class=\"wp-image-6721\" width=\"500\" height=\"334\" srcset=\"https:\/\/lumulu.de\/blog\/wp-content\/uploads\/2020\/07\/12.-Riesa-\u00dcbernachtungsplatz-IMG_2876-7.jpg 1000w, https:\/\/lumulu.de\/blog\/wp-content\/uploads\/2020\/07\/12.-Riesa-\u00dcbernachtungsplatz-IMG_2876-7-300x200.jpg 300w, https:\/\/lumulu.de\/blog\/wp-content\/uploads\/2020\/07\/12.-Riesa-\u00dcbernachtungsplatz-IMG_2876-7-768x512.jpg 768w\" sizes=\"(max-width: 500px) 100vw, 500px\" \/><\/figure>\n\n\n\n<p>Und so verabschieden wir uns von euch und sagen ciao, bis\ndemn\u00e4chst,<\/p>\n\n\n\n<p>eure Weltenbummler Barbara &amp; Paul<\/p>\n","protected":false},"excerpt":{"rendered":"<p>Tja, liebe Blogleser, jetzt freuen sich sicher schon viele von euch auf unsere Beschreibung dieser Stadt, weil die meisten schon&nbsp; hier waren und begeistert davon sind. Wir auch! Denn wir waren bereits hier. F\u00fcr die diesj\u00e4hrige Reise sollte Dresden keinen &hellip; <a href=\"https:\/\/lumulu.de\/blog\/2020\/07\/30\/dresden-eine-der-schoensten-staedte-deutschlands\/\">Weiterlesen <span class=\"meta-nav\">&rarr;<\/span><\/a><\/p>\n","protected":false},"author":2,"featured_media":0,"comment_status":"open","ping_status":"closed","sticky":false,"template":"","format":"standard","meta":{"footnotes":""},"categories":[1],"tags":[],"class_list":["post-6700","post","type-post","status-publish","format-standard","hentry","category-allgemein"],"_links":{"self":[{"href":"https:\/\/lumulu.de\/blog\/wp-json\/wp\/v2\/posts\/6700","targetHints":{"allow":["GET"]}}],"collection":[{"href":"https:\/\/lumulu.de\/blog\/wp-json\/wp\/v2\/posts"}],"about":[{"href":"https:\/\/lumulu.de\/blog\/wp-json\/wp\/v2\/types\/post"}],"author":[{"embeddable":true,"href":"https:\/\/lumulu.de\/blog\/wp-json\/wp\/v2\/users\/2"}],"replies":[{"embeddable":true,"href":"https:\/\/lumulu.de\/blog\/wp-json\/wp\/v2\/comments?post=6700"}],"version-history":[{"count":3,"href":"https:\/\/lumulu.de\/blog\/wp-json\/wp\/v2\/posts\/6700\/revisions"}],"predecessor-version":[{"id":6940,"href":"https:\/\/lumulu.de\/blog\/wp-json\/wp\/v2\/posts\/6700\/revisions\/6940"}],"wp:attachment":[{"href":"https:\/\/lumulu.de\/blog\/wp-json\/wp\/v2\/media?parent=6700"}],"wp:term":[{"taxonomy":"category","embeddable":true,"href":"https:\/\/lumulu.de\/blog\/wp-json\/wp\/v2\/categories?post=6700"},{"taxonomy":"post_tag","embeddable":true,"href":"https:\/\/lumulu.de\/blog\/wp-json\/wp\/v2\/tags?post=6700"}],"curies":[{"name":"wp","href":"https:\/\/api.w.org\/{rel}","templated":true}]}}