{"id":5196,"date":"2017-07-25T21:11:34","date_gmt":"2017-07-25T19:11:34","guid":{"rendered":"http:\/\/lumulu.de\/blog\/?p=5196"},"modified":"2017-07-25T21:18:39","modified_gmt":"2017-07-25T19:18:39","slug":"picos-de-europa-teil-i-die-bergseen","status":"publish","type":"post","link":"https:\/\/lumulu.de\/blog\/2017\/07\/25\/picos-de-europa-teil-i-die-bergseen\/","title":{"rendered":"Picos de Europa &#8211; Teil I: &#8222;Die Bergseen&#8220;"},"content":{"rendered":"<p style=\"text-align: justify;\">Liebe Blogfreunde,<\/p>\n<p style=\"text-align: justify;\">inzwischen sind wir im traumhaft sch\u00f6nen Nationalpark \u201ePicos de Europa\u201c angekommen, in dem es noch Wildlachse, W\u00f6lfe und B\u00e4ren gibt. Und wie gerufen h\u00f6ren wir, genau jetzt, am sp\u00e4ten Nachmittag, w\u00e4hrend ich das hier mit Blick auf einen dichten Wald schreibe, ein paar W\u00f6lfe heulen \u2026<\/p>\n<p style=\"text-align: justify;\">Auf unserer Wunschliste stehen drei verschiedene Ausgangspunkte f\u00fcr drei komplett verschiedene Wanderungen. Beginnen wollen wir im asturischen Teil des Nationalparks, und zwar in Cangas de Onis. Hier m\u00f6chten wir die beiden Bergseen Lago El Enol und Lago La Ercina umwandern. Der n\u00e4chste Stopp ist in Arenas Cabrales, wo wir eine Wanderung durch eine als spektakul\u00e4r bezeichnete Schlucht machen werden und der dritte Stopp ist in Fuente D\u00e9, da f\u00e4hrt eine Seilbahn auf einen Pico (Berg) und von dort aus gibt es einen Weg zu Fu\u00df wieder runter.<\/p>\n<p style=\"text-align: justify;\">Aber zur\u00fcck zum ersten Stepp Cangas. Da das Wetter noch ein wenig tr\u00fcbe ist, entscheiden wir, mit der Seen-Wanderung einen Tag abzuwarten und erstmal mit unserem Roller in den Ort zu fahren. Dort haben wir eine sehr nette Sidreria gefunden, in der wir ausgesprochen lecker gegessen haben. In Asturien gibt es viele \u00c4pfel und somit wird hier sehr viel Apfelwein hergestellt \u2013 und auch getrunken. Er ist bestimmt vielen als Cidre auch aus Frankreich bekannt. Und gl\u00fccklicherweise haben wir hier das typische Prozedere des asturischen \u201eSidra Einschenkens\u201c beobachtet. Die Flasche wird im Stehen \u00fcber den Kopf gehalten und das Glas so tief als m\u00f6glich. Dann schaut der Patron weder zur Flasche, noch zum Glas &#8211; und schenkt ein. Nur wenige Tropfen des k\u00f6stlichen Nasses gehen dabei daneben. Es wird dabei maximal ein Drittel des Glases gef\u00fcllt, denn er muss sofort getrunken werden. Es hei\u00dft, so schmeckt der Sidra am besten. Gegessen haben wir die landestypische \u201aFabada\u2018, das ist eine Art Eintopf aus dicken wei\u00dfen Bohnen, Suppenfleisch, Blutwurst und Chorizo, einer Paprikawurst. Sehr lecker! Hier ein paar Eindr\u00fccke f\u00fcr euch, nicht nur vom Essen:<\/p>\n<p style=\"text-align: justify;\"><a href=\"https:\/\/lumulu.de\/blog\/wp-content\/uploads\/2017\/07\/06..CANGAS-DE-ONIS-IMG_1250-2.jpg\"><img decoding=\"async\" class=\"aligncenter size-full wp-image-5207\" src=\"https:\/\/lumulu.de\/blog\/wp-content\/uploads\/2017\/07\/06..CANGAS-DE-ONIS-IMG_1250-2.jpg\" alt=\"06..CANGAS DE ONIS IMG_1250 (2)\" width=\"667\" height=\"1000\" srcset=\"https:\/\/lumulu.de\/blog\/wp-content\/uploads\/2017\/07\/06..CANGAS-DE-ONIS-IMG_1250-2.jpg 667w, https:\/\/lumulu.de\/blog\/wp-content\/uploads\/2017\/07\/06..CANGAS-DE-ONIS-IMG_1250-2-200x300.jpg 200w\" sizes=\"(max-width: 667px) 100vw, 667px\" \/><\/a> <a href=\"https:\/\/lumulu.de\/blog\/wp-content\/uploads\/2017\/07\/06..Cangas-de-Onis-unser-Mittagsessen-Restaurant-fabada-asturiana-Nationalgericht-IMG_1232-9.jpg\"><img decoding=\"async\" class=\"aligncenter size-full wp-image-5210\" src=\"https:\/\/lumulu.de\/blog\/wp-content\/uploads\/2017\/07\/06..Cangas-de-Onis-unser-Mittagsessen-Restaurant-fabada-asturiana-Nationalgericht-IMG_1232-9.jpg\" alt=\"06..Cangas de Onis, unser Mittagsessen-Restaurant ,fabada asturiana Nationalgericht IMG_1232 (9)\" width=\"1000\" height=\"667\" srcset=\"https:\/\/lumulu.de\/blog\/wp-content\/uploads\/2017\/07\/06..Cangas-de-Onis-unser-Mittagsessen-Restaurant-fabada-asturiana-Nationalgericht-IMG_1232-9.jpg 1000w, https:\/\/lumulu.de\/blog\/wp-content\/uploads\/2017\/07\/06..Cangas-de-Onis-unser-Mittagsessen-Restaurant-fabada-asturiana-Nationalgericht-IMG_1232-9-300x200.jpg 300w, https:\/\/lumulu.de\/blog\/wp-content\/uploads\/2017\/07\/06..Cangas-de-Onis-unser-Mittagsessen-Restaurant-fabada-asturiana-Nationalgericht-IMG_1232-9-768x512.jpg 768w\" sizes=\"(max-width: 1000px) 100vw, 1000px\" \/><\/a><a href=\"https:\/\/lumulu.de\/blog\/wp-content\/uploads\/2017\/07\/06..Cangas-de-Onis-unser-Mittagsessen-Restaurant-fabada-asturiana-Nationalgericht-IMG_1232-6.jpg\"><img decoding=\"async\" class=\"aligncenter size-full wp-image-5208\" src=\"https:\/\/lumulu.de\/blog\/wp-content\/uploads\/2017\/07\/06..Cangas-de-Onis-unser-Mittagsessen-Restaurant-fabada-asturiana-Nationalgericht-IMG_1232-6.jpg\" alt=\"06..Cangas de Onis, unser Mittagsessen-Restaurant ,fabada asturiana Nationalgericht IMG_1232 (6)\" width=\"1000\" height=\"667\" srcset=\"https:\/\/lumulu.de\/blog\/wp-content\/uploads\/2017\/07\/06..Cangas-de-Onis-unser-Mittagsessen-Restaurant-fabada-asturiana-Nationalgericht-IMG_1232-6.jpg 1000w, https:\/\/lumulu.de\/blog\/wp-content\/uploads\/2017\/07\/06..Cangas-de-Onis-unser-Mittagsessen-Restaurant-fabada-asturiana-Nationalgericht-IMG_1232-6-300x200.jpg 300w, https:\/\/lumulu.de\/blog\/wp-content\/uploads\/2017\/07\/06..Cangas-de-Onis-unser-Mittagsessen-Restaurant-fabada-asturiana-Nationalgericht-IMG_1232-6-768x512.jpg 768w\" sizes=\"(max-width: 1000px) 100vw, 1000px\" \/><\/a> <a href=\"https:\/\/lumulu.de\/blog\/wp-content\/uploads\/2017\/07\/06..Cangas-de-Onis-unser-Mittagsessen-Restaurant-fabada-asturiana-Nationalgericht-IMG_1232-7.jpg\"><img decoding=\"async\" class=\"aligncenter size-full wp-image-5209\" src=\"https:\/\/lumulu.de\/blog\/wp-content\/uploads\/2017\/07\/06..Cangas-de-Onis-unser-Mittagsessen-Restaurant-fabada-asturiana-Nationalgericht-IMG_1232-7.jpg\" alt=\"06..Cangas de Onis, unser Mittagsessen-Restaurant ,fabada asturiana Nationalgericht IMG_1232 (7)\" width=\"1000\" height=\"667\" srcset=\"https:\/\/lumulu.de\/blog\/wp-content\/uploads\/2017\/07\/06..Cangas-de-Onis-unser-Mittagsessen-Restaurant-fabada-asturiana-Nationalgericht-IMG_1232-7.jpg 1000w, https:\/\/lumulu.de\/blog\/wp-content\/uploads\/2017\/07\/06..Cangas-de-Onis-unser-Mittagsessen-Restaurant-fabada-asturiana-Nationalgericht-IMG_1232-7-300x200.jpg 300w, https:\/\/lumulu.de\/blog\/wp-content\/uploads\/2017\/07\/06..Cangas-de-Onis-unser-Mittagsessen-Restaurant-fabada-asturiana-Nationalgericht-IMG_1232-7-768x512.jpg 768w\" sizes=\"(max-width: 1000px) 100vw, 1000px\" \/><\/a>Nach dieser sch\u00f6nen, so landestypischen Mittagspause rollern wir noch ein wenig durch die Gegend. Und stellen fest, dass die Menschen hier im Gebirge noch urspr\u00fcnglicher, vielleicht auch noch \u00e4rmer, als die Franzosen in den tiefsten Pyren\u00e4en leben.<br \/>\n<a href=\"https:\/\/lumulu.de\/blog\/wp-content\/uploads\/2017\/07\/02..CSoto-de-Cangas-IMG_1199-1.jpg\"><img decoding=\"async\" class=\"aligncenter size-full wp-image-5197\" src=\"https:\/\/lumulu.de\/blog\/wp-content\/uploads\/2017\/07\/02..CSoto-de-Cangas-IMG_1199-1.jpg\" alt=\"02..CSoto de Cangas IMG_1199 (1)\" width=\"1000\" height=\"667\" srcset=\"https:\/\/lumulu.de\/blog\/wp-content\/uploads\/2017\/07\/02..CSoto-de-Cangas-IMG_1199-1.jpg 1000w, https:\/\/lumulu.de\/blog\/wp-content\/uploads\/2017\/07\/02..CSoto-de-Cangas-IMG_1199-1-300x200.jpg 300w, https:\/\/lumulu.de\/blog\/wp-content\/uploads\/2017\/07\/02..CSoto-de-Cangas-IMG_1199-1-768x512.jpg 768w\" sizes=\"(max-width: 1000px) 100vw, 1000px\" \/><\/a> <a href=\"https:\/\/lumulu.de\/blog\/wp-content\/uploads\/2017\/07\/02..CSoto-de-Cangas-IMG_1199-10.jpg\"><img decoding=\"async\" class=\"aligncenter size-full wp-image-5198\" src=\"https:\/\/lumulu.de\/blog\/wp-content\/uploads\/2017\/07\/02..CSoto-de-Cangas-IMG_1199-10.jpg\" alt=\"02..CSoto de Cangas IMG_1199 (10)\" width=\"1000\" height=\"667\" srcset=\"https:\/\/lumulu.de\/blog\/wp-content\/uploads\/2017\/07\/02..CSoto-de-Cangas-IMG_1199-10.jpg 1000w, https:\/\/lumulu.de\/blog\/wp-content\/uploads\/2017\/07\/02..CSoto-de-Cangas-IMG_1199-10-300x200.jpg 300w, https:\/\/lumulu.de\/blog\/wp-content\/uploads\/2017\/07\/02..CSoto-de-Cangas-IMG_1199-10-768x512.jpg 768w\" sizes=\"(max-width: 1000px) 100vw, 1000px\" \/><\/a><a href=\"https:\/\/lumulu.de\/blog\/wp-content\/uploads\/2017\/07\/07..20.07.17-Rollertour-bis-Puente-Vidosa-an-der-N625-IMG_1249-9.jpg\"><img decoding=\"async\" class=\"aligncenter size-full wp-image-5211\" src=\"https:\/\/lumulu.de\/blog\/wp-content\/uploads\/2017\/07\/07..20.07.17-Rollertour-bis-Puente-Vidosa-an-der-N625-IMG_1249-9.jpg\" alt=\"07..20.07.17 Rollertour bis Puente Vidosa an der N625 IMG_1249 (9)\" width=\"1000\" height=\"667\" srcset=\"https:\/\/lumulu.de\/blog\/wp-content\/uploads\/2017\/07\/07..20.07.17-Rollertour-bis-Puente-Vidosa-an-der-N625-IMG_1249-9.jpg 1000w, https:\/\/lumulu.de\/blog\/wp-content\/uploads\/2017\/07\/07..20.07.17-Rollertour-bis-Puente-Vidosa-an-der-N625-IMG_1249-9-300x200.jpg 300w, https:\/\/lumulu.de\/blog\/wp-content\/uploads\/2017\/07\/07..20.07.17-Rollertour-bis-Puente-Vidosa-an-der-N625-IMG_1249-9-768x512.jpg 768w\" sizes=\"(max-width: 1000px) 100vw, 1000px\" \/><\/a>Ein Highlight war der Besuch der, fantastisch in einem engen Felstal, in einer H\u00f6hle, gelegenen, Wallfahrtsst\u00e4tte Covadonga, die offiziell als Ursprung der Reconquista und der Idee vom spanischen Staat an sich gilt. Ob F\u00fcrst Pelayo wirklich solche Pl\u00e4ne hatte, als er 722 hier einen kleinen maurischen Trupp schlug, mag dahingestellt bleiben. Und ob er als Gr\u00fcnder des Jakobsweges gilt, ebenso. Aber der Geschichte nach ist er aus Dankbarkeit den Weg nach Santiago de Compostella gelaufen. Ganz besonders beeindruckend ist die schon weithin sichtbare Kathedrale, der noch heute ein offensichtlich aktives Nonnenkloster angeschlossen ist.<br \/>\n<a href=\"https:\/\/lumulu.de\/blog\/wp-content\/uploads\/2017\/07\/05..Covadonga-Cueva-IMG_1223-6.jpg\"><img decoding=\"async\" class=\"aligncenter size-full wp-image-5206\" src=\"https:\/\/lumulu.de\/blog\/wp-content\/uploads\/2017\/07\/05..Covadonga-Cueva-IMG_1223-6.jpg\" alt=\"05..Covadonga, Cueva IMG_1223 (6)\" width=\"1000\" height=\"667\" srcset=\"https:\/\/lumulu.de\/blog\/wp-content\/uploads\/2017\/07\/05..Covadonga-Cueva-IMG_1223-6.jpg 1000w, https:\/\/lumulu.de\/blog\/wp-content\/uploads\/2017\/07\/05..Covadonga-Cueva-IMG_1223-6-300x200.jpg 300w, https:\/\/lumulu.de\/blog\/wp-content\/uploads\/2017\/07\/05..Covadonga-Cueva-IMG_1223-6-768x512.jpg 768w\" sizes=\"(max-width: 1000px) 100vw, 1000px\" \/><\/a> <a href=\"https:\/\/lumulu.de\/blog\/wp-content\/uploads\/2017\/07\/05..Covadonga-Cueva-IMG_1223-3.jpg\"><img decoding=\"async\" class=\"aligncenter size-full wp-image-5205\" src=\"https:\/\/lumulu.de\/blog\/wp-content\/uploads\/2017\/07\/05..Covadonga-Cueva-IMG_1223-3.jpg\" alt=\"05..Covadonga, Cueva IMG_1223 (3)\" width=\"667\" height=\"1000\" srcset=\"https:\/\/lumulu.de\/blog\/wp-content\/uploads\/2017\/07\/05..Covadonga-Cueva-IMG_1223-3.jpg 667w, https:\/\/lumulu.de\/blog\/wp-content\/uploads\/2017\/07\/05..Covadonga-Cueva-IMG_1223-3-200x300.jpg 200w\" sizes=\"(max-width: 667px) 100vw, 667px\" \/><\/a><\/p>\n<p style=\"text-align: justify;\"><a href=\"https:\/\/lumulu.de\/blog\/wp-content\/uploads\/2017\/07\/03..Covadonga-Real-Colegiata-de-Sanfernando-Wallfahrtskirche-IMG_1216-1.jpg\"><img decoding=\"async\" class=\"aligncenter size-full wp-image-5200\" src=\"https:\/\/lumulu.de\/blog\/wp-content\/uploads\/2017\/07\/03..Covadonga-Real-Colegiata-de-Sanfernando-Wallfahrtskirche-IMG_1216-1.jpg\" alt=\"03..Covadonga Real Colegiata de Sanfernando Wallfahrtskirche IMG_1216 (1)\" width=\"1000\" height=\"667\" srcset=\"https:\/\/lumulu.de\/blog\/wp-content\/uploads\/2017\/07\/03..Covadonga-Real-Colegiata-de-Sanfernando-Wallfahrtskirche-IMG_1216-1.jpg 1000w, https:\/\/lumulu.de\/blog\/wp-content\/uploads\/2017\/07\/03..Covadonga-Real-Colegiata-de-Sanfernando-Wallfahrtskirche-IMG_1216-1-300x200.jpg 300w, https:\/\/lumulu.de\/blog\/wp-content\/uploads\/2017\/07\/03..Covadonga-Real-Colegiata-de-Sanfernando-Wallfahrtskirche-IMG_1216-1-768x512.jpg 768w\" sizes=\"(max-width: 1000px) 100vw, 1000px\" \/><\/a><\/p>\n<p style=\"text-align: justify;\"><a href=\"https:\/\/lumulu.de\/blog\/wp-content\/uploads\/2017\/07\/03..Covadonga-Real-Colegiata-de-Sanfernando-Wallfahrtskirche-IMG_1216-3.jpg\"><img decoding=\"async\" class=\"aligncenter size-full wp-image-5201\" src=\"https:\/\/lumulu.de\/blog\/wp-content\/uploads\/2017\/07\/03..Covadonga-Real-Colegiata-de-Sanfernando-Wallfahrtskirche-IMG_1216-3.jpg\" alt=\"03..Covadonga Real Colegiata de Sanfernando Wallfahrtskirche IMG_1216 (3)\" width=\"1000\" height=\"667\" srcset=\"https:\/\/lumulu.de\/blog\/wp-content\/uploads\/2017\/07\/03..Covadonga-Real-Colegiata-de-Sanfernando-Wallfahrtskirche-IMG_1216-3.jpg 1000w, https:\/\/lumulu.de\/blog\/wp-content\/uploads\/2017\/07\/03..Covadonga-Real-Colegiata-de-Sanfernando-Wallfahrtskirche-IMG_1216-3-300x200.jpg 300w, https:\/\/lumulu.de\/blog\/wp-content\/uploads\/2017\/07\/03..Covadonga-Real-Colegiata-de-Sanfernando-Wallfahrtskirche-IMG_1216-3-768x512.jpg 768w\" sizes=\"(max-width: 1000px) 100vw, 1000px\" \/><\/a> <a href=\"https:\/\/lumulu.de\/blog\/wp-content\/uploads\/2017\/07\/03..Covadonga-Real-Colegiata-de-Sanfernando-Wallfahrtskirche-IMG_1216-4.jpg\"><img decoding=\"async\" class=\"aligncenter size-full wp-image-5202\" src=\"https:\/\/lumulu.de\/blog\/wp-content\/uploads\/2017\/07\/03..Covadonga-Real-Colegiata-de-Sanfernando-Wallfahrtskirche-IMG_1216-4.jpg\" alt=\"03..Covadonga Real Colegiata de Sanfernando Wallfahrtskirche IMG_1216 (4)\" width=\"1000\" height=\"667\" srcset=\"https:\/\/lumulu.de\/blog\/wp-content\/uploads\/2017\/07\/03..Covadonga-Real-Colegiata-de-Sanfernando-Wallfahrtskirche-IMG_1216-4.jpg 1000w, https:\/\/lumulu.de\/blog\/wp-content\/uploads\/2017\/07\/03..Covadonga-Real-Colegiata-de-Sanfernando-Wallfahrtskirche-IMG_1216-4-300x200.jpg 300w, https:\/\/lumulu.de\/blog\/wp-content\/uploads\/2017\/07\/03..Covadonga-Real-Colegiata-de-Sanfernando-Wallfahrtskirche-IMG_1216-4-768x512.jpg 768w\" sizes=\"(max-width: 1000px) 100vw, 1000px\" \/><\/a><a href=\"https:\/\/lumulu.de\/blog\/wp-content\/uploads\/2017\/07\/03..Covadonga-Real-Colegiata-de-Sanfernando-Wallfahrtskirche-IMG_1200.jpg\"><img decoding=\"async\" class=\"aligncenter size-full wp-image-5199\" src=\"https:\/\/lumulu.de\/blog\/wp-content\/uploads\/2017\/07\/03..Covadonga-Real-Colegiata-de-Sanfernando-Wallfahrtskirche-IMG_1200.jpg\" alt=\"03..Covadonga Real Colegiata de Sanfernando Wallfahrtskirche IMG_1200\" width=\"1000\" height=\"667\" srcset=\"https:\/\/lumulu.de\/blog\/wp-content\/uploads\/2017\/07\/03..Covadonga-Real-Colegiata-de-Sanfernando-Wallfahrtskirche-IMG_1200.jpg 1000w, https:\/\/lumulu.de\/blog\/wp-content\/uploads\/2017\/07\/03..Covadonga-Real-Colegiata-de-Sanfernando-Wallfahrtskirche-IMG_1200-300x200.jpg 300w, https:\/\/lumulu.de\/blog\/wp-content\/uploads\/2017\/07\/03..Covadonga-Real-Colegiata-de-Sanfernando-Wallfahrtskirche-IMG_1200-768x512.jpg 768w\" sizes=\"(max-width: 1000px) 100vw, 1000px\" \/><\/a>Die Wanderung am n\u00e4chsten Tag f\u00fchrt uns dann in diese herrliche Hochgebirgsgegend und wir umwandern den Lago Enol. Der Weg f\u00fchrt uns durch Felsen, an mittlerweile nicht mehr genutzten Minen vorbei in eine weitl\u00e4ufige Berglandschaft mit vielen K\u00fchen. Ein St\u00fcck weit ist es auch Sumpflandschaft \u2013 und da wir ein wenig querfeldein gelaufen waren, mussten wir diese \u00fcberwinden. Das ging bei uns nicht ohne nasse Hosen, bei mir selbst leider auch nicht ohne nasse Schuhe und Str\u00fcmpfe ab. So musste ich erstmal das Wasser aus den Schuhen gie\u00dfen und die Str\u00fcmpfe kr\u00e4ftig auswringen.<br \/>\n<a href=\"https:\/\/lumulu.de\/blog\/wp-content\/uploads\/2017\/07\/08..21.07.17-Wanderung-Lagos-de-Covadonga-IMG_1257-5.jpg\"><img decoding=\"async\" class=\"aligncenter size-full wp-image-5212\" src=\"https:\/\/lumulu.de\/blog\/wp-content\/uploads\/2017\/07\/08..21.07.17-Wanderung-Lagos-de-Covadonga-IMG_1257-5.jpg\" alt=\"08..21.07.17 Wanderung, Lagos de Covadonga IMG_1257 (5)\" width=\"1000\" height=\"667\" srcset=\"https:\/\/lumulu.de\/blog\/wp-content\/uploads\/2017\/07\/08..21.07.17-Wanderung-Lagos-de-Covadonga-IMG_1257-5.jpg 1000w, https:\/\/lumulu.de\/blog\/wp-content\/uploads\/2017\/07\/08..21.07.17-Wanderung-Lagos-de-Covadonga-IMG_1257-5-300x200.jpg 300w, https:\/\/lumulu.de\/blog\/wp-content\/uploads\/2017\/07\/08..21.07.17-Wanderung-Lagos-de-Covadonga-IMG_1257-5-768x512.jpg 768w\" sizes=\"(max-width: 1000px) 100vw, 1000px\" \/><\/a> <a href=\"https:\/\/lumulu.de\/blog\/wp-content\/uploads\/2017\/07\/08..21.07.17-Wanderung-Lagos-de-Covadonga-IMG_1257-6.jpg\"><img decoding=\"async\" class=\"aligncenter size-full wp-image-5213\" src=\"https:\/\/lumulu.de\/blog\/wp-content\/uploads\/2017\/07\/08..21.07.17-Wanderung-Lagos-de-Covadonga-IMG_1257-6.jpg\" alt=\"08..21.07.17 Wanderung, Lagos de Covadonga IMG_1257 (6)\" width=\"1000\" height=\"667\" srcset=\"https:\/\/lumulu.de\/blog\/wp-content\/uploads\/2017\/07\/08..21.07.17-Wanderung-Lagos-de-Covadonga-IMG_1257-6.jpg 1000w, https:\/\/lumulu.de\/blog\/wp-content\/uploads\/2017\/07\/08..21.07.17-Wanderung-Lagos-de-Covadonga-IMG_1257-6-300x200.jpg 300w, https:\/\/lumulu.de\/blog\/wp-content\/uploads\/2017\/07\/08..21.07.17-Wanderung-Lagos-de-Covadonga-IMG_1257-6-768x512.jpg 768w\" sizes=\"(max-width: 1000px) 100vw, 1000px\" \/><\/a><\/p>\n<p style=\"text-align: justify;\"><a href=\"https:\/\/lumulu.de\/blog\/wp-content\/uploads\/2017\/07\/08..21.07.17-Wanderung-Lagos-de-Covadongaum-den-Lago-La-Ercina-1108-m-hoch-IMG_1257-63.jpg\"><img decoding=\"async\" class=\"aligncenter size-full wp-image-5230\" src=\"https:\/\/lumulu.de\/blog\/wp-content\/uploads\/2017\/07\/08..21.07.17-Wanderung-Lagos-de-Covadongaum-den-Lago-La-Ercina-1108-m-hoch-IMG_1257-63.jpg\" alt=\"08..21.07.17 Wanderung, Lagos de Covadonga,um den Lago La Ercina 1108 m hoch IMG_1257 (63)\" width=\"1000\" height=\"667\" srcset=\"https:\/\/lumulu.de\/blog\/wp-content\/uploads\/2017\/07\/08..21.07.17-Wanderung-Lagos-de-Covadongaum-den-Lago-La-Ercina-1108-m-hoch-IMG_1257-63.jpg 1000w, https:\/\/lumulu.de\/blog\/wp-content\/uploads\/2017\/07\/08..21.07.17-Wanderung-Lagos-de-Covadongaum-den-Lago-La-Ercina-1108-m-hoch-IMG_1257-63-300x200.jpg 300w, https:\/\/lumulu.de\/blog\/wp-content\/uploads\/2017\/07\/08..21.07.17-Wanderung-Lagos-de-Covadongaum-den-Lago-La-Ercina-1108-m-hoch-IMG_1257-63-768x512.jpg 768w\" sizes=\"(max-width: 1000px) 100vw, 1000px\" \/><\/a> <a href=\"https:\/\/lumulu.de\/blog\/wp-content\/uploads\/2017\/07\/08..21.07.17-Wanderung-Lagos-de-Covadongaum-den-Lago-La-Ercina-1108-m-hoch-IMG_1257-61.jpg\"><img decoding=\"async\" class=\"aligncenter size-full wp-image-5229\" src=\"https:\/\/lumulu.de\/blog\/wp-content\/uploads\/2017\/07\/08..21.07.17-Wanderung-Lagos-de-Covadongaum-den-Lago-La-Ercina-1108-m-hoch-IMG_1257-61.jpg\" alt=\"08..21.07.17 Wanderung, Lagos de Covadonga,um den Lago La Ercina 1108 m hoch IMG_1257 (61)\" width=\"1000\" height=\"667\" srcset=\"https:\/\/lumulu.de\/blog\/wp-content\/uploads\/2017\/07\/08..21.07.17-Wanderung-Lagos-de-Covadongaum-den-Lago-La-Ercina-1108-m-hoch-IMG_1257-61.jpg 1000w, https:\/\/lumulu.de\/blog\/wp-content\/uploads\/2017\/07\/08..21.07.17-Wanderung-Lagos-de-Covadongaum-den-Lago-La-Ercina-1108-m-hoch-IMG_1257-61-300x200.jpg 300w, https:\/\/lumulu.de\/blog\/wp-content\/uploads\/2017\/07\/08..21.07.17-Wanderung-Lagos-de-Covadongaum-den-Lago-La-Ercina-1108-m-hoch-IMG_1257-61-768x512.jpg 768w\" sizes=\"(max-width: 1000px) 100vw, 1000px\" \/><\/a> <a href=\"https:\/\/lumulu.de\/blog\/wp-content\/uploads\/2017\/07\/08..21.07.17-Wanderung-Lagos-de-Covadongaum-den-Lago-La-Ercina-1108-m-hoch-IMG_1257-57.jpg\"><img decoding=\"async\" class=\"aligncenter size-full wp-image-5228\" src=\"https:\/\/lumulu.de\/blog\/wp-content\/uploads\/2017\/07\/08..21.07.17-Wanderung-Lagos-de-Covadongaum-den-Lago-La-Ercina-1108-m-hoch-IMG_1257-57.jpg\" alt=\"08..21.07.17 Wanderung, Lagos de Covadonga,um den Lago La Ercina 1108 m hoch IMG_1257 (57)\" width=\"1000\" height=\"667\" srcset=\"https:\/\/lumulu.de\/blog\/wp-content\/uploads\/2017\/07\/08..21.07.17-Wanderung-Lagos-de-Covadongaum-den-Lago-La-Ercina-1108-m-hoch-IMG_1257-57.jpg 1000w, https:\/\/lumulu.de\/blog\/wp-content\/uploads\/2017\/07\/08..21.07.17-Wanderung-Lagos-de-Covadongaum-den-Lago-La-Ercina-1108-m-hoch-IMG_1257-57-300x200.jpg 300w, https:\/\/lumulu.de\/blog\/wp-content\/uploads\/2017\/07\/08..21.07.17-Wanderung-Lagos-de-Covadongaum-den-Lago-La-Ercina-1108-m-hoch-IMG_1257-57-768x512.jpg 768w\" sizes=\"(max-width: 1000px) 100vw, 1000px\" \/><\/a> <a href=\"https:\/\/lumulu.de\/blog\/wp-content\/uploads\/2017\/07\/08..21.07.17-Wanderung-Lagos-de-Covadongaum-den-Lago-La-Ercina-1108-m-hoch-IMG_1257-50.jpg\"><img decoding=\"async\" class=\"aligncenter size-full wp-image-5227\" src=\"https:\/\/lumulu.de\/blog\/wp-content\/uploads\/2017\/07\/08..21.07.17-Wanderung-Lagos-de-Covadongaum-den-Lago-La-Ercina-1108-m-hoch-IMG_1257-50.jpg\" alt=\"08..21.07.17 Wanderung, Lagos de Covadonga,um den Lago La Ercina 1108 m hoch IMG_1257 (50)\" width=\"1000\" height=\"667\" srcset=\"https:\/\/lumulu.de\/blog\/wp-content\/uploads\/2017\/07\/08..21.07.17-Wanderung-Lagos-de-Covadongaum-den-Lago-La-Ercina-1108-m-hoch-IMG_1257-50.jpg 1000w, https:\/\/lumulu.de\/blog\/wp-content\/uploads\/2017\/07\/08..21.07.17-Wanderung-Lagos-de-Covadongaum-den-Lago-La-Ercina-1108-m-hoch-IMG_1257-50-300x200.jpg 300w, https:\/\/lumulu.de\/blog\/wp-content\/uploads\/2017\/07\/08..21.07.17-Wanderung-Lagos-de-Covadongaum-den-Lago-La-Ercina-1108-m-hoch-IMG_1257-50-768x512.jpg 768w\" sizes=\"(max-width: 1000px) 100vw, 1000px\" \/><\/a> <a href=\"https:\/\/lumulu.de\/blog\/wp-content\/uploads\/2017\/07\/08..21.07.17-Wanderung-Lagos-de-Covadongaum-den-Lago-La-Ercina-1108-m-hoch-IMG_1257-38.jpg\"><img decoding=\"async\" class=\"aligncenter size-full wp-image-5226\" src=\"https:\/\/lumulu.de\/blog\/wp-content\/uploads\/2017\/07\/08..21.07.17-Wanderung-Lagos-de-Covadongaum-den-Lago-La-Ercina-1108-m-hoch-IMG_1257-38.jpg\" alt=\"08..21.07.17 Wanderung, Lagos de Covadonga,um den Lago La Ercina 1108 m hoch IMG_1257 (38)\" width=\"1000\" height=\"667\" srcset=\"https:\/\/lumulu.de\/blog\/wp-content\/uploads\/2017\/07\/08..21.07.17-Wanderung-Lagos-de-Covadongaum-den-Lago-La-Ercina-1108-m-hoch-IMG_1257-38.jpg 1000w, https:\/\/lumulu.de\/blog\/wp-content\/uploads\/2017\/07\/08..21.07.17-Wanderung-Lagos-de-Covadongaum-den-Lago-La-Ercina-1108-m-hoch-IMG_1257-38-300x200.jpg 300w, https:\/\/lumulu.de\/blog\/wp-content\/uploads\/2017\/07\/08..21.07.17-Wanderung-Lagos-de-Covadongaum-den-Lago-La-Ercina-1108-m-hoch-IMG_1257-38-768x512.jpg 768w\" sizes=\"(max-width: 1000px) 100vw, 1000px\" \/><\/a><a href=\"https:\/\/lumulu.de\/blog\/wp-content\/uploads\/2017\/07\/08..21.07.17-Wanderung-Lagos-de-Covadongaum-den-Lago-La-Ercina-1108-m-hoch-IMG_1257-35.jpg\"><img decoding=\"async\" class=\"aligncenter size-full wp-image-5225\" src=\"https:\/\/lumulu.de\/blog\/wp-content\/uploads\/2017\/07\/08..21.07.17-Wanderung-Lagos-de-Covadongaum-den-Lago-La-Ercina-1108-m-hoch-IMG_1257-35.jpg\" alt=\"08..21.07.17 Wanderung, Lagos de Covadonga,um den Lago La Ercina 1108 m hoch IMG_1257 (35)\" width=\"1000\" height=\"667\" srcset=\"https:\/\/lumulu.de\/blog\/wp-content\/uploads\/2017\/07\/08..21.07.17-Wanderung-Lagos-de-Covadongaum-den-Lago-La-Ercina-1108-m-hoch-IMG_1257-35.jpg 1000w, https:\/\/lumulu.de\/blog\/wp-content\/uploads\/2017\/07\/08..21.07.17-Wanderung-Lagos-de-Covadongaum-den-Lago-La-Ercina-1108-m-hoch-IMG_1257-35-300x200.jpg 300w, https:\/\/lumulu.de\/blog\/wp-content\/uploads\/2017\/07\/08..21.07.17-Wanderung-Lagos-de-Covadongaum-den-Lago-La-Ercina-1108-m-hoch-IMG_1257-35-768x512.jpg 768w\" sizes=\"(max-width: 1000px) 100vw, 1000px\" \/><\/a> <a href=\"https:\/\/lumulu.de\/blog\/wp-content\/uploads\/2017\/07\/08..21.07.17-Wanderung-Lagos-de-CovadongaMinas-de-Buferrera-IMG_1257-88.jpg\"><img decoding=\"async\" class=\"aligncenter size-full wp-image-5224\" src=\"https:\/\/lumulu.de\/blog\/wp-content\/uploads\/2017\/07\/08..21.07.17-Wanderung-Lagos-de-CovadongaMinas-de-Buferrera-IMG_1257-88.jpg\" alt=\"08..21.07.17 Wanderung, Lagos de Covadonga,Minas de Buferrera IMG_1257 (88)\" width=\"667\" height=\"1000\" srcset=\"https:\/\/lumulu.de\/blog\/wp-content\/uploads\/2017\/07\/08..21.07.17-Wanderung-Lagos-de-CovadongaMinas-de-Buferrera-IMG_1257-88.jpg 667w, https:\/\/lumulu.de\/blog\/wp-content\/uploads\/2017\/07\/08..21.07.17-Wanderung-Lagos-de-CovadongaMinas-de-Buferrera-IMG_1257-88-200x300.jpg 200w\" sizes=\"(max-width: 667px) 100vw, 667px\" \/><\/a> <a href=\"https:\/\/lumulu.de\/blog\/wp-content\/uploads\/2017\/07\/08..21.07.17-Wanderung-Lagos-de-CovadongaLago-Enol-1006m-hoch-IMG_1257-55.jpg\"><img decoding=\"async\" class=\"aligncenter size-full wp-image-5223\" src=\"https:\/\/lumulu.de\/blog\/wp-content\/uploads\/2017\/07\/08..21.07.17-Wanderung-Lagos-de-CovadongaLago-Enol-1006m-hoch-IMG_1257-55.jpg\" alt=\"08..21.07.17 Wanderung, Lagos de Covadonga,Lago Enol 1006m hoch IMG_1257 (55)\" width=\"1000\" height=\"667\" srcset=\"https:\/\/lumulu.de\/blog\/wp-content\/uploads\/2017\/07\/08..21.07.17-Wanderung-Lagos-de-CovadongaLago-Enol-1006m-hoch-IMG_1257-55.jpg 1000w, https:\/\/lumulu.de\/blog\/wp-content\/uploads\/2017\/07\/08..21.07.17-Wanderung-Lagos-de-CovadongaLago-Enol-1006m-hoch-IMG_1257-55-300x200.jpg 300w, https:\/\/lumulu.de\/blog\/wp-content\/uploads\/2017\/07\/08..21.07.17-Wanderung-Lagos-de-CovadongaLago-Enol-1006m-hoch-IMG_1257-55-768x512.jpg 768w\" sizes=\"(max-width: 1000px) 100vw, 1000px\" \/><\/a><a href=\"https:\/\/lumulu.de\/blog\/wp-content\/uploads\/2017\/07\/08..21.07.17-Wanderung-Lagos-de-Covadonga-IMG_1257-36.jpg\"><img decoding=\"async\" class=\"aligncenter size-full wp-image-5214\" src=\"https:\/\/lumulu.de\/blog\/wp-content\/uploads\/2017\/07\/08..21.07.17-Wanderung-Lagos-de-Covadonga-IMG_1257-36.jpg\" alt=\"08..21.07.17 Wanderung, Lagos de Covadonga IMG_1257 (36)\" width=\"1000\" height=\"667\" srcset=\"https:\/\/lumulu.de\/blog\/wp-content\/uploads\/2017\/07\/08..21.07.17-Wanderung-Lagos-de-Covadonga-IMG_1257-36.jpg 1000w, https:\/\/lumulu.de\/blog\/wp-content\/uploads\/2017\/07\/08..21.07.17-Wanderung-Lagos-de-Covadonga-IMG_1257-36-300x200.jpg 300w, https:\/\/lumulu.de\/blog\/wp-content\/uploads\/2017\/07\/08..21.07.17-Wanderung-Lagos-de-Covadonga-IMG_1257-36-768x512.jpg 768w\" sizes=\"(max-width: 1000px) 100vw, 1000px\" \/><\/a> Aber es hat sich gelohnt, denn wir entdeckten auf diesem Weg noch ein kleines Steinhaus, oben am Rande der Felsen, mit vielen H\u00fchnern und saftig gr\u00fcner Wiese. Kurzerhand stiegen wir noch hoch \u2013 und es hat sich gelohnt. Eine \u00e4ltere Frau kam uns entgegen und lie\u00df uns einen Blick in ihre \u201egute Stube\u201c werfen. Es handele sich um eine \u201ePastoria\u201c (das habe ich gleich hinterher nachgeschaut: das ist eine Sch\u00e4ferei). \u00dcberall liegen kleine, runde K\u00e4selaiber und so vermuten wir, dass sie hier oben den K\u00e4se herstellt. Nein, sie w\u00fcrde hier nicht wohnen. Aber ein Bett hat sie hier, wahrscheinlich ist sie zeitweise hier. \u00dcberall um uns rum das Gel\u00e4ut der Kuhglocken und Bl\u00f6ken der K\u00fche, die selbst an steilen Felsabschnitten kein Problem hatten, sich saftiges Gras zu suchen.<br \/>\n<a href=\"https:\/\/lumulu.de\/blog\/wp-content\/uploads\/2017\/07\/08..21.07.17-Wanderung-Lagos-de-Covadonga-IMG_1257-36.jpg\"><img decoding=\"async\" class=\"aligncenter size-full wp-image-5214\" src=\"https:\/\/lumulu.de\/blog\/wp-content\/uploads\/2017\/07\/08..21.07.17-Wanderung-Lagos-de-Covadonga-IMG_1257-36.jpg\" alt=\"08..21.07.17 Wanderung, Lagos de Covadonga IMG_1257 (36)\" width=\"1000\" height=\"667\" srcset=\"https:\/\/lumulu.de\/blog\/wp-content\/uploads\/2017\/07\/08..21.07.17-Wanderung-Lagos-de-Covadonga-IMG_1257-36.jpg 1000w, https:\/\/lumulu.de\/blog\/wp-content\/uploads\/2017\/07\/08..21.07.17-Wanderung-Lagos-de-Covadonga-IMG_1257-36-300x200.jpg 300w, https:\/\/lumulu.de\/blog\/wp-content\/uploads\/2017\/07\/08..21.07.17-Wanderung-Lagos-de-Covadonga-IMG_1257-36-768x512.jpg 768w\" sizes=\"(max-width: 1000px) 100vw, 1000px\" \/><\/a> <a href=\"https:\/\/lumulu.de\/blog\/wp-content\/uploads\/2017\/07\/08..21.07.17-Wanderung-Lagos-de-Covadonga-IMG_1257-45.jpg\"><img decoding=\"async\" class=\"aligncenter size-full wp-image-5217\" src=\"https:\/\/lumulu.de\/blog\/wp-content\/uploads\/2017\/07\/08..21.07.17-Wanderung-Lagos-de-Covadonga-IMG_1257-45.jpg\" alt=\"08..21.07.17 Wanderung, Lagos de Covadonga IMG_1257 (45)\" width=\"1000\" height=\"667\" srcset=\"https:\/\/lumulu.de\/blog\/wp-content\/uploads\/2017\/07\/08..21.07.17-Wanderung-Lagos-de-Covadonga-IMG_1257-45.jpg 1000w, https:\/\/lumulu.de\/blog\/wp-content\/uploads\/2017\/07\/08..21.07.17-Wanderung-Lagos-de-Covadonga-IMG_1257-45-300x200.jpg 300w, https:\/\/lumulu.de\/blog\/wp-content\/uploads\/2017\/07\/08..21.07.17-Wanderung-Lagos-de-Covadonga-IMG_1257-45-768x512.jpg 768w\" sizes=\"(max-width: 1000px) 100vw, 1000px\" \/><\/a> <a href=\"https:\/\/lumulu.de\/blog\/wp-content\/uploads\/2017\/07\/08..21.07.17-Wanderung-Lagos-de-Covadonga-IMG_1257-41.jpg\"><img decoding=\"async\" class=\"aligncenter size-full wp-image-5216\" src=\"https:\/\/lumulu.de\/blog\/wp-content\/uploads\/2017\/07\/08..21.07.17-Wanderung-Lagos-de-Covadonga-IMG_1257-41.jpg\" alt=\"08..21.07.17 Wanderung, Lagos de Covadonga IMG_1257 (41)\" width=\"1000\" height=\"667\" srcset=\"https:\/\/lumulu.de\/blog\/wp-content\/uploads\/2017\/07\/08..21.07.17-Wanderung-Lagos-de-Covadonga-IMG_1257-41.jpg 1000w, https:\/\/lumulu.de\/blog\/wp-content\/uploads\/2017\/07\/08..21.07.17-Wanderung-Lagos-de-Covadonga-IMG_1257-41-300x200.jpg 300w, https:\/\/lumulu.de\/blog\/wp-content\/uploads\/2017\/07\/08..21.07.17-Wanderung-Lagos-de-Covadonga-IMG_1257-41-768x512.jpg 768w\" sizes=\"(max-width: 1000px) 100vw, 1000px\" \/><\/a> <a href=\"https:\/\/lumulu.de\/blog\/wp-content\/uploads\/2017\/07\/08..21.07.17-Wanderung-Lagos-de-Covadonga-IMG_1257-37.jpg\"><img decoding=\"async\" class=\"aligncenter size-full wp-image-5215\" src=\"https:\/\/lumulu.de\/blog\/wp-content\/uploads\/2017\/07\/08..21.07.17-Wanderung-Lagos-de-Covadonga-IMG_1257-37.jpg\" alt=\"08..21.07.17 Wanderung, Lagos de Covadonga IMG_1257 (37)\" width=\"1000\" height=\"667\" srcset=\"https:\/\/lumulu.de\/blog\/wp-content\/uploads\/2017\/07\/08..21.07.17-Wanderung-Lagos-de-Covadonga-IMG_1257-37.jpg 1000w, https:\/\/lumulu.de\/blog\/wp-content\/uploads\/2017\/07\/08..21.07.17-Wanderung-Lagos-de-Covadonga-IMG_1257-37-300x200.jpg 300w, https:\/\/lumulu.de\/blog\/wp-content\/uploads\/2017\/07\/08..21.07.17-Wanderung-Lagos-de-Covadonga-IMG_1257-37-768x512.jpg 768w\" sizes=\"(max-width: 1000px) 100vw, 1000px\" \/><\/a> <a href=\"https:\/\/lumulu.de\/blog\/wp-content\/uploads\/2017\/07\/08..21.07.17-Wanderung-Lagos-de-Covadonga-IMG_1257-46.jpg\"><img decoding=\"async\" class=\"aligncenter size-full wp-image-5218\" src=\"https:\/\/lumulu.de\/blog\/wp-content\/uploads\/2017\/07\/08..21.07.17-Wanderung-Lagos-de-Covadonga-IMG_1257-46.jpg\" alt=\"08..21.07.17 Wanderung, Lagos de Covadonga IMG_1257 (46)\" width=\"1000\" height=\"667\" srcset=\"https:\/\/lumulu.de\/blog\/wp-content\/uploads\/2017\/07\/08..21.07.17-Wanderung-Lagos-de-Covadonga-IMG_1257-46.jpg 1000w, https:\/\/lumulu.de\/blog\/wp-content\/uploads\/2017\/07\/08..21.07.17-Wanderung-Lagos-de-Covadonga-IMG_1257-46-300x200.jpg 300w, https:\/\/lumulu.de\/blog\/wp-content\/uploads\/2017\/07\/08..21.07.17-Wanderung-Lagos-de-Covadonga-IMG_1257-46-768x512.jpg 768w\" sizes=\"(max-width: 1000px) 100vw, 1000px\" \/><\/a> <a href=\"https:\/\/lumulu.de\/blog\/wp-content\/uploads\/2017\/07\/08..21.07.17-Wanderung-Lagos-de-Covadonga-IMG_1257-52.jpg\"><img decoding=\"async\" class=\"aligncenter size-full wp-image-5219\" src=\"https:\/\/lumulu.de\/blog\/wp-content\/uploads\/2017\/07\/08..21.07.17-Wanderung-Lagos-de-Covadonga-IMG_1257-52.jpg\" alt=\"08..21.07.17 Wanderung, Lagos de Covadonga IMG_1257 (52)\" width=\"1000\" height=\"667\" srcset=\"https:\/\/lumulu.de\/blog\/wp-content\/uploads\/2017\/07\/08..21.07.17-Wanderung-Lagos-de-Covadonga-IMG_1257-52.jpg 1000w, https:\/\/lumulu.de\/blog\/wp-content\/uploads\/2017\/07\/08..21.07.17-Wanderung-Lagos-de-Covadonga-IMG_1257-52-300x200.jpg 300w, https:\/\/lumulu.de\/blog\/wp-content\/uploads\/2017\/07\/08..21.07.17-Wanderung-Lagos-de-Covadonga-IMG_1257-52-768x512.jpg 768w\" sizes=\"(max-width: 1000px) 100vw, 1000px\" \/><\/a> <a href=\"https:\/\/lumulu.de\/blog\/wp-content\/uploads\/2017\/07\/08..21.07.17-Wanderung-Lagos-de-Covadonga-IMG_1257-57.jpg\"><img decoding=\"async\" class=\"aligncenter size-full wp-image-5220\" src=\"https:\/\/lumulu.de\/blog\/wp-content\/uploads\/2017\/07\/08..21.07.17-Wanderung-Lagos-de-Covadonga-IMG_1257-57.jpg\" alt=\"08..21.07.17 Wanderung, Lagos de Covadonga IMG_1257 (57)\" width=\"1000\" height=\"667\" srcset=\"https:\/\/lumulu.de\/blog\/wp-content\/uploads\/2017\/07\/08..21.07.17-Wanderung-Lagos-de-Covadonga-IMG_1257-57.jpg 1000w, https:\/\/lumulu.de\/blog\/wp-content\/uploads\/2017\/07\/08..21.07.17-Wanderung-Lagos-de-Covadonga-IMG_1257-57-300x200.jpg 300w, https:\/\/lumulu.de\/blog\/wp-content\/uploads\/2017\/07\/08..21.07.17-Wanderung-Lagos-de-Covadonga-IMG_1257-57-768x512.jpg 768w\" sizes=\"(max-width: 1000px) 100vw, 1000px\" \/><\/a><\/p>\n<p style=\"text-align: justify;\"><a href=\"https:\/\/lumulu.de\/blog\/wp-content\/uploads\/2017\/07\/08..21.07.17-Wanderung-Lagos-de-Covadonga-IMG_1257-66.jpg\"><img decoding=\"async\" class=\"aligncenter size-full wp-image-5221\" src=\"https:\/\/lumulu.de\/blog\/wp-content\/uploads\/2017\/07\/08..21.07.17-Wanderung-Lagos-de-Covadonga-IMG_1257-66.jpg\" alt=\"08..21.07.17 Wanderung, Lagos de Covadonga IMG_1257 (66)\" width=\"1000\" height=\"667\" srcset=\"https:\/\/lumulu.de\/blog\/wp-content\/uploads\/2017\/07\/08..21.07.17-Wanderung-Lagos-de-Covadonga-IMG_1257-66.jpg 1000w, https:\/\/lumulu.de\/blog\/wp-content\/uploads\/2017\/07\/08..21.07.17-Wanderung-Lagos-de-Covadonga-IMG_1257-66-300x200.jpg 300w, https:\/\/lumulu.de\/blog\/wp-content\/uploads\/2017\/07\/08..21.07.17-Wanderung-Lagos-de-Covadonga-IMG_1257-66-768x512.jpg 768w\" sizes=\"(max-width: 1000px) 100vw, 1000px\" \/><\/a>Wiederum hatten wir einen herrlichen, erlebnisreichen Punkt ausgesucht und wollen nun mit diesen wunderbaren Eindr\u00fccken weiter nach Arenas de Cabrales, wo uns die Schlucht erwartet \u2026<\/p>\n<p style=\"text-align: justify;\">Es gr\u00fc\u00dfen euch herzlich eure Weltenbummler<br \/>\nBarbara &amp; Paul<\/p>\n","protected":false},"excerpt":{"rendered":"<p>Liebe Blogfreunde, inzwischen sind wir im traumhaft sch\u00f6nen Nationalpark \u201ePicos de Europa\u201c angekommen, in dem es noch Wildlachse, W\u00f6lfe und B\u00e4ren gibt. Und wie gerufen h\u00f6ren wir, genau jetzt, am sp\u00e4ten Nachmittag, w\u00e4hrend ich das hier mit Blick auf einen &hellip; <a href=\"https:\/\/lumulu.de\/blog\/2017\/07\/25\/picos-de-europa-teil-i-die-bergseen\/\">Weiterlesen <span class=\"meta-nav\">&rarr;<\/span><\/a><\/p>\n","protected":false},"author":2,"featured_media":0,"comment_status":"open","ping_status":"closed","sticky":false,"template":"","format":"standard","meta":{"footnotes":""},"categories":[1],"tags":[],"class_list":["post-5196","post","type-post","status-publish","format-standard","hentry","category-allgemein"],"_links":{"self":[{"href":"https:\/\/lumulu.de\/blog\/wp-json\/wp\/v2\/posts\/5196","targetHints":{"allow":["GET"]}}],"collection":[{"href":"https:\/\/lumulu.de\/blog\/wp-json\/wp\/v2\/posts"}],"about":[{"href":"https:\/\/lumulu.de\/blog\/wp-json\/wp\/v2\/types\/post"}],"author":[{"embeddable":true,"href":"https:\/\/lumulu.de\/blog\/wp-json\/wp\/v2\/users\/2"}],"replies":[{"embeddable":true,"href":"https:\/\/lumulu.de\/blog\/wp-json\/wp\/v2\/comments?post=5196"}],"version-history":[{"count":3,"href":"https:\/\/lumulu.de\/blog\/wp-json\/wp\/v2\/posts\/5196\/revisions"}],"predecessor-version":[{"id":5233,"href":"https:\/\/lumulu.de\/blog\/wp-json\/wp\/v2\/posts\/5196\/revisions\/5233"}],"wp:attachment":[{"href":"https:\/\/lumulu.de\/blog\/wp-json\/wp\/v2\/media?parent=5196"}],"wp:term":[{"taxonomy":"category","embeddable":true,"href":"https:\/\/lumulu.de\/blog\/wp-json\/wp\/v2\/categories?post=5196"},{"taxonomy":"post_tag","embeddable":true,"href":"https:\/\/lumulu.de\/blog\/wp-json\/wp\/v2\/tags?post=5196"}],"curies":[{"name":"wp","href":"https:\/\/api.w.org\/{rel}","templated":true}]}}