{"id":5129,"date":"2017-07-20T18:00:22","date_gmt":"2017-07-20T16:00:22","guid":{"rendered":"http:\/\/lumulu.de\/blog\/?p=5129"},"modified":"2017-07-20T22:31:27","modified_gmt":"2017-07-20T20:31:27","slug":"schon-wieder-3-paesse-pamblona-und-die-fiesta-san-fermin","status":"publish","type":"post","link":"https:\/\/lumulu.de\/blog\/2017\/07\/20\/schon-wieder-3-paesse-pamblona-und-die-fiesta-san-fermin\/","title":{"rendered":"Schon wieder 3 P\u00e4sse, Pamplona und die Fiesta San Fermin"},"content":{"rendered":"<p style=\"text-align: left;\">Hola liebe Blogfreunde,<\/p>\n<p style=\"text-align: left;\">es ist so sch\u00f6n, dass ihr bei unserer Tour dabei seid! Ich zeige euch jetzt mal, wie das aussieht, wenn ich \u201earbeite\u201c.<br \/>\n<a href=\"https:\/\/lumulu.de\/blog\/wp-content\/uploads\/2017\/07\/05..15.07.17-CP-in-Ezcabarte-Pamplona-6.jpg\"><img decoding=\"async\" class=\"aligncenter size-full wp-image-5131\" src=\"https:\/\/lumulu.de\/blog\/wp-content\/uploads\/2017\/07\/05..15.07.17-CP-in-Ezcabarte-Pamplona-6.jpg\" alt=\"05..15.07.17 CP in Ezcabarte-Pamplona (6)\" width=\"1000\" height=\"667\" srcset=\"https:\/\/lumulu.de\/blog\/wp-content\/uploads\/2017\/07\/05..15.07.17-CP-in-Ezcabarte-Pamplona-6.jpg 1000w, https:\/\/lumulu.de\/blog\/wp-content\/uploads\/2017\/07\/05..15.07.17-CP-in-Ezcabarte-Pamplona-6-300x200.jpg 300w, https:\/\/lumulu.de\/blog\/wp-content\/uploads\/2017\/07\/05..15.07.17-CP-in-Ezcabarte-Pamplona-6-768x512.jpg 768w\" sizes=\"(max-width: 1000px) 100vw, 1000px\" \/><\/a>Bei Paul sieht das so aus:<br \/>\n<a href=\"https:\/\/lumulu.de\/blog\/wp-content\/uploads\/2017\/07\/06..-Paul-bei-der-Arbeit-IMG_1137-2.jpg\"><img decoding=\"async\" class=\"aligncenter size-full wp-image-5132\" src=\"https:\/\/lumulu.de\/blog\/wp-content\/uploads\/2017\/07\/06..-Paul-bei-der-Arbeit-IMG_1137-2.jpg\" alt=\"06.. Paul bei der Arbeit IMG_1137 (2)\" width=\"1000\" height=\"667\" srcset=\"https:\/\/lumulu.de\/blog\/wp-content\/uploads\/2017\/07\/06..-Paul-bei-der-Arbeit-IMG_1137-2.jpg 1000w, https:\/\/lumulu.de\/blog\/wp-content\/uploads\/2017\/07\/06..-Paul-bei-der-Arbeit-IMG_1137-2-300x200.jpg 300w, https:\/\/lumulu.de\/blog\/wp-content\/uploads\/2017\/07\/06..-Paul-bei-der-Arbeit-IMG_1137-2-768x512.jpg 768w\" sizes=\"(max-width: 1000px) 100vw, 1000px\" \/><\/a>Unser Leben spielt sich an manchen Tagen, bei der \u00dcberwindung gr\u00f6\u00dferer Entfernungen, tats\u00e4chlich komplett im Wohnmobil ab. Wir brauchen gar nicht auszusteigen. Es ist, als w\u00fcrdet ihr mit eurem Haus wegfahren und wieder nach Hause kommen. Morgens nach dem Fr\u00fchst\u00fcck sp\u00fclen wir \u201ein der K\u00fcche\u201c das Geschirr, dann drehen wir unsere Fahrersitze um und fahren los. Mittags suchen wir uns ein sch\u00f6nes Pl\u00e4tzchen und essen, meistens im Wohnmobil, weil es sonst vieeel zu lange dauert, bis die St\u00fchle und der Tisch wieder aufger\u00e4umt sind (O-Ton Paul ;-), dann setzen wir uns wieder ans Steuer und fahren bis zum Kaffee trinken und danach bis zum Abendessen. Zwischendurch halten wir an den besonders tollen Ausblicken und steigen mal kurz aus, um Luft zu holen. Meistens aber findet zu irgendeinem Zeitpunkt eine kurze Besichtigung oder ein Einkauf statt. Und wenn wir dann an einem unserer Wunschziele sind, verlassen wir unser rollendes Haus nat\u00fcrlich auch mal f\u00fcr l\u00e4ngere Zeit. Zum Wandern, oder mit dem Roller oder aber zur Stadtbesichtigung. Aber jetzt habe ich mich richtig verplaudert. Zur\u00fcck zum Thema.<br \/>\nWir hatten ja jetzt die drei P\u00e4sse zu \u00fcberwinden (ihr erinnert euch?) und taten das in zwar herrlicher Landschaft, leider aber bei nicht so gutem Wetter. Vielleicht wundert ihr euch ja, dass wir so viele Passstra\u00dfen fahren, aber wenn ihr Pauls Geheimnis der Routenplanung erfahrt, wird einiges klarer: er hat die Tour in weiten Teiilen aus der Motorrad-Karte des ADAC \u00fcbernommen &#8230; ich muss nichts hinzuf\u00fcgen??<\/p>\n<p style=\"text-align: justify;\">Eine \u00dcbernachtung hatten wir in Larrau \u2013 und dort auch eine nette Begegnung.<br \/>\n<a href=\"https:\/\/lumulu.de\/blog\/wp-content\/uploads\/2017\/07\/04..In-Larrau-\u00dcbernachtung-am-13.07.17-IMG_0840-17.jpg\"><img decoding=\"async\" class=\"aligncenter size-full wp-image-5134\" src=\"https:\/\/lumulu.de\/blog\/wp-content\/uploads\/2017\/07\/04..In-Larrau-\u00dcbernachtung-am-13.07.17-IMG_0840-17.jpg\" alt=\"04..In Larrau \u00dcbernachtung am 13.07.17 IMG_0840 (17)\" width=\"1000\" height=\"667\" srcset=\"https:\/\/lumulu.de\/blog\/wp-content\/uploads\/2017\/07\/04..In-Larrau-\u00dcbernachtung-am-13.07.17-IMG_0840-17.jpg 1000w, https:\/\/lumulu.de\/blog\/wp-content\/uploads\/2017\/07\/04..In-Larrau-\u00dcbernachtung-am-13.07.17-IMG_0840-17-300x200.jpg 300w, https:\/\/lumulu.de\/blog\/wp-content\/uploads\/2017\/07\/04..In-Larrau-\u00dcbernachtung-am-13.07.17-IMG_0840-17-768x512.jpg 768w\" sizes=\"(max-width: 1000px) 100vw, 1000px\" \/><\/a> <a href=\"https:\/\/lumulu.de\/blog\/wp-content\/uploads\/2017\/07\/04..In-Larrau-\u00dcbernachtung-am-13.07.17-IMG_0840-18.jpg\"><img decoding=\"async\" class=\"aligncenter size-full wp-image-5135\" src=\"https:\/\/lumulu.de\/blog\/wp-content\/uploads\/2017\/07\/04..In-Larrau-\u00dcbernachtung-am-13.07.17-IMG_0840-18.jpg\" alt=\"04..In Larrau \u00dcbernachtung am 13.07.17 IMG_0840 (18)\" width=\"1000\" height=\"667\" srcset=\"https:\/\/lumulu.de\/blog\/wp-content\/uploads\/2017\/07\/04..In-Larrau-\u00dcbernachtung-am-13.07.17-IMG_0840-18.jpg 1000w, https:\/\/lumulu.de\/blog\/wp-content\/uploads\/2017\/07\/04..In-Larrau-\u00dcbernachtung-am-13.07.17-IMG_0840-18-300x200.jpg 300w, https:\/\/lumulu.de\/blog\/wp-content\/uploads\/2017\/07\/04..In-Larrau-\u00dcbernachtung-am-13.07.17-IMG_0840-18-768x512.jpg 768w\" sizes=\"(max-width: 1000px) 100vw, 1000px\" \/><\/a>Wir liefen eine Runde durch das reizvolle \u00d6rtchen, kaum ein Mensch auf der Stra\u00dfe und erkundeten, wo die n\u00e4chste Boulangerie ist, damit wir am n\u00e4chsten Morgen ein Baguette kaufen k\u00f6nnen. Weit und breit nichts zu sehen, da finden wir eine B\u00e4uerin, die auf dem Feld vor ihrem Haus arbeitet und sprechen sie an. Sie z\u00f6gert einen Moment, dann wirft sie ihren Rechen hin und sagt, dass sie mit uns kommt, um es uns zu zeigen. Ich erkl\u00e4re ihr, dass wir Deutsche sind und habe mich entschuldigt, dass wir nicht so gut franz\u00f6sisch sprechen, da strahlt sie uns an und sagt: \u201epour moi c\u2019est \u00e9gal, Alemagne, Francais ou autres, pur moi nous sommes tous gens!!\u201c (F\u00fcr mich ist es egal ob Deutsche, Franzosen oder andere, f\u00fcr mich sind wir alle Menschen!!) Wie sch\u00f6n und einfach sie das gesagt hat.<br \/>\nAm n\u00e4chsten Morgen hingen die Wolken tief und es regnete sogar ab und zu. Nur zur Erinnerung: wir befinden uns gerade auf der franz\u00f6sischen Seite. Wir schl\u00e4ngelten uns zum Pass \u201aPuerte de Larrau\u2018 (1573m) hoch, mussten durch einen Tunnel durch und \u2026 trauten unseren Augen kaum: hier war der Pass, die spanische Grenze, und \u2026 die Sonne! Strahlend blauer Himmel in Spanien, wir konnten es kaum glauben. Und noch obendrauf hatten wir das gleiche Ph\u00e4nomen wie am Tafelberg in S\u00fcdafrika. Die Wolken rollten sich \u00fcber das Gebirge und l\u00f6sten sich sofort wieder auf. Es sieht aus, als k\u00e4me eine unendliche Wolkenwalze \u00fcber den Berg. Es gibt Naturschauspiele \u2026 unglaublich sch\u00f6n.<br \/>\n<a href=\"https:\/\/lumulu.de\/blog\/wp-content\/uploads\/2017\/07\/01..Zum-Col-du-Soulor-1474-Meter-IMG_0812-2.jpg\"><img decoding=\"async\" class=\"aligncenter size-full wp-image-5136\" src=\"https:\/\/lumulu.de\/blog\/wp-content\/uploads\/2017\/07\/01..Zum-Col-du-Soulor-1474-Meter-IMG_0812-2.jpg\" alt=\"01..Zum Col du Soulor 1474 Meter IMG_0812 (2)\" width=\"1000\" height=\"667\" srcset=\"https:\/\/lumulu.de\/blog\/wp-content\/uploads\/2017\/07\/01..Zum-Col-du-Soulor-1474-Meter-IMG_0812-2.jpg 1000w, https:\/\/lumulu.de\/blog\/wp-content\/uploads\/2017\/07\/01..Zum-Col-du-Soulor-1474-Meter-IMG_0812-2-300x200.jpg 300w, https:\/\/lumulu.de\/blog\/wp-content\/uploads\/2017\/07\/01..Zum-Col-du-Soulor-1474-Meter-IMG_0812-2-768x512.jpg 768w\" sizes=\"(max-width: 1000px) 100vw, 1000px\" \/><\/a> <a href=\"https:\/\/lumulu.de\/blog\/wp-content\/uploads\/2017\/07\/02..Auf-dem-Col-d\u00c0ubisque-1709-Meter-IMG_0834-12.jpg\"><img decoding=\"async\" class=\"aligncenter size-full wp-image-5137\" src=\"https:\/\/lumulu.de\/blog\/wp-content\/uploads\/2017\/07\/02..Auf-dem-Col-d\u00c0ubisque-1709-Meter-IMG_0834-12.jpg\" alt=\"02..Auf dem Col d\u00c0ubisque 1709 Meter IMG_0834 (12)\" width=\"1000\" height=\"667\" srcset=\"https:\/\/lumulu.de\/blog\/wp-content\/uploads\/2017\/07\/02..Auf-dem-Col-d\u00c0ubisque-1709-Meter-IMG_0834-12.jpg 1000w, https:\/\/lumulu.de\/blog\/wp-content\/uploads\/2017\/07\/02..Auf-dem-Col-d\u00c0ubisque-1709-Meter-IMG_0834-12-300x200.jpg 300w, https:\/\/lumulu.de\/blog\/wp-content\/uploads\/2017\/07\/02..Auf-dem-Col-d\u00c0ubisque-1709-Meter-IMG_0834-12-768x512.jpg 768w\" sizes=\"(max-width: 1000px) 100vw, 1000px\" \/><\/a><a href=\"https:\/\/lumulu.de\/blog\/wp-content\/uploads\/2017\/07\/01...Auf-dem-Puerto-de-Larau-1573-Meter-IMG_0852-11.jpg\"><img decoding=\"async\" class=\"aligncenter size-full wp-image-5138\" src=\"https:\/\/lumulu.de\/blog\/wp-content\/uploads\/2017\/07\/01...Auf-dem-Puerto-de-Larau-1573-Meter-IMG_0852-11.jpg\" alt=\"01...Auf dem Puerto de Larau 1573 Meter IMG_0852 (11)\" width=\"1000\" height=\"667\" srcset=\"https:\/\/lumulu.de\/blog\/wp-content\/uploads\/2017\/07\/01...Auf-dem-Puerto-de-Larau-1573-Meter-IMG_0852-11.jpg 1000w, https:\/\/lumulu.de\/blog\/wp-content\/uploads\/2017\/07\/01...Auf-dem-Puerto-de-Larau-1573-Meter-IMG_0852-11-300x200.jpg 300w, https:\/\/lumulu.de\/blog\/wp-content\/uploads\/2017\/07\/01...Auf-dem-Puerto-de-Larau-1573-Meter-IMG_0852-11-768x512.jpg 768w\" sizes=\"(max-width: 1000px) 100vw, 1000px\" \/><\/a> <a href=\"https:\/\/lumulu.de\/blog\/wp-content\/uploads\/2017\/07\/02a...Unterwegs-nach-Pamplona-IMG_0882-3.jpg\"><img decoding=\"async\" class=\"aligncenter size-full wp-image-5139\" src=\"https:\/\/lumulu.de\/blog\/wp-content\/uploads\/2017\/07\/02a...Unterwegs-nach-Pamplona-IMG_0882-3.jpg\" alt=\"02a...Unterwegs nach Pamplona IMG_0882 (3)\" width=\"1000\" height=\"667\" srcset=\"https:\/\/lumulu.de\/blog\/wp-content\/uploads\/2017\/07\/02a...Unterwegs-nach-Pamplona-IMG_0882-3.jpg 1000w, https:\/\/lumulu.de\/blog\/wp-content\/uploads\/2017\/07\/02a...Unterwegs-nach-Pamplona-IMG_0882-3-300x200.jpg 300w, https:\/\/lumulu.de\/blog\/wp-content\/uploads\/2017\/07\/02a...Unterwegs-nach-Pamplona-IMG_0882-3-768x512.jpg 768w\" sizes=\"(max-width: 1000px) 100vw, 1000px\" \/><\/a>Diese Gebirgsgegenden und \u2013d\u00f6rfchen sind sowas von reizvoll und Ruhe ausstrahlend, wir m\u00fcssen es uns immer wieder gegenseitig versichern. Beschreiben k\u00f6nnen wir das gar nicht so richtig, wir versuchen es ja immer wieder mit Fotos, aber selbst das ist nur die H\u00e4lfte der Sch\u00f6nheit.<\/p>\n<p style=\"text-align: justify;\"><a href=\"https:\/\/lumulu.de\/blog\/wp-content\/uploads\/2017\/07\/02...Ezcaroz-IMG_0873-1.jpg\"><img decoding=\"async\" class=\"aligncenter size-full wp-image-5140\" src=\"https:\/\/lumulu.de\/blog\/wp-content\/uploads\/2017\/07\/02...Ezcaroz-IMG_0873-1.jpg\" alt=\"02...Ezca&#96;roz IMG_0873 (1)\" width=\"1000\" height=\"667\" srcset=\"https:\/\/lumulu.de\/blog\/wp-content\/uploads\/2017\/07\/02...Ezcaroz-IMG_0873-1.jpg 1000w, https:\/\/lumulu.de\/blog\/wp-content\/uploads\/2017\/07\/02...Ezcaroz-IMG_0873-1-300x200.jpg 300w, https:\/\/lumulu.de\/blog\/wp-content\/uploads\/2017\/07\/02...Ezcaroz-IMG_0873-1-768x512.jpg 768w\" sizes=\"(max-width: 1000px) 100vw, 1000px\" \/><\/a>Auch die dort fast frei laufenden K\u00fche, Pferde und Schafherden, die uns immer wieder begegnen, wir kommen uns vor, wie in einer anderen Welt. Gut, wir sind in einer anderen Welt.<br \/>\n<a href=\"https:\/\/lumulu.de\/blog\/wp-content\/uploads\/2017\/07\/01...Auf-dem-Puerto-de-Larau-1573-Meter-IMG_0852-4.jpg\"><img decoding=\"async\" class=\"aligncenter size-full wp-image-5141\" src=\"https:\/\/lumulu.de\/blog\/wp-content\/uploads\/2017\/07\/01...Auf-dem-Puerto-de-Larau-1573-Meter-IMG_0852-4.jpg\" alt=\"01...Auf dem Puerto de Larau 1573 Meter IMG_0852 (4)\" width=\"1000\" height=\"667\" srcset=\"https:\/\/lumulu.de\/blog\/wp-content\/uploads\/2017\/07\/01...Auf-dem-Puerto-de-Larau-1573-Meter-IMG_0852-4.jpg 1000w, https:\/\/lumulu.de\/blog\/wp-content\/uploads\/2017\/07\/01...Auf-dem-Puerto-de-Larau-1573-Meter-IMG_0852-4-300x200.jpg 300w, https:\/\/lumulu.de\/blog\/wp-content\/uploads\/2017\/07\/01...Auf-dem-Puerto-de-Larau-1573-Meter-IMG_0852-4-768x512.jpg 768w\" sizes=\"(max-width: 1000px) 100vw, 1000px\" \/><\/a> <a href=\"https:\/\/lumulu.de\/blog\/wp-content\/uploads\/2017\/07\/02..Auf-dem-Col-d\u00c0ubisque-1709-Meter-IMG_0834-3.jpg\"><img decoding=\"async\" class=\"aligncenter size-full wp-image-5142\" src=\"https:\/\/lumulu.de\/blog\/wp-content\/uploads\/2017\/07\/02..Auf-dem-Col-d\u00c0ubisque-1709-Meter-IMG_0834-3.jpg\" alt=\"02..Auf dem Col d\u00c0ubisque 1709 Meter IMG_0834 (3)\" width=\"1000\" height=\"667\" srcset=\"https:\/\/lumulu.de\/blog\/wp-content\/uploads\/2017\/07\/02..Auf-dem-Col-d\u00c0ubisque-1709-Meter-IMG_0834-3.jpg 1000w, https:\/\/lumulu.de\/blog\/wp-content\/uploads\/2017\/07\/02..Auf-dem-Col-d\u00c0ubisque-1709-Meter-IMG_0834-3-300x200.jpg 300w, https:\/\/lumulu.de\/blog\/wp-content\/uploads\/2017\/07\/02..Auf-dem-Col-d\u00c0ubisque-1709-Meter-IMG_0834-3-768x512.jpg 768w\" sizes=\"(max-width: 1000px) 100vw, 1000px\" \/><\/a> <a href=\"https:\/\/lumulu.de\/blog\/wp-content\/uploads\/2017\/07\/02..Auf-dem-Col-d\u00c0ubisque-1709-Meter-IMG_0834-17.jpg\"><img decoding=\"async\" class=\"aligncenter size-full wp-image-5143\" src=\"https:\/\/lumulu.de\/blog\/wp-content\/uploads\/2017\/07\/02..Auf-dem-Col-d\u00c0ubisque-1709-Meter-IMG_0834-17.jpg\" alt=\"02..Auf dem Col d\u00c0ubisque 1709 Meter IMG_0834 (17)\" width=\"1000\" height=\"667\" srcset=\"https:\/\/lumulu.de\/blog\/wp-content\/uploads\/2017\/07\/02..Auf-dem-Col-d\u00c0ubisque-1709-Meter-IMG_0834-17.jpg 1000w, https:\/\/lumulu.de\/blog\/wp-content\/uploads\/2017\/07\/02..Auf-dem-Col-d\u00c0ubisque-1709-Meter-IMG_0834-17-300x200.jpg 300w, https:\/\/lumulu.de\/blog\/wp-content\/uploads\/2017\/07\/02..Auf-dem-Col-d\u00c0ubisque-1709-Meter-IMG_0834-17-768x512.jpg 768w\" sizes=\"(max-width: 1000px) 100vw, 1000px\" \/><\/a>Nat\u00fcrlich hat sich wiederum ein \u201af\u00fcr-unseren-Enkelsohn-Foto\u2018 ergeben. Josa, sind die nicht s\u00fc\u00df? Und siehst du die gro\u00dfe Glocke um ihren Hals?<br \/>\n<a href=\"https:\/\/lumulu.de\/blog\/wp-content\/uploads\/2017\/07\/02..Auf-dem-Col-d\u00c0ubisque-1709-Meter-IMG_0834-8.jpg\"><img decoding=\"async\" class=\"aligncenter size-full wp-image-5144\" src=\"https:\/\/lumulu.de\/blog\/wp-content\/uploads\/2017\/07\/02..Auf-dem-Col-d\u00c0ubisque-1709-Meter-IMG_0834-8.jpg\" alt=\"02..Auf dem Col d\u00c0ubisque 1709 Meter IMG_0834 (8)\" width=\"1000\" height=\"667\" srcset=\"https:\/\/lumulu.de\/blog\/wp-content\/uploads\/2017\/07\/02..Auf-dem-Col-d\u00c0ubisque-1709-Meter-IMG_0834-8.jpg 1000w, https:\/\/lumulu.de\/blog\/wp-content\/uploads\/2017\/07\/02..Auf-dem-Col-d\u00c0ubisque-1709-Meter-IMG_0834-8-300x200.jpg 300w, https:\/\/lumulu.de\/blog\/wp-content\/uploads\/2017\/07\/02..Auf-dem-Col-d\u00c0ubisque-1709-Meter-IMG_0834-8-768x512.jpg 768w\" sizes=\"(max-width: 1000px) 100vw, 1000px\" \/><\/a>Schon bald kommen wir in der N\u00e4he von Pamplona auf einem Campingplatz an. Die Dame an der Rezeption erz\u00e4hlt sofort begeistert vom Fiesta \u201aSan Femin\u2018, es sei heute der letzte Tag und es wird auf allen Stra\u00dfen gefeiert! Da m\u00fcsst ihr hin! Wir hatten schon davon gelesen, da findet auch \u201aEncierros\u2018, der ber\u00fchmte Lauf mit den Stieren statt. Eine 825m lange Strecke, durch Pamplonas Stra\u00dfen. Dieser ist allerdings sehr fr\u00fch am Morgen, sodass wir davon nichts mehr mitbekommen werden. Aber das ist vielleicht auch sicherer so.<br \/>\nJedenfalls holen wir sofort den Roller aus seiner \u201eGarage\u201c und schon sind wir wieder unterwegs: auf geht&#8217;s nach Pamplona! Fiesta! Fiesta!<br \/>\n<a href=\"https:\/\/lumulu.de\/blog\/wp-content\/uploads\/2017\/07\/03...Pamplona-San-Fermin-Fest-14.07.17-IMG_0964-75.jpg\"><img decoding=\"async\" class=\"aligncenter size-full wp-image-5147\" src=\"https:\/\/lumulu.de\/blog\/wp-content\/uploads\/2017\/07\/03...Pamplona-San-Fermin-Fest-14.07.17-IMG_0964-75.jpg\" alt=\"03...Pamplona, San Fermin Fest 14.07.17 IMG_0964 (75)\" width=\"1000\" height=\"667\" srcset=\"https:\/\/lumulu.de\/blog\/wp-content\/uploads\/2017\/07\/03...Pamplona-San-Fermin-Fest-14.07.17-IMG_0964-75.jpg 1000w, https:\/\/lumulu.de\/blog\/wp-content\/uploads\/2017\/07\/03...Pamplona-San-Fermin-Fest-14.07.17-IMG_0964-75-300x200.jpg 300w, https:\/\/lumulu.de\/blog\/wp-content\/uploads\/2017\/07\/03...Pamplona-San-Fermin-Fest-14.07.17-IMG_0964-75-768x512.jpg 768w\" sizes=\"(max-width: 1000px) 100vw, 1000px\" \/><\/a><a href=\"https:\/\/lumulu.de\/blog\/wp-content\/uploads\/2017\/07\/03...Pamplona-San-Fermin-Fest-14.07.17-IMG_0964-31.jpg\"><img decoding=\"async\" class=\"aligncenter size-full wp-image-5145\" src=\"https:\/\/lumulu.de\/blog\/wp-content\/uploads\/2017\/07\/03...Pamplona-San-Fermin-Fest-14.07.17-IMG_0964-31.jpg\" alt=\"03...Pamplona, San Fermin Fest 14.07.17 IMG_0964 (31)\" width=\"1000\" height=\"667\" srcset=\"https:\/\/lumulu.de\/blog\/wp-content\/uploads\/2017\/07\/03...Pamplona-San-Fermin-Fest-14.07.17-IMG_0964-31.jpg 1000w, https:\/\/lumulu.de\/blog\/wp-content\/uploads\/2017\/07\/03...Pamplona-San-Fermin-Fest-14.07.17-IMG_0964-31-300x200.jpg 300w, https:\/\/lumulu.de\/blog\/wp-content\/uploads\/2017\/07\/03...Pamplona-San-Fermin-Fest-14.07.17-IMG_0964-31-768x512.jpg 768w\" sizes=\"(max-width: 1000px) 100vw, 1000px\" \/><\/a>Was uns begeistert ist, dass sich alle Menschen zu diesem Fest in wei\u00df kleiden und ein rotes Halstuch, manche auch eine rote Sch\u00e4rpe um die H\u00fcften tragen. Vom kleinsten Kind bis zum \u00e4ltesten Familienmitglied \u2013 einfach alle! Es sieht unglaublich sch\u00f6n aus. Also kaufen wir uns zuallererst mal ein rotes Halstuch an einem der vielen St\u00e4nde.<\/p>\n<p style=\"text-align: justify;\"><a href=\"https:\/\/lumulu.de\/blog\/wp-content\/uploads\/2017\/07\/03...Pamplona-San-Fermin-Fest-14.07.17-IMG_0964-52.jpg\"><img decoding=\"async\" class=\"aligncenter size-full wp-image-5146\" src=\"https:\/\/lumulu.de\/blog\/wp-content\/uploads\/2017\/07\/03...Pamplona-San-Fermin-Fest-14.07.17-IMG_0964-52.jpg\" alt=\"03...Pamplona, San Fermin Fest 14.07.17 IMG_0964 (52)\" width=\"1000\" height=\"667\" srcset=\"https:\/\/lumulu.de\/blog\/wp-content\/uploads\/2017\/07\/03...Pamplona-San-Fermin-Fest-14.07.17-IMG_0964-52.jpg 1000w, https:\/\/lumulu.de\/blog\/wp-content\/uploads\/2017\/07\/03...Pamplona-San-Fermin-Fest-14.07.17-IMG_0964-52-300x200.jpg 300w, https:\/\/lumulu.de\/blog\/wp-content\/uploads\/2017\/07\/03...Pamplona-San-Fermin-Fest-14.07.17-IMG_0964-52-768x512.jpg 768w\" sizes=\"(max-width: 1000px) 100vw, 1000px\" \/><\/a>So, jetzt passen wir hier besser dazu. Und dann ziehen wir los, genie\u00dfen die Menschen, die Musik und die Stadt.<br \/>\n<a href=\"https:\/\/lumulu.de\/blog\/wp-content\/uploads\/2017\/07\/03...Pamplona-San-Fermin-Fest-14.07.17-IMG_0964-5.jpg\"><img decoding=\"async\" class=\"aligncenter size-full wp-image-5148\" src=\"https:\/\/lumulu.de\/blog\/wp-content\/uploads\/2017\/07\/03...Pamplona-San-Fermin-Fest-14.07.17-IMG_0964-5.jpg\" alt=\"03...Pamplona, San Fermin Fest 14.07.17 IMG_0964 (5)\" width=\"1000\" height=\"667\" srcset=\"https:\/\/lumulu.de\/blog\/wp-content\/uploads\/2017\/07\/03...Pamplona-San-Fermin-Fest-14.07.17-IMG_0964-5.jpg 1000w, https:\/\/lumulu.de\/blog\/wp-content\/uploads\/2017\/07\/03...Pamplona-San-Fermin-Fest-14.07.17-IMG_0964-5-300x200.jpg 300w, https:\/\/lumulu.de\/blog\/wp-content\/uploads\/2017\/07\/03...Pamplona-San-Fermin-Fest-14.07.17-IMG_0964-5-768x512.jpg 768w\" sizes=\"(max-width: 1000px) 100vw, 1000px\" \/><\/a> <a href=\"https:\/\/lumulu.de\/blog\/wp-content\/uploads\/2017\/07\/03...Pamplona-San-Fermin-Fest-14.07.17-IMG_0964-10.jpg\"><img decoding=\"async\" class=\"aligncenter size-full wp-image-5149\" src=\"https:\/\/lumulu.de\/blog\/wp-content\/uploads\/2017\/07\/03...Pamplona-San-Fermin-Fest-14.07.17-IMG_0964-10.jpg\" alt=\"03...Pamplona, San Fermin Fest 14.07.17 IMG_0964 (10)\" width=\"1000\" height=\"667\" srcset=\"https:\/\/lumulu.de\/blog\/wp-content\/uploads\/2017\/07\/03...Pamplona-San-Fermin-Fest-14.07.17-IMG_0964-10.jpg 1000w, https:\/\/lumulu.de\/blog\/wp-content\/uploads\/2017\/07\/03...Pamplona-San-Fermin-Fest-14.07.17-IMG_0964-10-300x200.jpg 300w, https:\/\/lumulu.de\/blog\/wp-content\/uploads\/2017\/07\/03...Pamplona-San-Fermin-Fest-14.07.17-IMG_0964-10-768x512.jpg 768w\" sizes=\"(max-width: 1000px) 100vw, 1000px\" \/><\/a> <a href=\"https:\/\/lumulu.de\/blog\/wp-content\/uploads\/2017\/07\/03...Pamplona-San-Fermin-Fest-14.07.17-IMG_0964-14.jpg\"><img decoding=\"async\" class=\"aligncenter size-full wp-image-5150\" src=\"https:\/\/lumulu.de\/blog\/wp-content\/uploads\/2017\/07\/03...Pamplona-San-Fermin-Fest-14.07.17-IMG_0964-14.jpg\" alt=\"03...Pamplona, San Fermin Fest 14.07.17 IMG_0964 (14)\" width=\"1000\" height=\"667\" srcset=\"https:\/\/lumulu.de\/blog\/wp-content\/uploads\/2017\/07\/03...Pamplona-San-Fermin-Fest-14.07.17-IMG_0964-14.jpg 1000w, https:\/\/lumulu.de\/blog\/wp-content\/uploads\/2017\/07\/03...Pamplona-San-Fermin-Fest-14.07.17-IMG_0964-14-300x200.jpg 300w, https:\/\/lumulu.de\/blog\/wp-content\/uploads\/2017\/07\/03...Pamplona-San-Fermin-Fest-14.07.17-IMG_0964-14-768x512.jpg 768w\" sizes=\"(max-width: 1000px) 100vw, 1000px\" \/><\/a> <a href=\"https:\/\/lumulu.de\/blog\/wp-content\/uploads\/2017\/07\/03...Pamplona-San-Fermin-Fest-14.07.17-IMG_0964-15.jpg\"><img decoding=\"async\" class=\"aligncenter size-full wp-image-5151\" src=\"https:\/\/lumulu.de\/blog\/wp-content\/uploads\/2017\/07\/03...Pamplona-San-Fermin-Fest-14.07.17-IMG_0964-15.jpg\" alt=\"03...Pamplona, San Fermin Fest 14.07.17 IMG_0964 (15)\" width=\"1000\" height=\"667\" srcset=\"https:\/\/lumulu.de\/blog\/wp-content\/uploads\/2017\/07\/03...Pamplona-San-Fermin-Fest-14.07.17-IMG_0964-15.jpg 1000w, https:\/\/lumulu.de\/blog\/wp-content\/uploads\/2017\/07\/03...Pamplona-San-Fermin-Fest-14.07.17-IMG_0964-15-300x200.jpg 300w, https:\/\/lumulu.de\/blog\/wp-content\/uploads\/2017\/07\/03...Pamplona-San-Fermin-Fest-14.07.17-IMG_0964-15-768x512.jpg 768w\" sizes=\"(max-width: 1000px) 100vw, 1000px\" \/><\/a><a href=\"https:\/\/lumulu.de\/blog\/wp-content\/uploads\/2017\/07\/03...Pamplona-San-Fermin-Fest-14.07.17-IMG_0964-39.jpg\"><img decoding=\"async\" class=\"aligncenter size-full wp-image-5153\" src=\"https:\/\/lumulu.de\/blog\/wp-content\/uploads\/2017\/07\/03...Pamplona-San-Fermin-Fest-14.07.17-IMG_0964-39.jpg\" alt=\"03...Pamplona, San Fermin Fest 14.07.17 IMG_0964 (39)\" width=\"1000\" height=\"667\" srcset=\"https:\/\/lumulu.de\/blog\/wp-content\/uploads\/2017\/07\/03...Pamplona-San-Fermin-Fest-14.07.17-IMG_0964-39.jpg 1000w, https:\/\/lumulu.de\/blog\/wp-content\/uploads\/2017\/07\/03...Pamplona-San-Fermin-Fest-14.07.17-IMG_0964-39-300x200.jpg 300w, https:\/\/lumulu.de\/blog\/wp-content\/uploads\/2017\/07\/03...Pamplona-San-Fermin-Fest-14.07.17-IMG_0964-39-768x512.jpg 768w\" sizes=\"(max-width: 1000px) 100vw, 1000px\" \/><\/a>Nachdem der Umzug an uns vorbei gezogen war, laufen wir noch durch die Stra\u00dfen und kommen in ein altes Studentenviertel. Auch hier ist einiges los. Wir finden eine kleine Kneipe und bestellen leckere \u201eCalamares con pimientos \u2026\u201e im Stehen. Der Wirt war gut drauf (kein Wunder, nach einer Woche feiern und Alkohol) und hat uns gleich noch eine Portion spanisches Nationalgericht, Kartoffeln mit Knoblauchso\u00dfe, dazu spendiert. Wir hatten echt Spa\u00df &#8211; und die Menschen um uns herum auch!<\/p>\n<p style=\"text-align: justify;\"><a href=\"https:\/\/lumulu.de\/blog\/wp-content\/uploads\/2017\/07\/03...Pamplona-San-Fermin-Fest-14.07.17-IMG_0964-57.jpg\"><img decoding=\"async\" class=\"aligncenter size-full wp-image-5154\" src=\"https:\/\/lumulu.de\/blog\/wp-content\/uploads\/2017\/07\/03...Pamplona-San-Fermin-Fest-14.07.17-IMG_0964-57.jpg\" alt=\"03...Pamplona, San Fermin Fest 14.07.17 IMG_0964 (57)\" width=\"1000\" height=\"667\" srcset=\"https:\/\/lumulu.de\/blog\/wp-content\/uploads\/2017\/07\/03...Pamplona-San-Fermin-Fest-14.07.17-IMG_0964-57.jpg 1000w, https:\/\/lumulu.de\/blog\/wp-content\/uploads\/2017\/07\/03...Pamplona-San-Fermin-Fest-14.07.17-IMG_0964-57-300x200.jpg 300w, https:\/\/lumulu.de\/blog\/wp-content\/uploads\/2017\/07\/03...Pamplona-San-Fermin-Fest-14.07.17-IMG_0964-57-768x512.jpg 768w\" sizes=\"(max-width: 1000px) 100vw, 1000px\" \/><\/a> <a href=\"https:\/\/lumulu.de\/blog\/wp-content\/uploads\/2017\/07\/03...Pamplona-San-Fermin-Fest-14.07.17-IMG_0964-69.jpg\"><img decoding=\"async\" class=\"aligncenter size-full wp-image-5155\" src=\"https:\/\/lumulu.de\/blog\/wp-content\/uploads\/2017\/07\/03...Pamplona-San-Fermin-Fest-14.07.17-IMG_0964-69.jpg\" alt=\"03...Pamplona, San Fermin Fest 14.07.17 IMG_0964 (69)\" width=\"1000\" height=\"667\" srcset=\"https:\/\/lumulu.de\/blog\/wp-content\/uploads\/2017\/07\/03...Pamplona-San-Fermin-Fest-14.07.17-IMG_0964-69.jpg 1000w, https:\/\/lumulu.de\/blog\/wp-content\/uploads\/2017\/07\/03...Pamplona-San-Fermin-Fest-14.07.17-IMG_0964-69-300x200.jpg 300w, https:\/\/lumulu.de\/blog\/wp-content\/uploads\/2017\/07\/03...Pamplona-San-Fermin-Fest-14.07.17-IMG_0964-69-768x512.jpg 768w\" sizes=\"(max-width: 1000px) 100vw, 1000px\" \/><\/a>Anschlie\u00dfend drehten wir noch eine runde um die Kathedrale und dann hatten wir genug und rollerten wieder zur\u00fcck. Es war ein tolles Erlebnis!<br \/>\n<a href=\"https:\/\/lumulu.de\/blog\/wp-content\/uploads\/2017\/07\/03...Pamplona-San-Fermin-Fest-14.07.17-IMG_0964-61.jpg\"><img decoding=\"async\" class=\"aligncenter size-full wp-image-5152\" src=\"https:\/\/lumulu.de\/blog\/wp-content\/uploads\/2017\/07\/03...Pamplona-San-Fermin-Fest-14.07.17-IMG_0964-61.jpg\" alt=\"03...Pamplona, San Fermin Fest 14.07.17 IMG_0964 (61)\" width=\"667\" height=\"1000\" srcset=\"https:\/\/lumulu.de\/blog\/wp-content\/uploads\/2017\/07\/03...Pamplona-San-Fermin-Fest-14.07.17-IMG_0964-61.jpg 667w, https:\/\/lumulu.de\/blog\/wp-content\/uploads\/2017\/07\/03...Pamplona-San-Fermin-Fest-14.07.17-IMG_0964-61-200x300.jpg 200w\" sizes=\"(max-width: 667px) 100vw, 667px\" \/><\/a>Am n\u00e4chsten Tag, es war nun Samstag, fuhren wir nochmals in die Stadt, um unsere \u201enormale\u201c Besichtigungstour zu machen. Es war so lustig. Kein Mensch auf der Stra\u00dfe, fast alle L\u00e4den geschlossen, wie eine Geisterstadt. Die paar Leute, die noch unterwegs waren, waren Touristen wie wir. Erst gegen Abend kam wieder ein wenig Leben in die Stadt.<\/p>\n<p><a href=\"https:\/\/lumulu.de\/blog\/wp-content\/uploads\/2017\/07\/04...15.07.17-Pamplona-60.jpg\"><img decoding=\"async\" class=\"aligncenter size-full wp-image-5158\" src=\"https:\/\/lumulu.de\/blog\/wp-content\/uploads\/2017\/07\/04...15.07.17-Pamplona-60.jpg\" alt=\"04...15.07.17 Pamplona (60)\" width=\"1000\" height=\"667\" srcset=\"https:\/\/lumulu.de\/blog\/wp-content\/uploads\/2017\/07\/04...15.07.17-Pamplona-60.jpg 1000w, https:\/\/lumulu.de\/blog\/wp-content\/uploads\/2017\/07\/04...15.07.17-Pamplona-60-300x200.jpg 300w, https:\/\/lumulu.de\/blog\/wp-content\/uploads\/2017\/07\/04...15.07.17-Pamplona-60-768x512.jpg 768w\" sizes=\"(max-width: 1000px) 100vw, 1000px\" \/><\/a> <a href=\"https:\/\/lumulu.de\/blog\/wp-content\/uploads\/2017\/07\/04...15.07.17-Pamplona-59.jpg\"><img decoding=\"async\" class=\"aligncenter size-full wp-image-5157\" src=\"https:\/\/lumulu.de\/blog\/wp-content\/uploads\/2017\/07\/04...15.07.17-Pamplona-59.jpg\" alt=\"04...15.07.17 Pamplona (59)\" width=\"1000\" height=\"667\" srcset=\"https:\/\/lumulu.de\/blog\/wp-content\/uploads\/2017\/07\/04...15.07.17-Pamplona-59.jpg 1000w, https:\/\/lumulu.de\/blog\/wp-content\/uploads\/2017\/07\/04...15.07.17-Pamplona-59-300x200.jpg 300w, https:\/\/lumulu.de\/blog\/wp-content\/uploads\/2017\/07\/04...15.07.17-Pamplona-59-768x512.jpg 768w\" sizes=\"(max-width: 1000px) 100vw, 1000px\" \/><\/a> <a href=\"https:\/\/lumulu.de\/blog\/wp-content\/uploads\/2017\/07\/04...15.07.17-Pamplona-55.jpg\"><img decoding=\"async\" class=\"aligncenter size-full wp-image-5156\" src=\"https:\/\/lumulu.de\/blog\/wp-content\/uploads\/2017\/07\/04...15.07.17-Pamplona-55.jpg\" alt=\"04...15.07.17 Pamplona (55)\" width=\"1000\" height=\"667\" srcset=\"https:\/\/lumulu.de\/blog\/wp-content\/uploads\/2017\/07\/04...15.07.17-Pamplona-55.jpg 1000w, https:\/\/lumulu.de\/blog\/wp-content\/uploads\/2017\/07\/04...15.07.17-Pamplona-55-300x200.jpg 300w, https:\/\/lumulu.de\/blog\/wp-content\/uploads\/2017\/07\/04...15.07.17-Pamplona-55-768x512.jpg 768w\" sizes=\"(max-width: 1000px) 100vw, 1000px\" \/><\/a><a href=\"https:\/\/lumulu.de\/blog\/wp-content\/uploads\/2017\/07\/04...15.07.17-Pamplona-73.jpg\"><img decoding=\"async\" class=\"aligncenter size-full wp-image-5160\" src=\"https:\/\/lumulu.de\/blog\/wp-content\/uploads\/2017\/07\/04...15.07.17-Pamplona-73.jpg\" alt=\"04...15.07.17 Pamplona (73)\" width=\"1000\" height=\"667\" srcset=\"https:\/\/lumulu.de\/blog\/wp-content\/uploads\/2017\/07\/04...15.07.17-Pamplona-73.jpg 1000w, https:\/\/lumulu.de\/blog\/wp-content\/uploads\/2017\/07\/04...15.07.17-Pamplona-73-300x200.jpg 300w, https:\/\/lumulu.de\/blog\/wp-content\/uploads\/2017\/07\/04...15.07.17-Pamplona-73-768x512.jpg 768w\" sizes=\"(max-width: 1000px) 100vw, 1000px\" \/><\/a> <a href=\"https:\/\/lumulu.de\/blog\/wp-content\/uploads\/2017\/07\/04...15.07.17-Pamplona-78.jpg\"><img decoding=\"async\" class=\"aligncenter size-full wp-image-5161\" src=\"https:\/\/lumulu.de\/blog\/wp-content\/uploads\/2017\/07\/04...15.07.17-Pamplona-78.jpg\" alt=\"04...15.07.17 Pamplona (78)\" width=\"1000\" height=\"667\" srcset=\"https:\/\/lumulu.de\/blog\/wp-content\/uploads\/2017\/07\/04...15.07.17-Pamplona-78.jpg 1000w, https:\/\/lumulu.de\/blog\/wp-content\/uploads\/2017\/07\/04...15.07.17-Pamplona-78-300x200.jpg 300w, https:\/\/lumulu.de\/blog\/wp-content\/uploads\/2017\/07\/04...15.07.17-Pamplona-78-768x512.jpg 768w\" sizes=\"(max-width: 1000px) 100vw, 1000px\" \/><\/a> <a href=\"https:\/\/lumulu.de\/blog\/wp-content\/uploads\/2017\/07\/04...15.07.17-Pamplona-91.jpg\"><img decoding=\"async\" class=\"aligncenter size-full wp-image-5162\" src=\"https:\/\/lumulu.de\/blog\/wp-content\/uploads\/2017\/07\/04...15.07.17-Pamplona-91.jpg\" alt=\"04...15.07.17 Pamplona (91)\" width=\"1000\" height=\"667\" srcset=\"https:\/\/lumulu.de\/blog\/wp-content\/uploads\/2017\/07\/04...15.07.17-Pamplona-91.jpg 1000w, https:\/\/lumulu.de\/blog\/wp-content\/uploads\/2017\/07\/04...15.07.17-Pamplona-91-300x200.jpg 300w, https:\/\/lumulu.de\/blog\/wp-content\/uploads\/2017\/07\/04...15.07.17-Pamplona-91-768x512.jpg 768w\" sizes=\"(max-width: 1000px) 100vw, 1000px\" \/><\/a> <a href=\"https:\/\/lumulu.de\/blog\/wp-content\/uploads\/2017\/07\/04...15.07.17-Pamplona-96.jpg\"><img decoding=\"async\" class=\"aligncenter size-full wp-image-5163\" src=\"https:\/\/lumulu.de\/blog\/wp-content\/uploads\/2017\/07\/04...15.07.17-Pamplona-96.jpg\" alt=\"04...15.07.17 Pamplona (96)\" width=\"1000\" height=\"667\" srcset=\"https:\/\/lumulu.de\/blog\/wp-content\/uploads\/2017\/07\/04...15.07.17-Pamplona-96.jpg 1000w, https:\/\/lumulu.de\/blog\/wp-content\/uploads\/2017\/07\/04...15.07.17-Pamplona-96-300x200.jpg 300w, https:\/\/lumulu.de\/blog\/wp-content\/uploads\/2017\/07\/04...15.07.17-Pamplona-96-768x512.jpg 768w\" sizes=\"(max-width: 1000px) 100vw, 1000px\" \/><\/a>Das war wieder viel auf einmal, gell? Aber ist das nicht toll? Wir freuen uns an jedem Tag, an jeder Stelle dieser Reise \u2013 und starten morgen nach Bilbao. Wir sind gespannt, wie uns die Stadt gef\u00e4llt. Vor vielen Jahren, wahrscheinlich mindestens vor zwanzig Jahren, sind wir mal durchgefahren. Damals noch mit unserem alten Postbus, kennt den noch jemand von euch? Er ist maximal 70km\/h gefahren und Alexander (unser Sohn) musste auf einem Gestell auf dem Lenkrad schlafen, aber das ist eine andere Geschichte. Jetzt reisen wir ja komfortabel!<br \/>\nHerzliche Gr\u00fc\u00dfe von euren Weltenbummlern<br \/>\nBarbara &amp; Paul<\/p>\n","protected":false},"excerpt":{"rendered":"<p>Hola liebe Blogfreunde, es ist so sch\u00f6n, dass ihr bei unserer Tour dabei seid! Ich zeige euch jetzt mal, wie das aussieht, wenn ich \u201earbeite\u201c. Bei Paul sieht das so aus: Unser Leben spielt sich an manchen Tagen, bei der &hellip; <a href=\"https:\/\/lumulu.de\/blog\/2017\/07\/20\/schon-wieder-3-paesse-pamblona-und-die-fiesta-san-fermin\/\">Weiterlesen <span class=\"meta-nav\">&rarr;<\/span><\/a><\/p>\n","protected":false},"author":2,"featured_media":0,"comment_status":"open","ping_status":"closed","sticky":false,"template":"","format":"standard","meta":{"footnotes":""},"categories":[1],"tags":[],"class_list":["post-5129","post","type-post","status-publish","format-standard","hentry","category-allgemein"],"_links":{"self":[{"href":"https:\/\/lumulu.de\/blog\/wp-json\/wp\/v2\/posts\/5129","targetHints":{"allow":["GET"]}}],"collection":[{"href":"https:\/\/lumulu.de\/blog\/wp-json\/wp\/v2\/posts"}],"about":[{"href":"https:\/\/lumulu.de\/blog\/wp-json\/wp\/v2\/types\/post"}],"author":[{"embeddable":true,"href":"https:\/\/lumulu.de\/blog\/wp-json\/wp\/v2\/users\/2"}],"replies":[{"embeddable":true,"href":"https:\/\/lumulu.de\/blog\/wp-json\/wp\/v2\/comments?post=5129"}],"version-history":[{"count":6,"href":"https:\/\/lumulu.de\/blog\/wp-json\/wp\/v2\/posts\/5129\/revisions"}],"predecessor-version":[{"id":5193,"href":"https:\/\/lumulu.de\/blog\/wp-json\/wp\/v2\/posts\/5129\/revisions\/5193"}],"wp:attachment":[{"href":"https:\/\/lumulu.de\/blog\/wp-json\/wp\/v2\/media?parent=5129"}],"wp:term":[{"taxonomy":"category","embeddable":true,"href":"https:\/\/lumulu.de\/blog\/wp-json\/wp\/v2\/categories?post=5129"},{"taxonomy":"post_tag","embeddable":true,"href":"https:\/\/lumulu.de\/blog\/wp-json\/wp\/v2\/tags?post=5129"}],"curies":[{"name":"wp","href":"https:\/\/api.w.org\/{rel}","templated":true}]}}