{"id":5087,"date":"2017-07-17T17:39:40","date_gmt":"2017-07-17T15:39:40","guid":{"rendered":"http:\/\/lumulu.de\/blog\/?p=5087"},"modified":"2017-07-17T17:39:40","modified_gmt":"2017-07-17T15:39:40","slug":"die-tour-de-france-zwar-knapp-verpasst-aber-aussergewoehnliche-gebirgswelt-genossen","status":"publish","type":"post","link":"https:\/\/lumulu.de\/blog\/2017\/07\/17\/die-tour-de-france-zwar-knapp-verpasst-aber-aussergewoehnliche-gebirgswelt-genossen\/","title":{"rendered":"Die Tour de France zwar knapp verpasst, aber au\u00dfergew\u00f6hnliche Gebirgswelt genossen"},"content":{"rendered":"<p style=\"text-align: justify;\">Liebe Weltenbummler-Verfolger,<\/p>\n<p style=\"text-align: justify;\">wie im letzten Bericht beschrieben, fuhren wir noch von Espot nach Vielha, \u00fcber den Pass Puerto de la Bonaigua (2072m) wo wir eine Nacht auf einem Stellplatz \u00fcbernachteten.Hier trafen wir auch auf die ersten Pferde &#8211; es sollten noch viele mehr werden.<\/p>\n<p style=\"text-align: justify;\"><a href=\"https:\/\/lumulu.de\/blog\/wp-content\/uploads\/2017\/07\/00.Von-Espot-nach-Vielha-in-Spanien-IMG_0622-31.jpg\"><img decoding=\"async\" class=\"aligncenter size-full wp-image-5101\" src=\"https:\/\/lumulu.de\/blog\/wp-content\/uploads\/2017\/07\/00.Von-Espot-nach-Vielha-in-Spanien-IMG_0622-31.jpg\" alt=\"00.Von Espot nach Vielha in Spanien IMG_0622 (31)\" width=\"1000\" height=\"667\" srcset=\"https:\/\/lumulu.de\/blog\/wp-content\/uploads\/2017\/07\/00.Von-Espot-nach-Vielha-in-Spanien-IMG_0622-31.jpg 1000w, https:\/\/lumulu.de\/blog\/wp-content\/uploads\/2017\/07\/00.Von-Espot-nach-Vielha-in-Spanien-IMG_0622-31-300x200.jpg 300w, https:\/\/lumulu.de\/blog\/wp-content\/uploads\/2017\/07\/00.Von-Espot-nach-Vielha-in-Spanien-IMG_0622-31-768x512.jpg 768w\" sizes=\"(max-width: 1000px) 100vw, 1000px\" \/><\/a> <a href=\"https:\/\/lumulu.de\/blog\/wp-content\/uploads\/2017\/07\/00.Von-Espot-nach-Vielha-in-Spanien-IMG_0622-32.jpg\"><img decoding=\"async\" class=\"aligncenter size-full wp-image-5102\" src=\"https:\/\/lumulu.de\/blog\/wp-content\/uploads\/2017\/07\/00.Von-Espot-nach-Vielha-in-Spanien-IMG_0622-32.jpg\" alt=\"00.Von Espot nach Vielha in Spanien IMG_0622 (32)\" width=\"1000\" height=\"667\" srcset=\"https:\/\/lumulu.de\/blog\/wp-content\/uploads\/2017\/07\/00.Von-Espot-nach-Vielha-in-Spanien-IMG_0622-32.jpg 1000w, https:\/\/lumulu.de\/blog\/wp-content\/uploads\/2017\/07\/00.Von-Espot-nach-Vielha-in-Spanien-IMG_0622-32-300x200.jpg 300w, https:\/\/lumulu.de\/blog\/wp-content\/uploads\/2017\/07\/00.Von-Espot-nach-Vielha-in-Spanien-IMG_0622-32-768x512.jpg 768w\" sizes=\"(max-width: 1000px) 100vw, 1000px\" \/><\/a> <a href=\"https:\/\/lumulu.de\/blog\/wp-content\/uploads\/2017\/07\/00.Von-Espot-nach-Vielha-in-Spanien-IMG_0622-33.jpg\"><img decoding=\"async\" class=\"aligncenter size-full wp-image-5103\" src=\"https:\/\/lumulu.de\/blog\/wp-content\/uploads\/2017\/07\/00.Von-Espot-nach-Vielha-in-Spanien-IMG_0622-33.jpg\" alt=\"00.Von Espot nach Vielha in Spanien IMG_0622 (33)\" width=\"1000\" height=\"667\" srcset=\"https:\/\/lumulu.de\/blog\/wp-content\/uploads\/2017\/07\/00.Von-Espot-nach-Vielha-in-Spanien-IMG_0622-33.jpg 1000w, https:\/\/lumulu.de\/blog\/wp-content\/uploads\/2017\/07\/00.Von-Espot-nach-Vielha-in-Spanien-IMG_0622-33-300x200.jpg 300w, https:\/\/lumulu.de\/blog\/wp-content\/uploads\/2017\/07\/00.Von-Espot-nach-Vielha-in-Spanien-IMG_0622-33-768x512.jpg 768w\" sizes=\"(max-width: 1000px) 100vw, 1000px\" \/><\/a> <a href=\"https:\/\/lumulu.de\/blog\/wp-content\/uploads\/2017\/07\/00.Von-Espot-nach-Vielha-in-Spanien-IMG_0622-34.jpg\"><img decoding=\"async\" class=\"aligncenter size-full wp-image-5104\" src=\"https:\/\/lumulu.de\/blog\/wp-content\/uploads\/2017\/07\/00.Von-Espot-nach-Vielha-in-Spanien-IMG_0622-34.jpg\" alt=\"00.Von Espot nach Vielha in Spanien IMG_0622 (34)\" width=\"1000\" height=\"667\" srcset=\"https:\/\/lumulu.de\/blog\/wp-content\/uploads\/2017\/07\/00.Von-Espot-nach-Vielha-in-Spanien-IMG_0622-34.jpg 1000w, https:\/\/lumulu.de\/blog\/wp-content\/uploads\/2017\/07\/00.Von-Espot-nach-Vielha-in-Spanien-IMG_0622-34-300x200.jpg 300w, https:\/\/lumulu.de\/blog\/wp-content\/uploads\/2017\/07\/00.Von-Espot-nach-Vielha-in-Spanien-IMG_0622-34-768x512.jpg 768w\" sizes=\"(max-width: 1000px) 100vw, 1000px\" \/><\/a>Am n\u00e4chsten Tag erwarteten uns eine 3-P\u00e4sse-Tour von Vielha aus, wo wir uns \u00fcbrigens wieder von Spanien nach Frankreich bewegen. Die st\u00e4ndigen Grenz\u00fcberwindungen sind auch ein ganz spezieller Punkt dieser Reise. Wir fahren \u00fcber Bagneres-du-Luchon nach Gavarnie, unserem heutigen Ziel, ebenfalls einem herausragenden Ort mit vielen M\u00f6glichkeiten zum Wandern. Aber von vorne.<\/p>\n<p style=\"text-align: justify;\">Gegen Mittag, wir haben Bagneres-du-Luchon gerade verlassen, entscheiden wir uns, bald Mittag zu machen, da uns diese Gegend auch besonders reizvoll erschien und die Pause dann umso erholsamer wird.<\/p>\n<p style=\"text-align: justify;\"><a href=\"https:\/\/lumulu.de\/blog\/wp-content\/uploads\/2017\/07\/1..Am-Col-de-Peyreso\u00f9rde-warten-auf-Tour-de-France-IMG_0644-13.jpg\"><img decoding=\"async\" class=\"aligncenter size-full wp-image-5095\" src=\"https:\/\/lumulu.de\/blog\/wp-content\/uploads\/2017\/07\/1..Am-Col-de-Peyreso\u00f9rde-warten-auf-Tour-de-France-IMG_0644-13.jpg\" alt=\"1..Am Col de Peyreso\u00f9rde, warten auf Tour de France IMG_0644 (13)\" width=\"1000\" height=\"667\" srcset=\"https:\/\/lumulu.de\/blog\/wp-content\/uploads\/2017\/07\/1..Am-Col-de-Peyreso\u00f9rde-warten-auf-Tour-de-France-IMG_0644-13.jpg 1000w, https:\/\/lumulu.de\/blog\/wp-content\/uploads\/2017\/07\/1..Am-Col-de-Peyreso\u00f9rde-warten-auf-Tour-de-France-IMG_0644-13-300x200.jpg 300w, https:\/\/lumulu.de\/blog\/wp-content\/uploads\/2017\/07\/1..Am-Col-de-Peyreso\u00f9rde-warten-auf-Tour-de-France-IMG_0644-13-768x512.jpg 768w\" sizes=\"(max-width: 1000px) 100vw, 1000px\" \/><\/a>Jedoch, obwohl wir die ganze Tour nur wenige Wohnmobile gesehen hatten, war jedes noch so kleine Pl\u00e4tzchen pl\u00f6tzlich bereits von Wohnmobilen besetzt, die Tische und St\u00fchle eng an der Stra\u00dfe platziert. Komisch. Nun, zugegeben, es dauerte, aber nur kurz, und dann realisierten wir, dass hier die Tour de France vorbei kommen muss. Als wir fast am Col de Peyres\u00f3urde (1569m) waren, wurde die Partystimmung immer deutlicher und wir fragten nach, wann die Super-Jungs hier vorbeikommen, da wir schon zu Hause daran dachten, wenn es zeitlich passt, irgendwo eine Bergetappe anzuschauen. Aber da sie erst in zwei Tagen vorbeikommen entscheiden wir uns dagegen, das w\u00e4re uns dann doch zu viel Zeitverlust. Die echten Fans reisen offensichtlich bereits viele Tage vorher an und schwenken bereits ihre Fahnen. Alle Pl\u00e4tze sind belegt. Kleine und gro\u00dfe Gruppen, mit Fahnen und Schildern best\u00fcckt, der Grill angeworfen und Bier und Wein in Massen. Wir genossen die Atmosph\u00e4re und es gab genug \u201eFast-Profis\u201c, die uns die Strecke vorfuhren.<br \/>\n<a href=\"https:\/\/lumulu.de\/blog\/wp-content\/uploads\/2017\/07\/1..Am-Col-de-Peyreso\u00f9rde-warten-auf-Tour-de-France-IMG_0644-3.jpg\"><img decoding=\"async\" class=\"aligncenter size-full wp-image-5091\" src=\"https:\/\/lumulu.de\/blog\/wp-content\/uploads\/2017\/07\/1..Am-Col-de-Peyreso\u00f9rde-warten-auf-Tour-de-France-IMG_0644-3.jpg\" alt=\"1..Am Col de Peyreso\u00f9rde, warten auf Tour de France IMG_0644 (3)\" width=\"1000\" height=\"667\" srcset=\"https:\/\/lumulu.de\/blog\/wp-content\/uploads\/2017\/07\/1..Am-Col-de-Peyreso\u00f9rde-warten-auf-Tour-de-France-IMG_0644-3.jpg 1000w, https:\/\/lumulu.de\/blog\/wp-content\/uploads\/2017\/07\/1..Am-Col-de-Peyreso\u00f9rde-warten-auf-Tour-de-France-IMG_0644-3-300x200.jpg 300w, https:\/\/lumulu.de\/blog\/wp-content\/uploads\/2017\/07\/1..Am-Col-de-Peyreso\u00f9rde-warten-auf-Tour-de-France-IMG_0644-3-768x512.jpg 768w\" sizes=\"(max-width: 1000px) 100vw, 1000px\" \/><\/a> <a href=\"https:\/\/lumulu.de\/blog\/wp-content\/uploads\/2017\/07\/1..Am-Col-de-Peyreso\u00f9rde-warten-auf-Tour-de-France-IMG_0644-8.jpg\"><img decoding=\"async\" class=\"aligncenter size-full wp-image-5092\" src=\"https:\/\/lumulu.de\/blog\/wp-content\/uploads\/2017\/07\/1..Am-Col-de-Peyreso\u00f9rde-warten-auf-Tour-de-France-IMG_0644-8.jpg\" alt=\"1..Am Col de Peyreso\u00f9rde, warten auf Tour de France IMG_0644 (8)\" width=\"1000\" height=\"667\" srcset=\"https:\/\/lumulu.de\/blog\/wp-content\/uploads\/2017\/07\/1..Am-Col-de-Peyreso\u00f9rde-warten-auf-Tour-de-France-IMG_0644-8.jpg 1000w, https:\/\/lumulu.de\/blog\/wp-content\/uploads\/2017\/07\/1..Am-Col-de-Peyreso\u00f9rde-warten-auf-Tour-de-France-IMG_0644-8-300x200.jpg 300w, https:\/\/lumulu.de\/blog\/wp-content\/uploads\/2017\/07\/1..Am-Col-de-Peyreso\u00f9rde-warten-auf-Tour-de-France-IMG_0644-8-768x512.jpg 768w\" sizes=\"(max-width: 1000px) 100vw, 1000px\" \/><\/a> <a href=\"https:\/\/lumulu.de\/blog\/wp-content\/uploads\/2017\/07\/1..Am-Col-de-Peyreso\u00f9rde-warten-auf-Tour-de-France-IMG_0644-9.jpg\"><img decoding=\"async\" class=\"aligncenter size-full wp-image-5093\" src=\"https:\/\/lumulu.de\/blog\/wp-content\/uploads\/2017\/07\/1..Am-Col-de-Peyreso\u00f9rde-warten-auf-Tour-de-France-IMG_0644-9.jpg\" alt=\"1..Am Col de Peyreso\u00f9rde, warten auf Tour de France IMG_0644 (9)\" width=\"1000\" height=\"667\" srcset=\"https:\/\/lumulu.de\/blog\/wp-content\/uploads\/2017\/07\/1..Am-Col-de-Peyreso\u00f9rde-warten-auf-Tour-de-France-IMG_0644-9.jpg 1000w, https:\/\/lumulu.de\/blog\/wp-content\/uploads\/2017\/07\/1..Am-Col-de-Peyreso\u00f9rde-warten-auf-Tour-de-France-IMG_0644-9-300x200.jpg 300w, https:\/\/lumulu.de\/blog\/wp-content\/uploads\/2017\/07\/1..Am-Col-de-Peyreso\u00f9rde-warten-auf-Tour-de-France-IMG_0644-9-768x512.jpg 768w\" sizes=\"(max-width: 1000px) 100vw, 1000px\" \/><\/a> <a href=\"https:\/\/lumulu.de\/blog\/wp-content\/uploads\/2017\/07\/1..Am-Col-de-Peyreso\u00f9rde-warten-auf-Tour-de-France-IMG_0644-11.jpg\"><img decoding=\"async\" class=\"aligncenter size-full wp-image-5094\" src=\"https:\/\/lumulu.de\/blog\/wp-content\/uploads\/2017\/07\/1..Am-Col-de-Peyreso\u00f9rde-warten-auf-Tour-de-France-IMG_0644-11.jpg\" alt=\"1..Am Col de Peyreso\u00f9rde, warten auf Tour de France IMG_0644 (11)\" width=\"1000\" height=\"667\" srcset=\"https:\/\/lumulu.de\/blog\/wp-content\/uploads\/2017\/07\/1..Am-Col-de-Peyreso\u00f9rde-warten-auf-Tour-de-France-IMG_0644-11.jpg 1000w, https:\/\/lumulu.de\/blog\/wp-content\/uploads\/2017\/07\/1..Am-Col-de-Peyreso\u00f9rde-warten-auf-Tour-de-France-IMG_0644-11-300x200.jpg 300w, https:\/\/lumulu.de\/blog\/wp-content\/uploads\/2017\/07\/1..Am-Col-de-Peyreso\u00f9rde-warten-auf-Tour-de-France-IMG_0644-11-768x512.jpg 768w\" sizes=\"(max-width: 1000px) 100vw, 1000px\" \/><\/a> <a href=\"https:\/\/lumulu.de\/blog\/wp-content\/uploads\/2017\/07\/1..Am-Col-de-Peyreso\u00f9rde-warten-auf-Tour-de-France-IMG_0644-19.jpg\"><img decoding=\"async\" class=\"aligncenter size-full wp-image-5096\" src=\"https:\/\/lumulu.de\/blog\/wp-content\/uploads\/2017\/07\/1..Am-Col-de-Peyreso\u00f9rde-warten-auf-Tour-de-France-IMG_0644-19.jpg\" alt=\"1..Am Col de Peyreso\u00f9rde, warten auf Tour de France IMG_0644 (19)\" width=\"1000\" height=\"667\" srcset=\"https:\/\/lumulu.de\/blog\/wp-content\/uploads\/2017\/07\/1..Am-Col-de-Peyreso\u00f9rde-warten-auf-Tour-de-France-IMG_0644-19.jpg 1000w, https:\/\/lumulu.de\/blog\/wp-content\/uploads\/2017\/07\/1..Am-Col-de-Peyreso\u00f9rde-warten-auf-Tour-de-France-IMG_0644-19-300x200.jpg 300w, https:\/\/lumulu.de\/blog\/wp-content\/uploads\/2017\/07\/1..Am-Col-de-Peyreso\u00f9rde-warten-auf-Tour-de-France-IMG_0644-19-768x512.jpg 768w\" sizes=\"(max-width: 1000px) 100vw, 1000px\" \/><\/a><\/p>\n<p style=\"text-align: justify;\">An dieser Stelle geht ein Gru\u00df an Monika R., an die wir hier besonders denken. Liebe Monika, solltet ihr vorhaben, eine Pyren\u00e4en-Tour mit dem Fahrrad zu machen, wir haben einige tolle Pass-Routen f\u00fcr euch, es muss nicht unbedingt die Tour de France-Etappe sein&#8230;<\/p>\n<p style=\"text-align: justify;\">Unser Ziel Gavarnie, einem von Dreitausendern umgebenen Talkessel, vor Augen, fuhren wir vom Col de vergn\u00fcgt weiter zum Col d&#8217;Aspin (1489) &#8230;<\/p>\n<p style=\"text-align: justify;\"><a href=\"https:\/\/lumulu.de\/blog\/wp-content\/uploads\/2017\/07\/2..Am-Col-d\u00c0spin-IMG_0645-2.jpg\"><img decoding=\"async\" class=\"aligncenter size-full wp-image-5097\" src=\"https:\/\/lumulu.de\/blog\/wp-content\/uploads\/2017\/07\/2..Am-Col-d\u00c0spin-IMG_0645-2.jpg\" alt=\"2..Am Col d\u00c0spin IMG_0645 (2)\" width=\"1000\" height=\"667\" srcset=\"https:\/\/lumulu.de\/blog\/wp-content\/uploads\/2017\/07\/2..Am-Col-d\u00c0spin-IMG_0645-2.jpg 1000w, https:\/\/lumulu.de\/blog\/wp-content\/uploads\/2017\/07\/2..Am-Col-d\u00c0spin-IMG_0645-2-300x200.jpg 300w, https:\/\/lumulu.de\/blog\/wp-content\/uploads\/2017\/07\/2..Am-Col-d\u00c0spin-IMG_0645-2-768x512.jpg 768w\" sizes=\"(max-width: 1000px) 100vw, 1000px\" \/><\/a>Dann \u00fcber den Col Tourmalet (2115m) &#8230;<\/p>\n<p style=\"text-align: justify;\"><a href=\"https:\/\/lumulu.de\/blog\/wp-content\/uploads\/2017\/07\/3..Am-Col-Du-Tourmalet-2115-Meter-hoch-IMG_0657-1.jpg\"><img decoding=\"async\" class=\"aligncenter size-full wp-image-5098\" src=\"https:\/\/lumulu.de\/blog\/wp-content\/uploads\/2017\/07\/3..Am-Col-Du-Tourmalet-2115-Meter-hoch-IMG_0657-1.jpg\" alt=\"3..Am Col Du Tourmalet 2115 Meter hoch IMG_0657 (1)\" width=\"1000\" height=\"667\" srcset=\"https:\/\/lumulu.de\/blog\/wp-content\/uploads\/2017\/07\/3..Am-Col-Du-Tourmalet-2115-Meter-hoch-IMG_0657-1.jpg 1000w, https:\/\/lumulu.de\/blog\/wp-content\/uploads\/2017\/07\/3..Am-Col-Du-Tourmalet-2115-Meter-hoch-IMG_0657-1-300x200.jpg 300w, https:\/\/lumulu.de\/blog\/wp-content\/uploads\/2017\/07\/3..Am-Col-Du-Tourmalet-2115-Meter-hoch-IMG_0657-1-768x512.jpg 768w\" sizes=\"(max-width: 1000px) 100vw, 1000px\" \/><\/a> <a href=\"https:\/\/lumulu.de\/blog\/wp-content\/uploads\/2017\/07\/3..Am-Col-Du-Tourmalet-2115-Meter-hoch-IMG_0657-2.jpg\"><img decoding=\"async\" class=\"aligncenter size-full wp-image-5099\" src=\"https:\/\/lumulu.de\/blog\/wp-content\/uploads\/2017\/07\/3..Am-Col-Du-Tourmalet-2115-Meter-hoch-IMG_0657-2.jpg\" alt=\"3..Am Col Du Tourmalet 2115 Meter hoch IMG_0657 (2)\" width=\"1000\" height=\"667\" srcset=\"https:\/\/lumulu.de\/blog\/wp-content\/uploads\/2017\/07\/3..Am-Col-Du-Tourmalet-2115-Meter-hoch-IMG_0657-2.jpg 1000w, https:\/\/lumulu.de\/blog\/wp-content\/uploads\/2017\/07\/3..Am-Col-Du-Tourmalet-2115-Meter-hoch-IMG_0657-2-300x200.jpg 300w, https:\/\/lumulu.de\/blog\/wp-content\/uploads\/2017\/07\/3..Am-Col-Du-Tourmalet-2115-Meter-hoch-IMG_0657-2-768x512.jpg 768w\" sizes=\"(max-width: 1000px) 100vw, 1000px\" \/><\/a> <a href=\"https:\/\/lumulu.de\/blog\/wp-content\/uploads\/2017\/07\/3..Am-Col-Du-Tourmalet-2115-Meter-hoch-IMG_0657-7.jpg\"><img decoding=\"async\" class=\"aligncenter size-full wp-image-5100\" src=\"https:\/\/lumulu.de\/blog\/wp-content\/uploads\/2017\/07\/3..Am-Col-Du-Tourmalet-2115-Meter-hoch-IMG_0657-7.jpg\" alt=\"3..Am Col Du Tourmalet 2115 Meter hoch IMG_0657 (7)\" width=\"1000\" height=\"667\" srcset=\"https:\/\/lumulu.de\/blog\/wp-content\/uploads\/2017\/07\/3..Am-Col-Du-Tourmalet-2115-Meter-hoch-IMG_0657-7.jpg 1000w, https:\/\/lumulu.de\/blog\/wp-content\/uploads\/2017\/07\/3..Am-Col-Du-Tourmalet-2115-Meter-hoch-IMG_0657-7-300x200.jpg 300w, https:\/\/lumulu.de\/blog\/wp-content\/uploads\/2017\/07\/3..Am-Col-Du-Tourmalet-2115-Meter-hoch-IMG_0657-7-768x512.jpg 768w\" sizes=\"(max-width: 1000px) 100vw, 1000px\" \/><\/a>&#8230; ins Wanderparadies Gavarnie.<\/p>\n<p style=\"text-align: justify;\">Am n\u00e4chsten Morgen packten wir die Ausr\u00fcstung f\u00fcr den Tag und informierten uns \u00fcber die Touren. Wir entschieden uns f\u00fcr die Wanderung zum l\u00e4ngsten Wasserfall Europas, dem Grande Cascade auf 1789m (420m hoch), und dann \u00fcber einen hochalpinen Weg zur\u00fcck zum Ausgangspunkt. Es sollte eine perfekte Entscheidung sein.<br \/>\nAuf dem Weg zum Wasserfall entdeckten wir auch noch einen idyllisch gelegenen Campingplatz, auf dem wir spontan f\u00fcr den Abend buchten (die vergangene Nacht standen wir einfach auf dem Parkplatz). Dieses Fleckchen Erde mit Blick auf die Berge &#8211; und sogar einem St\u00fcck des Wasserfalls \u2013 und das bei strahlendem Sonnenschein. Perfekt!<\/p>\n<p style=\"text-align: justify;\"><a href=\"https:\/\/lumulu.de\/blog\/wp-content\/uploads\/2017\/07\/4..In-Gavarnie-11.07.17-IMG_0674-12.jpg\"><img decoding=\"async\" class=\"aligncenter size-full wp-image-5105\" src=\"https:\/\/lumulu.de\/blog\/wp-content\/uploads\/2017\/07\/4..In-Gavarnie-11.07.17-IMG_0674-12.jpg\" alt=\"4..In Gavarnie 11.07.17 IMG_0674 (12)\" width=\"1000\" height=\"667\" srcset=\"https:\/\/lumulu.de\/blog\/wp-content\/uploads\/2017\/07\/4..In-Gavarnie-11.07.17-IMG_0674-12.jpg 1000w, https:\/\/lumulu.de\/blog\/wp-content\/uploads\/2017\/07\/4..In-Gavarnie-11.07.17-IMG_0674-12-300x200.jpg 300w, https:\/\/lumulu.de\/blog\/wp-content\/uploads\/2017\/07\/4..In-Gavarnie-11.07.17-IMG_0674-12-768x512.jpg 768w\" sizes=\"(max-width: 1000px) 100vw, 1000px\" \/><\/a> <a href=\"https:\/\/lumulu.de\/blog\/wp-content\/uploads\/2017\/07\/4..In-Gavarnie-12.07.17-IMG_0676.jpg\"><img decoding=\"async\" class=\"aligncenter size-full wp-image-5106\" src=\"https:\/\/lumulu.de\/blog\/wp-content\/uploads\/2017\/07\/4..In-Gavarnie-12.07.17-IMG_0676.jpg\" alt=\"4..In Gavarnie 12.07.17 IMG_0676\" width=\"1000\" height=\"667\" srcset=\"https:\/\/lumulu.de\/blog\/wp-content\/uploads\/2017\/07\/4..In-Gavarnie-12.07.17-IMG_0676.jpg 1000w, https:\/\/lumulu.de\/blog\/wp-content\/uploads\/2017\/07\/4..In-Gavarnie-12.07.17-IMG_0676-300x200.jpg 300w, https:\/\/lumulu.de\/blog\/wp-content\/uploads\/2017\/07\/4..In-Gavarnie-12.07.17-IMG_0676-768x512.jpg 768w\" sizes=\"(max-width: 1000px) 100vw, 1000px\" \/><\/a>Die Wanderung war einfach nur herrlich! Gutes Wetter, gute Aussicht und gute Laune. Der Weg wurde immer alpiner, je h\u00f6her wir kamen und kurz vor dem Wasserfall entdeckten wir auch noch Schneefelder.<br \/>\n<a href=\"https:\/\/lumulu.de\/blog\/wp-content\/uploads\/2017\/07\/5..-Tour-bis-Grande-Cascade-1789-m-u.Chemin-des-Espugues-IMG_0790-3.jpg\"><img decoding=\"async\" class=\"aligncenter size-full wp-image-5107\" src=\"https:\/\/lumulu.de\/blog\/wp-content\/uploads\/2017\/07\/5..-Tour-bis-Grande-Cascade-1789-m-u.Chemin-des-Espugues-IMG_0790-3.jpg\" alt=\"5.. Tour bis Grande Cascade 1789 m u.Chemin des Espugues IMG_0790 (3)\" width=\"1000\" height=\"667\" srcset=\"https:\/\/lumulu.de\/blog\/wp-content\/uploads\/2017\/07\/5..-Tour-bis-Grande-Cascade-1789-m-u.Chemin-des-Espugues-IMG_0790-3.jpg 1000w, https:\/\/lumulu.de\/blog\/wp-content\/uploads\/2017\/07\/5..-Tour-bis-Grande-Cascade-1789-m-u.Chemin-des-Espugues-IMG_0790-3-300x200.jpg 300w, https:\/\/lumulu.de\/blog\/wp-content\/uploads\/2017\/07\/5..-Tour-bis-Grande-Cascade-1789-m-u.Chemin-des-Espugues-IMG_0790-3-768x512.jpg 768w\" sizes=\"(max-width: 1000px) 100vw, 1000px\" \/><\/a> <a href=\"https:\/\/lumulu.de\/blog\/wp-content\/uploads\/2017\/07\/5..-Tour-bis-Grande-Cascade-1789-m-u.Chemin-des-Espugues-IMG_0790-9.jpg\"><img decoding=\"async\" class=\"aligncenter size-full wp-image-5108\" src=\"https:\/\/lumulu.de\/blog\/wp-content\/uploads\/2017\/07\/5..-Tour-bis-Grande-Cascade-1789-m-u.Chemin-des-Espugues-IMG_0790-9.jpg\" alt=\"5.. Tour bis Grande Cascade 1789 m u.Chemin des Espugues IMG_0790 (9)\" width=\"1000\" height=\"667\" srcset=\"https:\/\/lumulu.de\/blog\/wp-content\/uploads\/2017\/07\/5..-Tour-bis-Grande-Cascade-1789-m-u.Chemin-des-Espugues-IMG_0790-9.jpg 1000w, https:\/\/lumulu.de\/blog\/wp-content\/uploads\/2017\/07\/5..-Tour-bis-Grande-Cascade-1789-m-u.Chemin-des-Espugues-IMG_0790-9-300x200.jpg 300w, https:\/\/lumulu.de\/blog\/wp-content\/uploads\/2017\/07\/5..-Tour-bis-Grande-Cascade-1789-m-u.Chemin-des-Espugues-IMG_0790-9-768x512.jpg 768w\" sizes=\"(max-width: 1000px) 100vw, 1000px\" \/><\/a> <a href=\"https:\/\/lumulu.de\/blog\/wp-content\/uploads\/2017\/07\/5..-Tour-bis-Grande-Cascade-1789-m-u.Chemin-des-Espugues-IMG_0790-11.jpg\"><img decoding=\"async\" class=\"aligncenter size-full wp-image-5109\" src=\"https:\/\/lumulu.de\/blog\/wp-content\/uploads\/2017\/07\/5..-Tour-bis-Grande-Cascade-1789-m-u.Chemin-des-Espugues-IMG_0790-11.jpg\" alt=\"5.. Tour bis Grande Cascade 1789 m u.Chemin des Espugues IMG_0790 (11)\" width=\"1000\" height=\"667\" srcset=\"https:\/\/lumulu.de\/blog\/wp-content\/uploads\/2017\/07\/5..-Tour-bis-Grande-Cascade-1789-m-u.Chemin-des-Espugues-IMG_0790-11.jpg 1000w, https:\/\/lumulu.de\/blog\/wp-content\/uploads\/2017\/07\/5..-Tour-bis-Grande-Cascade-1789-m-u.Chemin-des-Espugues-IMG_0790-11-300x200.jpg 300w, https:\/\/lumulu.de\/blog\/wp-content\/uploads\/2017\/07\/5..-Tour-bis-Grande-Cascade-1789-m-u.Chemin-des-Espugues-IMG_0790-11-768x512.jpg 768w\" sizes=\"(max-width: 1000px) 100vw, 1000px\" \/><\/a> <a href=\"https:\/\/lumulu.de\/blog\/wp-content\/uploads\/2017\/07\/5..-Tour-bis-Grande-Cascade-1789-m-u.Chemin-des-Espugues-IMG_0790-21.jpg\"><img decoding=\"async\" class=\"aligncenter size-full wp-image-5110\" src=\"https:\/\/lumulu.de\/blog\/wp-content\/uploads\/2017\/07\/5..-Tour-bis-Grande-Cascade-1789-m-u.Chemin-des-Espugues-IMG_0790-21.jpg\" alt=\"5.. Tour bis Grande Cascade 1789 m u.Chemin des Espugues IMG_0790 (21)\" width=\"1000\" height=\"667\" srcset=\"https:\/\/lumulu.de\/blog\/wp-content\/uploads\/2017\/07\/5..-Tour-bis-Grande-Cascade-1789-m-u.Chemin-des-Espugues-IMG_0790-21.jpg 1000w, https:\/\/lumulu.de\/blog\/wp-content\/uploads\/2017\/07\/5..-Tour-bis-Grande-Cascade-1789-m-u.Chemin-des-Espugues-IMG_0790-21-300x200.jpg 300w, https:\/\/lumulu.de\/blog\/wp-content\/uploads\/2017\/07\/5..-Tour-bis-Grande-Cascade-1789-m-u.Chemin-des-Espugues-IMG_0790-21-768x512.jpg 768w\" sizes=\"(max-width: 1000px) 100vw, 1000px\" \/><\/a> <a href=\"https:\/\/lumulu.de\/blog\/wp-content\/uploads\/2017\/07\/5..-Tour-bis-Grande-Cascade-1789-m-u.Chemin-des-Espugues-IMG_0790-26.jpg\"><img decoding=\"async\" class=\"aligncenter size-full wp-image-5111\" src=\"https:\/\/lumulu.de\/blog\/wp-content\/uploads\/2017\/07\/5..-Tour-bis-Grande-Cascade-1789-m-u.Chemin-des-Espugues-IMG_0790-26.jpg\" alt=\"5.. Tour bis Grande Cascade 1789 m u.Chemin des Espugues IMG_0790 (26)\" width=\"1000\" height=\"667\" srcset=\"https:\/\/lumulu.de\/blog\/wp-content\/uploads\/2017\/07\/5..-Tour-bis-Grande-Cascade-1789-m-u.Chemin-des-Espugues-IMG_0790-26.jpg 1000w, https:\/\/lumulu.de\/blog\/wp-content\/uploads\/2017\/07\/5..-Tour-bis-Grande-Cascade-1789-m-u.Chemin-des-Espugues-IMG_0790-26-300x200.jpg 300w, https:\/\/lumulu.de\/blog\/wp-content\/uploads\/2017\/07\/5..-Tour-bis-Grande-Cascade-1789-m-u.Chemin-des-Espugues-IMG_0790-26-768x512.jpg 768w\" sizes=\"(max-width: 1000px) 100vw, 1000px\" \/><\/a><\/p>\n<p style=\"text-align: justify;\"><a href=\"https:\/\/lumulu.de\/blog\/wp-content\/uploads\/2017\/07\/5..-Tour-bis-Grande-Cascade-1789-m-u.Chemin-des-Espugues-IMG_0790-38.jpg\"><img decoding=\"async\" class=\"aligncenter size-full wp-image-5112\" src=\"https:\/\/lumulu.de\/blog\/wp-content\/uploads\/2017\/07\/5..-Tour-bis-Grande-Cascade-1789-m-u.Chemin-des-Espugues-IMG_0790-38.jpg\" alt=\"5.. Tour bis Grande Cascade 1789 m u.Chemin des Espugues IMG_0790 (38)\" width=\"1000\" height=\"667\" srcset=\"https:\/\/lumulu.de\/blog\/wp-content\/uploads\/2017\/07\/5..-Tour-bis-Grande-Cascade-1789-m-u.Chemin-des-Espugues-IMG_0790-38.jpg 1000w, https:\/\/lumulu.de\/blog\/wp-content\/uploads\/2017\/07\/5..-Tour-bis-Grande-Cascade-1789-m-u.Chemin-des-Espugues-IMG_0790-38-300x200.jpg 300w, https:\/\/lumulu.de\/blog\/wp-content\/uploads\/2017\/07\/5..-Tour-bis-Grande-Cascade-1789-m-u.Chemin-des-Espugues-IMG_0790-38-768x512.jpg 768w\" sizes=\"(max-width: 1000px) 100vw, 1000px\" \/><\/a> <a href=\"https:\/\/lumulu.de\/blog\/wp-content\/uploads\/2017\/07\/5..-Tour-bis-Grande-Cascade-1789-m-u.Chemin-des-Espugues-IMG_0790-50.jpg\"><img decoding=\"async\" class=\"aligncenter size-full wp-image-5113\" src=\"https:\/\/lumulu.de\/blog\/wp-content\/uploads\/2017\/07\/5..-Tour-bis-Grande-Cascade-1789-m-u.Chemin-des-Espugues-IMG_0790-50.jpg\" alt=\"5.. Tour bis Grande Cascade 1789 m u.Chemin des Espugues IMG_0790 (50)\" width=\"1000\" height=\"667\" srcset=\"https:\/\/lumulu.de\/blog\/wp-content\/uploads\/2017\/07\/5..-Tour-bis-Grande-Cascade-1789-m-u.Chemin-des-Espugues-IMG_0790-50.jpg 1000w, https:\/\/lumulu.de\/blog\/wp-content\/uploads\/2017\/07\/5..-Tour-bis-Grande-Cascade-1789-m-u.Chemin-des-Espugues-IMG_0790-50-300x200.jpg 300w, https:\/\/lumulu.de\/blog\/wp-content\/uploads\/2017\/07\/5..-Tour-bis-Grande-Cascade-1789-m-u.Chemin-des-Espugues-IMG_0790-50-768x512.jpg 768w\" sizes=\"(max-width: 1000px) 100vw, 1000px\" \/><\/a> <a href=\"https:\/\/lumulu.de\/blog\/wp-content\/uploads\/2017\/07\/5..-Tour-bis-Grande-Cascade-1789-m-u.Chemin-des-Espugues-IMG_0790-53.jpg\"><img decoding=\"async\" class=\"aligncenter size-full wp-image-5114\" src=\"https:\/\/lumulu.de\/blog\/wp-content\/uploads\/2017\/07\/5..-Tour-bis-Grande-Cascade-1789-m-u.Chemin-des-Espugues-IMG_0790-53.jpg\" alt=\"5.. Tour bis Grande Cascade 1789 m u.Chemin des Espugues IMG_0790 (53)\" width=\"1000\" height=\"667\" srcset=\"https:\/\/lumulu.de\/blog\/wp-content\/uploads\/2017\/07\/5..-Tour-bis-Grande-Cascade-1789-m-u.Chemin-des-Espugues-IMG_0790-53.jpg 1000w, https:\/\/lumulu.de\/blog\/wp-content\/uploads\/2017\/07\/5..-Tour-bis-Grande-Cascade-1789-m-u.Chemin-des-Espugues-IMG_0790-53-300x200.jpg 300w, https:\/\/lumulu.de\/blog\/wp-content\/uploads\/2017\/07\/5..-Tour-bis-Grande-Cascade-1789-m-u.Chemin-des-Espugues-IMG_0790-53-768x512.jpg 768w\" sizes=\"(max-width: 1000px) 100vw, 1000px\" \/><\/a> <a href=\"https:\/\/lumulu.de\/blog\/wp-content\/uploads\/2017\/07\/5..-Tour-bis-Grande-Cascade-1789-m-u.Chemin-des-Espugues-IMG_0790-61.jpg\"><img decoding=\"async\" class=\"aligncenter size-full wp-image-5115\" src=\"https:\/\/lumulu.de\/blog\/wp-content\/uploads\/2017\/07\/5..-Tour-bis-Grande-Cascade-1789-m-u.Chemin-des-Espugues-IMG_0790-61.jpg\" alt=\"5.. Tour bis Grande Cascade 1789 m u.Chemin des Espugues IMG_0790 (61)\" width=\"1000\" height=\"667\" srcset=\"https:\/\/lumulu.de\/blog\/wp-content\/uploads\/2017\/07\/5..-Tour-bis-Grande-Cascade-1789-m-u.Chemin-des-Espugues-IMG_0790-61.jpg 1000w, https:\/\/lumulu.de\/blog\/wp-content\/uploads\/2017\/07\/5..-Tour-bis-Grande-Cascade-1789-m-u.Chemin-des-Espugues-IMG_0790-61-300x200.jpg 300w, https:\/\/lumulu.de\/blog\/wp-content\/uploads\/2017\/07\/5..-Tour-bis-Grande-Cascade-1789-m-u.Chemin-des-Espugues-IMG_0790-61-768x512.jpg 768w\" sizes=\"(max-width: 1000px) 100vw, 1000px\" \/><\/a> <a href=\"https:\/\/lumulu.de\/blog\/wp-content\/uploads\/2017\/07\/5..-Tour-bis-Grande-Cascade-1789-m-u.Chemin-des-Espugues-IMG_0790-70.jpg\"><img decoding=\"async\" class=\"aligncenter size-full wp-image-5116\" src=\"https:\/\/lumulu.de\/blog\/wp-content\/uploads\/2017\/07\/5..-Tour-bis-Grande-Cascade-1789-m-u.Chemin-des-Espugues-IMG_0790-70.jpg\" alt=\"5.. Tour bis Grande Cascade 1789 m u.Chemin des Espugues IMG_0790 (70)\" width=\"1000\" height=\"667\" srcset=\"https:\/\/lumulu.de\/blog\/wp-content\/uploads\/2017\/07\/5..-Tour-bis-Grande-Cascade-1789-m-u.Chemin-des-Espugues-IMG_0790-70.jpg 1000w, https:\/\/lumulu.de\/blog\/wp-content\/uploads\/2017\/07\/5..-Tour-bis-Grande-Cascade-1789-m-u.Chemin-des-Espugues-IMG_0790-70-300x200.jpg 300w, https:\/\/lumulu.de\/blog\/wp-content\/uploads\/2017\/07\/5..-Tour-bis-Grande-Cascade-1789-m-u.Chemin-des-Espugues-IMG_0790-70-768x512.jpg 768w\" sizes=\"(max-width: 1000px) 100vw, 1000px\" \/><\/a>Der R\u00fcckweg gestaltete sich ein wenig schwieriger, war ja auch als \u201ediffusil\u201c beschrieben. Man musste schon trittsicher sein. Der Weg steil bergauf und schmal, \u00fcber Steine, unter \u00fcberh\u00e4ngenden Felsen durch, an steilen, ungesicherten Abh\u00e4ngen entlang, \u00fcber Gebirgsb\u00e4che und zum Schluss kurz, daf\u00fcr steil bergab. Und die Natur!!! Herrlich. So sind es eben auch wieder viele Fotos geworden.<br \/>\n<a href=\"https:\/\/lumulu.de\/blog\/wp-content\/uploads\/2017\/07\/5..-Tour-bis-Grande-Cascade-1789-m-u.Chemin-des-Espugues-IMG_0790-72.jpg\"><img decoding=\"async\" class=\"aligncenter size-full wp-image-5117\" src=\"https:\/\/lumulu.de\/blog\/wp-content\/uploads\/2017\/07\/5..-Tour-bis-Grande-Cascade-1789-m-u.Chemin-des-Espugues-IMG_0790-72.jpg\" alt=\"5.. Tour bis Grande Cascade 1789 m u.Chemin des Espugues IMG_0790 (72)\" width=\"1000\" height=\"667\" srcset=\"https:\/\/lumulu.de\/blog\/wp-content\/uploads\/2017\/07\/5..-Tour-bis-Grande-Cascade-1789-m-u.Chemin-des-Espugues-IMG_0790-72.jpg 1000w, https:\/\/lumulu.de\/blog\/wp-content\/uploads\/2017\/07\/5..-Tour-bis-Grande-Cascade-1789-m-u.Chemin-des-Espugues-IMG_0790-72-300x200.jpg 300w, https:\/\/lumulu.de\/blog\/wp-content\/uploads\/2017\/07\/5..-Tour-bis-Grande-Cascade-1789-m-u.Chemin-des-Espugues-IMG_0790-72-768x512.jpg 768w\" sizes=\"(max-width: 1000px) 100vw, 1000px\" \/><\/a> <a href=\"https:\/\/lumulu.de\/blog\/wp-content\/uploads\/2017\/07\/5..-Tour-bis-Grande-Cascade-1789-m-u.Chemin-des-Espugues-IMG_0790-73.jpg\"><img decoding=\"async\" class=\"aligncenter size-full wp-image-5118\" src=\"https:\/\/lumulu.de\/blog\/wp-content\/uploads\/2017\/07\/5..-Tour-bis-Grande-Cascade-1789-m-u.Chemin-des-Espugues-IMG_0790-73.jpg\" alt=\"5.. Tour bis Grande Cascade 1789 m u.Chemin des Espugues IMG_0790 (73)\" width=\"1000\" height=\"667\" srcset=\"https:\/\/lumulu.de\/blog\/wp-content\/uploads\/2017\/07\/5..-Tour-bis-Grande-Cascade-1789-m-u.Chemin-des-Espugues-IMG_0790-73.jpg 1000w, https:\/\/lumulu.de\/blog\/wp-content\/uploads\/2017\/07\/5..-Tour-bis-Grande-Cascade-1789-m-u.Chemin-des-Espugues-IMG_0790-73-300x200.jpg 300w, https:\/\/lumulu.de\/blog\/wp-content\/uploads\/2017\/07\/5..-Tour-bis-Grande-Cascade-1789-m-u.Chemin-des-Espugues-IMG_0790-73-768x512.jpg 768w\" sizes=\"(max-width: 1000px) 100vw, 1000px\" \/><\/a> <a href=\"https:\/\/lumulu.de\/blog\/wp-content\/uploads\/2017\/07\/5..-Tour-bis-Grande-Cascade-1789-m-u.Chemin-des-Espugues-IMG_0790-76.jpg\"><img decoding=\"async\" class=\"aligncenter size-full wp-image-5119\" src=\"https:\/\/lumulu.de\/blog\/wp-content\/uploads\/2017\/07\/5..-Tour-bis-Grande-Cascade-1789-m-u.Chemin-des-Espugues-IMG_0790-76.jpg\" alt=\"5.. Tour bis Grande Cascade 1789 m u.Chemin des Espugues IMG_0790 (76)\" width=\"1000\" height=\"667\" srcset=\"https:\/\/lumulu.de\/blog\/wp-content\/uploads\/2017\/07\/5..-Tour-bis-Grande-Cascade-1789-m-u.Chemin-des-Espugues-IMG_0790-76.jpg 1000w, https:\/\/lumulu.de\/blog\/wp-content\/uploads\/2017\/07\/5..-Tour-bis-Grande-Cascade-1789-m-u.Chemin-des-Espugues-IMG_0790-76-300x200.jpg 300w, https:\/\/lumulu.de\/blog\/wp-content\/uploads\/2017\/07\/5..-Tour-bis-Grande-Cascade-1789-m-u.Chemin-des-Espugues-IMG_0790-76-768x512.jpg 768w\" sizes=\"(max-width: 1000px) 100vw, 1000px\" \/><\/a> <a href=\"https:\/\/lumulu.de\/blog\/wp-content\/uploads\/2017\/07\/5..-Tour-bis-Grande-Cascade-1789-m-u.Chemin-des-Espugues-IMG_0790-80.jpg\"><img decoding=\"async\" class=\"aligncenter size-full wp-image-5120\" src=\"https:\/\/lumulu.de\/blog\/wp-content\/uploads\/2017\/07\/5..-Tour-bis-Grande-Cascade-1789-m-u.Chemin-des-Espugues-IMG_0790-80.jpg\" alt=\"5.. Tour bis Grande Cascade 1789 m u.Chemin des Espugues IMG_0790 (80)\" width=\"1000\" height=\"667\" srcset=\"https:\/\/lumulu.de\/blog\/wp-content\/uploads\/2017\/07\/5..-Tour-bis-Grande-Cascade-1789-m-u.Chemin-des-Espugues-IMG_0790-80.jpg 1000w, https:\/\/lumulu.de\/blog\/wp-content\/uploads\/2017\/07\/5..-Tour-bis-Grande-Cascade-1789-m-u.Chemin-des-Espugues-IMG_0790-80-300x200.jpg 300w, https:\/\/lumulu.de\/blog\/wp-content\/uploads\/2017\/07\/5..-Tour-bis-Grande-Cascade-1789-m-u.Chemin-des-Espugues-IMG_0790-80-768x512.jpg 768w\" sizes=\"(max-width: 1000px) 100vw, 1000px\" \/><\/a> <a href=\"https:\/\/lumulu.de\/blog\/wp-content\/uploads\/2017\/07\/5..-Tour-bis-Grande-Cascade-1789-m-u.Chemin-des-Espugues-IMG_0790-86.jpg\"><img decoding=\"async\" class=\"aligncenter size-full wp-image-5121\" src=\"https:\/\/lumulu.de\/blog\/wp-content\/uploads\/2017\/07\/5..-Tour-bis-Grande-Cascade-1789-m-u.Chemin-des-Espugues-IMG_0790-86.jpg\" alt=\"5.. Tour bis Grande Cascade 1789 m u.Chemin des Espugues IMG_0790 (86)\" width=\"1000\" height=\"667\" srcset=\"https:\/\/lumulu.de\/blog\/wp-content\/uploads\/2017\/07\/5..-Tour-bis-Grande-Cascade-1789-m-u.Chemin-des-Espugues-IMG_0790-86.jpg 1000w, https:\/\/lumulu.de\/blog\/wp-content\/uploads\/2017\/07\/5..-Tour-bis-Grande-Cascade-1789-m-u.Chemin-des-Espugues-IMG_0790-86-300x200.jpg 300w, https:\/\/lumulu.de\/blog\/wp-content\/uploads\/2017\/07\/5..-Tour-bis-Grande-Cascade-1789-m-u.Chemin-des-Espugues-IMG_0790-86-768x512.jpg 768w\" sizes=\"(max-width: 1000px) 100vw, 1000px\" \/><\/a> <a href=\"https:\/\/lumulu.de\/blog\/wp-content\/uploads\/2017\/07\/5..-Tour-bis-Grande-Cascade-1789-m-u.Chemin-des-Espugues-IMG_0790-90.jpg\"><img decoding=\"async\" class=\"aligncenter size-full wp-image-5122\" src=\"https:\/\/lumulu.de\/blog\/wp-content\/uploads\/2017\/07\/5..-Tour-bis-Grande-Cascade-1789-m-u.Chemin-des-Espugues-IMG_0790-90.jpg\" alt=\"5.. Tour bis Grande Cascade 1789 m u.Chemin des Espugues IMG_0790 (90)\" width=\"1000\" height=\"667\" srcset=\"https:\/\/lumulu.de\/blog\/wp-content\/uploads\/2017\/07\/5..-Tour-bis-Grande-Cascade-1789-m-u.Chemin-des-Espugues-IMG_0790-90.jpg 1000w, https:\/\/lumulu.de\/blog\/wp-content\/uploads\/2017\/07\/5..-Tour-bis-Grande-Cascade-1789-m-u.Chemin-des-Espugues-IMG_0790-90-300x200.jpg 300w, https:\/\/lumulu.de\/blog\/wp-content\/uploads\/2017\/07\/5..-Tour-bis-Grande-Cascade-1789-m-u.Chemin-des-Espugues-IMG_0790-90-768x512.jpg 768w\" sizes=\"(max-width: 1000px) 100vw, 1000px\" \/><\/a> <a href=\"https:\/\/lumulu.de\/blog\/wp-content\/uploads\/2017\/07\/5..-Tour-bis-Grande-Cascade-1789-m-u.Chemin-des-Espugues-IMG_0790-102.jpg\"><img decoding=\"async\" class=\"aligncenter size-full wp-image-5123\" src=\"https:\/\/lumulu.de\/blog\/wp-content\/uploads\/2017\/07\/5..-Tour-bis-Grande-Cascade-1789-m-u.Chemin-des-Espugues-IMG_0790-102.jpg\" alt=\"5.. Tour bis Grande Cascade 1789 m u.Chemin des Espugues IMG_0790 (102)\" width=\"1000\" height=\"667\" srcset=\"https:\/\/lumulu.de\/blog\/wp-content\/uploads\/2017\/07\/5..-Tour-bis-Grande-Cascade-1789-m-u.Chemin-des-Espugues-IMG_0790-102.jpg 1000w, https:\/\/lumulu.de\/blog\/wp-content\/uploads\/2017\/07\/5..-Tour-bis-Grande-Cascade-1789-m-u.Chemin-des-Espugues-IMG_0790-102-300x200.jpg 300w, https:\/\/lumulu.de\/blog\/wp-content\/uploads\/2017\/07\/5..-Tour-bis-Grande-Cascade-1789-m-u.Chemin-des-Espugues-IMG_0790-102-768x512.jpg 768w\" sizes=\"(max-width: 1000px) 100vw, 1000px\" \/><\/a>Am Abend genossen wir nicht nur unseren wundersch\u00f6nen Campingplatz am Fu\u00dfe dieser gr\u00f6\u00dften Ansammlung Dreitausender in den Pyren\u00e4en, sondern auch das eine oder andere Gl\u00e4schen Wein. So schliefen wir trotz tosendem, parallel flie\u00dfendem Gebirgsfluss, recht gut.<br \/>\n<a href=\"https:\/\/lumulu.de\/blog\/wp-content\/uploads\/2017\/07\/6..-Campingplatz-in-Gavarnie-12.07.17-IMG_0804-2.jpg\"><img decoding=\"async\" class=\"aligncenter size-full wp-image-5124\" src=\"https:\/\/lumulu.de\/blog\/wp-content\/uploads\/2017\/07\/6..-Campingplatz-in-Gavarnie-12.07.17-IMG_0804-2.jpg\" alt=\"6.. Campingplatz in Gavarnie 12.07.17 IMG_0804 (2)\" width=\"1000\" height=\"667\" srcset=\"https:\/\/lumulu.de\/blog\/wp-content\/uploads\/2017\/07\/6..-Campingplatz-in-Gavarnie-12.07.17-IMG_0804-2.jpg 1000w, https:\/\/lumulu.de\/blog\/wp-content\/uploads\/2017\/07\/6..-Campingplatz-in-Gavarnie-12.07.17-IMG_0804-2-300x200.jpg 300w, https:\/\/lumulu.de\/blog\/wp-content\/uploads\/2017\/07\/6..-Campingplatz-in-Gavarnie-12.07.17-IMG_0804-2-768x512.jpg 768w\" sizes=\"(max-width: 1000px) 100vw, 1000px\" \/><\/a> <a href=\"https:\/\/lumulu.de\/blog\/wp-content\/uploads\/2017\/07\/6.Blick-vom-CP-zur-Cascade-21.27Uhr-IMG_0805.jpg\"><img decoding=\"async\" class=\"aligncenter size-full wp-image-5125\" src=\"https:\/\/lumulu.de\/blog\/wp-content\/uploads\/2017\/07\/6.Blick-vom-CP-zur-Cascade-21.27Uhr-IMG_0805.jpg\" alt=\"6.Blick vom CP zur Cascade 21.27Uhr IMG_0805\" width=\"1000\" height=\"667\" srcset=\"https:\/\/lumulu.de\/blog\/wp-content\/uploads\/2017\/07\/6.Blick-vom-CP-zur-Cascade-21.27Uhr-IMG_0805.jpg 1000w, https:\/\/lumulu.de\/blog\/wp-content\/uploads\/2017\/07\/6.Blick-vom-CP-zur-Cascade-21.27Uhr-IMG_0805-300x200.jpg 300w, https:\/\/lumulu.de\/blog\/wp-content\/uploads\/2017\/07\/6.Blick-vom-CP-zur-Cascade-21.27Uhr-IMG_0805-768x512.jpg 768w\" sizes=\"(max-width: 1000px) 100vw, 1000px\" \/><\/a><br \/>\nAm n\u00e4chsten Morgen wiederum machen wir uns schon wieder auf den Weg \u2013 die n\u00e4chsten 3 P\u00e4sse erwarten uns! Langsam m\u00fcssen wir mal anfangen, die P\u00e4sse zu z\u00e4hlen.<\/p>\n<p style=\"text-align: justify;\">Bis dahin gr\u00fc\u00dfen euch eure ausgesprochen zufriedenen Weltenbummler<\/p>\n<p style=\"text-align: justify;\">Barbara &amp; Paul<\/p>\n","protected":false},"excerpt":{"rendered":"<p>Liebe Weltenbummler-Verfolger, wie im letzten Bericht beschrieben, fuhren wir noch von Espot nach Vielha, \u00fcber den Pass Puerto de la Bonaigua (2072m) wo wir eine Nacht auf einem Stellplatz \u00fcbernachteten.Hier trafen wir auch auf die ersten Pferde &#8211; es sollten &hellip; <a href=\"https:\/\/lumulu.de\/blog\/2017\/07\/17\/die-tour-de-france-zwar-knapp-verpasst-aber-aussergewoehnliche-gebirgswelt-genossen\/\">Weiterlesen <span class=\"meta-nav\">&rarr;<\/span><\/a><\/p>\n","protected":false},"author":2,"featured_media":0,"comment_status":"open","ping_status":"closed","sticky":false,"template":"","format":"standard","meta":{"footnotes":""},"categories":[1],"tags":[],"class_list":["post-5087","post","type-post","status-publish","format-standard","hentry","category-allgemein"],"_links":{"self":[{"href":"https:\/\/lumulu.de\/blog\/wp-json\/wp\/v2\/posts\/5087","targetHints":{"allow":["GET"]}}],"collection":[{"href":"https:\/\/lumulu.de\/blog\/wp-json\/wp\/v2\/posts"}],"about":[{"href":"https:\/\/lumulu.de\/blog\/wp-json\/wp\/v2\/types\/post"}],"author":[{"embeddable":true,"href":"https:\/\/lumulu.de\/blog\/wp-json\/wp\/v2\/users\/2"}],"replies":[{"embeddable":true,"href":"https:\/\/lumulu.de\/blog\/wp-json\/wp\/v2\/comments?post=5087"}],"version-history":[{"count":4,"href":"https:\/\/lumulu.de\/blog\/wp-json\/wp\/v2\/posts\/5087\/revisions"}],"predecessor-version":[{"id":5128,"href":"https:\/\/lumulu.de\/blog\/wp-json\/wp\/v2\/posts\/5087\/revisions\/5128"}],"wp:attachment":[{"href":"https:\/\/lumulu.de\/blog\/wp-json\/wp\/v2\/media?parent=5087"}],"wp:term":[{"taxonomy":"category","embeddable":true,"href":"https:\/\/lumulu.de\/blog\/wp-json\/wp\/v2\/categories?post=5087"},{"taxonomy":"post_tag","embeddable":true,"href":"https:\/\/lumulu.de\/blog\/wp-json\/wp\/v2\/tags?post=5087"}],"curies":[{"name":"wp","href":"https:\/\/api.w.org\/{rel}","templated":true}]}}