{"id":5047,"date":"2017-07-15T12:08:16","date_gmt":"2017-07-15T10:08:16","guid":{"rendered":"http:\/\/lumulu.de\/blog\/?p=5047"},"modified":"2017-07-15T12:34:31","modified_gmt":"2017-07-15T10:34:31","slug":"von-andorra-nach-espot-und-wie-paul-doch-noch-im-gewitter-wandern-musste","status":"publish","type":"post","link":"https:\/\/lumulu.de\/blog\/2017\/07\/15\/von-andorra-nach-espot-und-wie-paul-doch-noch-im-gewitter-wandern-musste\/","title":{"rendered":"Von Andorra nach Espot &#8211; und wie Paul doch noch im Gewitter wandern musste &#8230;"},"content":{"rendered":"<p style=\"text-align: justify;\">Liebe Freunde unseres Blogs,<\/p>\n<p style=\"text-align: justify;\">zuallererst haben wir heute eine Bitte an euch: lasst euch mit euren G\u00e4stebucheintr\u00e4gen nicht von den immer wieder auftauchenden Spam-Eintr\u00e4gen abhalten! Sobald wir Internet haben, l\u00f6schen wir diese unangenehmen Eintr\u00e4ge &#8211; und eure freuen uns dann umso mehr! Dankesch\u00f6n!<br \/>\nNun zu unserer Tour: Nach einer weiteren \u00dcbernachtung erreichten wir, \u00fcbrigens bereits zum dritten Mal auf unseren Reisen, Andorra. Bislang durchquerten wir es nur &#8211; und das jedes Mal bei ziemlich schlechtem Wetter. Einmal war purer Nebel und wir sahen \u2026 einfach nix. Ein anderes Mal war pures Schneegest\u00f6ber auf dem Pass und wir hatten Bedenken, mit dem Wohnmobil \u00fcberhaupt weiter zu kommen.<br \/>\nDieses Mal war es endlich besser, als wollte es uns sagen, jetzt habt ihr es euch verdient. Wir \u00fcberquerten den \u201aEl Pas de Casa\u2018 (2050m) bei (relativ) freier Sicht und erlebten dann eine sonnige Fahrt bis zur Hauptstadt Andorra la Vella. Ein f\u00fcr uns g\u00fcnstig gelegener Campingplatz fand sich an den H\u00e4ngen des Flusses Valira, der mitten durch die Hauptstadt flie\u00dft.<\/p>\n<p style=\"text-align: justify;\"><a href=\"https:\/\/lumulu.de\/blog\/wp-content\/uploads\/2017\/07\/01.07.07.17-Auf-dem-EL-Pas-de-Casa-2050-Meter-von-F-nach-Andorra-IMG_0465-20.jpg\"><img decoding=\"async\" class=\"aligncenter size-full wp-image-5048\" src=\"https:\/\/lumulu.de\/blog\/wp-content\/uploads\/2017\/07\/01.07.07.17-Auf-dem-EL-Pas-de-Casa-2050-Meter-von-F-nach-Andorra-IMG_0465-20.jpg\" alt=\"01.07.07.17 Auf dem EL Pas de Casa 2050 Meter, von F nach Andorra IMG_0465 (20)\" width=\"1000\" height=\"667\" srcset=\"https:\/\/lumulu.de\/blog\/wp-content\/uploads\/2017\/07\/01.07.07.17-Auf-dem-EL-Pas-de-Casa-2050-Meter-von-F-nach-Andorra-IMG_0465-20.jpg 1000w, https:\/\/lumulu.de\/blog\/wp-content\/uploads\/2017\/07\/01.07.07.17-Auf-dem-EL-Pas-de-Casa-2050-Meter-von-F-nach-Andorra-IMG_0465-20-300x200.jpg 300w, https:\/\/lumulu.de\/blog\/wp-content\/uploads\/2017\/07\/01.07.07.17-Auf-dem-EL-Pas-de-Casa-2050-Meter-von-F-nach-Andorra-IMG_0465-20-768x512.jpg 768w\" sizes=\"(max-width: 1000px) 100vw, 1000px\" \/><\/a> <a href=\"https:\/\/lumulu.de\/blog\/wp-content\/uploads\/2017\/07\/01.07.07.17-Auf-dem-EL-Pas-de-Casa-2050-Meter-von-F-nach-Andorra-IMG_0465-21.jpg\"><img decoding=\"async\" class=\"aligncenter size-full wp-image-5049\" src=\"https:\/\/lumulu.de\/blog\/wp-content\/uploads\/2017\/07\/01.07.07.17-Auf-dem-EL-Pas-de-Casa-2050-Meter-von-F-nach-Andorra-IMG_0465-21.jpg\" alt=\"01.07.07.17 Auf dem EL Pas de Casa 2050 Meter, von F nach Andorra IMG_0465 (21)\" width=\"1000\" height=\"667\" srcset=\"https:\/\/lumulu.de\/blog\/wp-content\/uploads\/2017\/07\/01.07.07.17-Auf-dem-EL-Pas-de-Casa-2050-Meter-von-F-nach-Andorra-IMG_0465-21.jpg 1000w, https:\/\/lumulu.de\/blog\/wp-content\/uploads\/2017\/07\/01.07.07.17-Auf-dem-EL-Pas-de-Casa-2050-Meter-von-F-nach-Andorra-IMG_0465-21-300x200.jpg 300w, https:\/\/lumulu.de\/blog\/wp-content\/uploads\/2017\/07\/01.07.07.17-Auf-dem-EL-Pas-de-Casa-2050-Meter-von-F-nach-Andorra-IMG_0465-21-768x512.jpg 768w\" sizes=\"(max-width: 1000px) 100vw, 1000px\" \/><\/a><a href=\"https:\/\/lumulu.de\/blog\/wp-content\/uploads\/2017\/07\/02...08.07.17-CP-Andorra-la-Vella-die-Hauptstadt-von-AndorraIMG_0487-6.jpg\"><img decoding=\"async\" class=\"aligncenter size-full wp-image-5051\" src=\"https:\/\/lumulu.de\/blog\/wp-content\/uploads\/2017\/07\/02...08.07.17-CP-Andorra-la-Vella-die-Hauptstadt-von-AndorraIMG_0487-6.jpg\" alt=\"02...08.07.17 CP Andorra la Vella die Hauptstadt von AndorraIMG_0487 (6)\" width=\"1000\" height=\"667\" srcset=\"https:\/\/lumulu.de\/blog\/wp-content\/uploads\/2017\/07\/02...08.07.17-CP-Andorra-la-Vella-die-Hauptstadt-von-AndorraIMG_0487-6.jpg 1000w, https:\/\/lumulu.de\/blog\/wp-content\/uploads\/2017\/07\/02...08.07.17-CP-Andorra-la-Vella-die-Hauptstadt-von-AndorraIMG_0487-6-300x200.jpg 300w, https:\/\/lumulu.de\/blog\/wp-content\/uploads\/2017\/07\/02...08.07.17-CP-Andorra-la-Vella-die-Hauptstadt-von-AndorraIMG_0487-6-768x512.jpg 768w\" sizes=\"(max-width: 1000px) 100vw, 1000px\" \/><\/a>Nach einer kurzen Mittagspause und einer (bei der Hitze n\u00f6tigen) Dusche, packten wir den Motorroller aus und schwangen uns auf in die Stadt. Sie ist, sagen wir, interessant, aber nicht sonderlich attraktiv. Die Menschen sehr verschlossen und die H\u00e4user, nicht nur in der Altstadt, sondern im ganzen Land, dunkel. Aber man muss es einfach mal erlebt haben.<\/p>\n<p style=\"text-align: justify;\"><a href=\"https:\/\/lumulu.de\/blog\/wp-content\/uploads\/2017\/07\/02...08.07.17-Andorra-la-Vella-die-Hauptstadt-von-AndorraIMG_0487-9.jpg\"><img decoding=\"async\" class=\"aligncenter size-full wp-image-5050\" src=\"https:\/\/lumulu.de\/blog\/wp-content\/uploads\/2017\/07\/02...08.07.17-Andorra-la-Vella-die-Hauptstadt-von-AndorraIMG_0487-9.jpg\" alt=\"02...08.07.17 Andorra la Vella die Hauptstadt von AndorraIMG_0487 (9)\" width=\"1000\" height=\"667\" srcset=\"https:\/\/lumulu.de\/blog\/wp-content\/uploads\/2017\/07\/02...08.07.17-Andorra-la-Vella-die-Hauptstadt-von-AndorraIMG_0487-9.jpg 1000w, https:\/\/lumulu.de\/blog\/wp-content\/uploads\/2017\/07\/02...08.07.17-Andorra-la-Vella-die-Hauptstadt-von-AndorraIMG_0487-9-300x200.jpg 300w, https:\/\/lumulu.de\/blog\/wp-content\/uploads\/2017\/07\/02...08.07.17-Andorra-la-Vella-die-Hauptstadt-von-AndorraIMG_0487-9-768x512.jpg 768w\" sizes=\"(max-width: 1000px) 100vw, 1000px\" \/><\/a><a href=\"https:\/\/lumulu.de\/blog\/wp-content\/uploads\/2017\/07\/02...08.07.17-Andorra-la-Vella-die-Hauptstadt-von-AndorraIMG_0487-10.jpg\"><img decoding=\"async\" class=\"aligncenter size-full wp-image-5052\" src=\"https:\/\/lumulu.de\/blog\/wp-content\/uploads\/2017\/07\/02...08.07.17-Andorra-la-Vella-die-Hauptstadt-von-AndorraIMG_0487-10.jpg\" alt=\"02...08.07.17 Andorra la Vella die Hauptstadt von AndorraIMG_0487 (10)\" width=\"1000\" height=\"667\" srcset=\"https:\/\/lumulu.de\/blog\/wp-content\/uploads\/2017\/07\/02...08.07.17-Andorra-la-Vella-die-Hauptstadt-von-AndorraIMG_0487-10.jpg 1000w, https:\/\/lumulu.de\/blog\/wp-content\/uploads\/2017\/07\/02...08.07.17-Andorra-la-Vella-die-Hauptstadt-von-AndorraIMG_0487-10-300x200.jpg 300w, https:\/\/lumulu.de\/blog\/wp-content\/uploads\/2017\/07\/02...08.07.17-Andorra-la-Vella-die-Hauptstadt-von-AndorraIMG_0487-10-768x512.jpg 768w\" sizes=\"(max-width: 1000px) 100vw, 1000px\" \/><\/a> <a href=\"https:\/\/lumulu.de\/blog\/wp-content\/uploads\/2017\/07\/02...08.07.17-Andorra-la-Vella-die-Hauptstadt-von-AndorraIMG_0487-11.jpg\"><img decoding=\"async\" class=\"aligncenter size-full wp-image-5053\" src=\"https:\/\/lumulu.de\/blog\/wp-content\/uploads\/2017\/07\/02...08.07.17-Andorra-la-Vella-die-Hauptstadt-von-AndorraIMG_0487-11.jpg\" alt=\"02...08.07.17 Andorra la Vella die Hauptstadt von AndorraIMG_0487 (11)\" width=\"1000\" height=\"667\" srcset=\"https:\/\/lumulu.de\/blog\/wp-content\/uploads\/2017\/07\/02...08.07.17-Andorra-la-Vella-die-Hauptstadt-von-AndorraIMG_0487-11.jpg 1000w, https:\/\/lumulu.de\/blog\/wp-content\/uploads\/2017\/07\/02...08.07.17-Andorra-la-Vella-die-Hauptstadt-von-AndorraIMG_0487-11-300x200.jpg 300w, https:\/\/lumulu.de\/blog\/wp-content\/uploads\/2017\/07\/02...08.07.17-Andorra-la-Vella-die-Hauptstadt-von-AndorraIMG_0487-11-768x512.jpg 768w\" sizes=\"(max-width: 1000px) 100vw, 1000px\" \/><\/a><br \/>\nF\u00fcr den n\u00e4chsten Tag nehmen wir uns eine Rundtour mit dem Roller durchs Gebirge nach Canillo vor, damit wir auch mal ein paar Gebirgsd\u00f6rfchen und die Gegend kennen lernen. Eine Wanderung wollten wir auch noch machen. Nachdem es leider bis zum Nachmittag geregnet hatte, entschlossen wir uns sp\u00e4t, die Tour doch noch zu machen, damit wir bei dem Wetter doch schon am n\u00e4chsten Tag weiter fahren k\u00f6nnen \u2013 die geplante Wandertour fiel dem Regen zum Opfer.<br \/>\n<a href=\"https:\/\/lumulu.de\/blog\/wp-content\/uploads\/2017\/07\/3...08.07.17-Rollertour-nach-Canillo-1526Meter-hoch-IMG_0511-10.jpg\"><img decoding=\"async\" class=\"aligncenter size-full wp-image-5057\" src=\"https:\/\/lumulu.de\/blog\/wp-content\/uploads\/2017\/07\/3...08.07.17-Rollertour-nach-Canillo-1526Meter-hoch-IMG_0511-10.jpg\" alt=\"3...08.07.17 Rollertour nach Canillo 1526Meter hoch IMG_0511 (10)\" width=\"1000\" height=\"667\" srcset=\"https:\/\/lumulu.de\/blog\/wp-content\/uploads\/2017\/07\/3...08.07.17-Rollertour-nach-Canillo-1526Meter-hoch-IMG_0511-10.jpg 1000w, https:\/\/lumulu.de\/blog\/wp-content\/uploads\/2017\/07\/3...08.07.17-Rollertour-nach-Canillo-1526Meter-hoch-IMG_0511-10-300x200.jpg 300w, https:\/\/lumulu.de\/blog\/wp-content\/uploads\/2017\/07\/3...08.07.17-Rollertour-nach-Canillo-1526Meter-hoch-IMG_0511-10-768x512.jpg 768w\" sizes=\"(max-width: 1000px) 100vw, 1000px\" \/><\/a> <a href=\"https:\/\/lumulu.de\/blog\/wp-content\/uploads\/2017\/07\/3...08.07.17-Rollertour-nach-Canillo-1526Meter-hoch-IMG_0511-11.jpg\"><img decoding=\"async\" class=\"aligncenter size-full wp-image-5058\" src=\"https:\/\/lumulu.de\/blog\/wp-content\/uploads\/2017\/07\/3...08.07.17-Rollertour-nach-Canillo-1526Meter-hoch-IMG_0511-11.jpg\" alt=\"3...08.07.17 Rollertour nach Canillo 1526Meter hoch IMG_0511 (11)\" width=\"1000\" height=\"667\" srcset=\"https:\/\/lumulu.de\/blog\/wp-content\/uploads\/2017\/07\/3...08.07.17-Rollertour-nach-Canillo-1526Meter-hoch-IMG_0511-11.jpg 1000w, https:\/\/lumulu.de\/blog\/wp-content\/uploads\/2017\/07\/3...08.07.17-Rollertour-nach-Canillo-1526Meter-hoch-IMG_0511-11-300x200.jpg 300w, https:\/\/lumulu.de\/blog\/wp-content\/uploads\/2017\/07\/3...08.07.17-Rollertour-nach-Canillo-1526Meter-hoch-IMG_0511-11-768x512.jpg 768w\" sizes=\"(max-width: 1000px) 100vw, 1000px\" \/><\/a> <a href=\"https:\/\/lumulu.de\/blog\/wp-content\/uploads\/2017\/07\/3...08.07.17-Rollertour-nach-Canillo-1526Meter-hoch-IMG_0511-12.jpg\"><img decoding=\"async\" class=\"aligncenter size-full wp-image-5059\" src=\"https:\/\/lumulu.de\/blog\/wp-content\/uploads\/2017\/07\/3...08.07.17-Rollertour-nach-Canillo-1526Meter-hoch-IMG_0511-12.jpg\" alt=\"3...08.07.17 Rollertour nach Canillo 1526Meter hoch IMG_0511 (12)\" width=\"1000\" height=\"667\" srcset=\"https:\/\/lumulu.de\/blog\/wp-content\/uploads\/2017\/07\/3...08.07.17-Rollertour-nach-Canillo-1526Meter-hoch-IMG_0511-12.jpg 1000w, https:\/\/lumulu.de\/blog\/wp-content\/uploads\/2017\/07\/3...08.07.17-Rollertour-nach-Canillo-1526Meter-hoch-IMG_0511-12-300x200.jpg 300w, https:\/\/lumulu.de\/blog\/wp-content\/uploads\/2017\/07\/3...08.07.17-Rollertour-nach-Canillo-1526Meter-hoch-IMG_0511-12-768x512.jpg 768w\" sizes=\"(max-width: 1000px) 100vw, 1000px\" \/><\/a> <a href=\"https:\/\/lumulu.de\/blog\/wp-content\/uploads\/2017\/07\/3...08.07.17-Rollertour-nach-Canillo-1526Meter-hoch-IMG_0511-13.jpg\"><img decoding=\"async\" class=\"aligncenter size-full wp-image-5060\" src=\"https:\/\/lumulu.de\/blog\/wp-content\/uploads\/2017\/07\/3...08.07.17-Rollertour-nach-Canillo-1526Meter-hoch-IMG_0511-13.jpg\" alt=\"3...08.07.17 Rollertour nach Canillo 1526Meter hoch IMG_0511 (13)\" width=\"1000\" height=\"667\" srcset=\"https:\/\/lumulu.de\/blog\/wp-content\/uploads\/2017\/07\/3...08.07.17-Rollertour-nach-Canillo-1526Meter-hoch-IMG_0511-13.jpg 1000w, https:\/\/lumulu.de\/blog\/wp-content\/uploads\/2017\/07\/3...08.07.17-Rollertour-nach-Canillo-1526Meter-hoch-IMG_0511-13-300x200.jpg 300w, https:\/\/lumulu.de\/blog\/wp-content\/uploads\/2017\/07\/3...08.07.17-Rollertour-nach-Canillo-1526Meter-hoch-IMG_0511-13-768x512.jpg 768w\" sizes=\"(max-width: 1000px) 100vw, 1000px\" \/><\/a><a href=\"https:\/\/lumulu.de\/blog\/wp-content\/uploads\/2017\/07\/3...08.07.17-Rollertour-nach-Canillo-1526Meter-hoch-IMG_0511-8.jpg\"><img decoding=\"async\" class=\"aligncenter size-full wp-image-5055\" src=\"https:\/\/lumulu.de\/blog\/wp-content\/uploads\/2017\/07\/3...08.07.17-Rollertour-nach-Canillo-1526Meter-hoch-IMG_0511-8.jpg\" alt=\"3...08.07.17 Rollertour nach Canillo 1526Meter hoch IMG_0511 (8)\" width=\"1000\" height=\"667\" srcset=\"https:\/\/lumulu.de\/blog\/wp-content\/uploads\/2017\/07\/3...08.07.17-Rollertour-nach-Canillo-1526Meter-hoch-IMG_0511-8.jpg 1000w, https:\/\/lumulu.de\/blog\/wp-content\/uploads\/2017\/07\/3...08.07.17-Rollertour-nach-Canillo-1526Meter-hoch-IMG_0511-8-300x200.jpg 300w, https:\/\/lumulu.de\/blog\/wp-content\/uploads\/2017\/07\/3...08.07.17-Rollertour-nach-Canillo-1526Meter-hoch-IMG_0511-8-768x512.jpg 768w\" sizes=\"(max-width: 1000px) 100vw, 1000px\" \/><\/a><a href=\"https:\/\/lumulu.de\/blog\/wp-content\/uploads\/2017\/07\/3...08.07.17-Rollertour-nach-Canillo-1526Meter-hoch-IMG_0511-9.jpg\"><img decoding=\"async\" class=\"aligncenter size-full wp-image-5056\" src=\"https:\/\/lumulu.de\/blog\/wp-content\/uploads\/2017\/07\/3...08.07.17-Rollertour-nach-Canillo-1526Meter-hoch-IMG_0511-9.jpg\" alt=\"3...08.07.17 Rollertour nach Canillo 1526Meter hoch IMG_0511 (9)\" width=\"1000\" height=\"667\" srcset=\"https:\/\/lumulu.de\/blog\/wp-content\/uploads\/2017\/07\/3...08.07.17-Rollertour-nach-Canillo-1526Meter-hoch-IMG_0511-9.jpg 1000w, https:\/\/lumulu.de\/blog\/wp-content\/uploads\/2017\/07\/3...08.07.17-Rollertour-nach-Canillo-1526Meter-hoch-IMG_0511-9-300x200.jpg 300w, https:\/\/lumulu.de\/blog\/wp-content\/uploads\/2017\/07\/3...08.07.17-Rollertour-nach-Canillo-1526Meter-hoch-IMG_0511-9-768x512.jpg 768w\" sizes=\"(max-width: 1000px) 100vw, 1000px\" \/><\/a>Und zum Abschluss noch ein Bier in Andorra Stadt &#8230;<\/p>\n<p style=\"text-align: justify;\"><a href=\"https:\/\/lumulu.de\/blog\/wp-content\/uploads\/2017\/07\/3...08.07.17-Rollertour-nach-Canillo-1526Meter-hoch-IMG_0511-7.jpg\"><img decoding=\"async\" class=\"aligncenter size-full wp-image-5054\" src=\"https:\/\/lumulu.de\/blog\/wp-content\/uploads\/2017\/07\/3...08.07.17-Rollertour-nach-Canillo-1526Meter-hoch-IMG_0511-7.jpg\" alt=\"3...08.07.17 Rollertour nach Canillo 1526Meter hoch IMG_0511 (7)\" width=\"1000\" height=\"667\" srcset=\"https:\/\/lumulu.de\/blog\/wp-content\/uploads\/2017\/07\/3...08.07.17-Rollertour-nach-Canillo-1526Meter-hoch-IMG_0511-7.jpg 1000w, https:\/\/lumulu.de\/blog\/wp-content\/uploads\/2017\/07\/3...08.07.17-Rollertour-nach-Canillo-1526Meter-hoch-IMG_0511-7-300x200.jpg 300w, https:\/\/lumulu.de\/blog\/wp-content\/uploads\/2017\/07\/3...08.07.17-Rollertour-nach-Canillo-1526Meter-hoch-IMG_0511-7-768x512.jpg 768w\" sizes=\"(max-width: 1000px) 100vw, 1000px\" \/><\/a><br \/>\nNicht ungern verlie\u00dfen wir Andorra in Richtung spanische Pyren\u00e4en. Dort hatte sich Paul bereits ein kleines \u00d6rtchen namens Espot \u201aausgeguckt\u2018, von dem aus es viele Wanderm\u00f6glichkeiten gibt. Die Strecke ist schon landschaftlich genussvoll. Und bei den Schafherden denken wir nat\u00fcrlich sofort an unseren s\u00fc\u00dfen kleinen Enkel (Josa! Wie macht das Schaf? :-))<\/p>\n<p style=\"text-align: justify;\"><a href=\"https:\/\/lumulu.de\/blog\/wp-content\/uploads\/2017\/07\/04...-09.07.17-Unterwegs-von-Andorra-nach-Espot-im-NP-IMG_0512-6.jpg\"><img decoding=\"async\" class=\"aligncenter size-full wp-image-5073\" src=\"https:\/\/lumulu.de\/blog\/wp-content\/uploads\/2017\/07\/04...-09.07.17-Unterwegs-von-Andorra-nach-Espot-im-NP-IMG_0512-6.jpg\" alt=\"04... 09.07.17 Unterwegs von Andorra nach Espot im NP IMG_0512 (6)\" width=\"1000\" height=\"667\" srcset=\"https:\/\/lumulu.de\/blog\/wp-content\/uploads\/2017\/07\/04...-09.07.17-Unterwegs-von-Andorra-nach-Espot-im-NP-IMG_0512-6.jpg 1000w, https:\/\/lumulu.de\/blog\/wp-content\/uploads\/2017\/07\/04...-09.07.17-Unterwegs-von-Andorra-nach-Espot-im-NP-IMG_0512-6-300x200.jpg 300w, https:\/\/lumulu.de\/blog\/wp-content\/uploads\/2017\/07\/04...-09.07.17-Unterwegs-von-Andorra-nach-Espot-im-NP-IMG_0512-6-768x512.jpg 768w\" sizes=\"(max-width: 1000px) 100vw, 1000px\" \/><\/a> <a href=\"https:\/\/lumulu.de\/blog\/wp-content\/uploads\/2017\/07\/04...-09.07.17-Unterwegs-von-Andorra-nach-Espot-im-NP-IMG_0512-7.jpg\"><img decoding=\"async\" class=\"aligncenter size-full wp-image-5074\" src=\"https:\/\/lumulu.de\/blog\/wp-content\/uploads\/2017\/07\/04...-09.07.17-Unterwegs-von-Andorra-nach-Espot-im-NP-IMG_0512-7.jpg\" alt=\"04... 09.07.17 Unterwegs von Andorra nach Espot im NP IMG_0512 (7)\" width=\"1000\" height=\"667\" srcset=\"https:\/\/lumulu.de\/blog\/wp-content\/uploads\/2017\/07\/04...-09.07.17-Unterwegs-von-Andorra-nach-Espot-im-NP-IMG_0512-7.jpg 1000w, https:\/\/lumulu.de\/blog\/wp-content\/uploads\/2017\/07\/04...-09.07.17-Unterwegs-von-Andorra-nach-Espot-im-NP-IMG_0512-7-300x200.jpg 300w, https:\/\/lumulu.de\/blog\/wp-content\/uploads\/2017\/07\/04...-09.07.17-Unterwegs-von-Andorra-nach-Espot-im-NP-IMG_0512-7-768x512.jpg 768w\" sizes=\"(max-width: 1000px) 100vw, 1000px\" \/><\/a> <a href=\"https:\/\/lumulu.de\/blog\/wp-content\/uploads\/2017\/07\/04...-09.07.17-Unterwegs-von-Andorra-nach-Espot-im-NP-IMG_0512-8.jpg\"><img decoding=\"async\" class=\"aligncenter size-full wp-image-5075\" src=\"https:\/\/lumulu.de\/blog\/wp-content\/uploads\/2017\/07\/04...-09.07.17-Unterwegs-von-Andorra-nach-Espot-im-NP-IMG_0512-8.jpg\" alt=\"04... 09.07.17 Unterwegs von Andorra nach Espot im NP IMG_0512 (8)\" width=\"1000\" height=\"667\" srcset=\"https:\/\/lumulu.de\/blog\/wp-content\/uploads\/2017\/07\/04...-09.07.17-Unterwegs-von-Andorra-nach-Espot-im-NP-IMG_0512-8.jpg 1000w, https:\/\/lumulu.de\/blog\/wp-content\/uploads\/2017\/07\/04...-09.07.17-Unterwegs-von-Andorra-nach-Espot-im-NP-IMG_0512-8-300x200.jpg 300w, https:\/\/lumulu.de\/blog\/wp-content\/uploads\/2017\/07\/04...-09.07.17-Unterwegs-von-Andorra-nach-Espot-im-NP-IMG_0512-8-768x512.jpg 768w\" sizes=\"(max-width: 1000px) 100vw, 1000px\" \/><\/a>Wir finden ein ausgesprochen nettes Gebirgsd\u00f6rfchen vor, in dem es vor Wanderern nur so wimmelt. Es kommt uns vor wie ein Basecamp im Himalaya. Na ja, sagen wir, nicht so hoch und mit nicht so vielen Zelten \u2026 na ja, und die Ausr\u00fcstung der Menschen passt auch in einen normalen Rucksack. Aber die Athmosp\u00e4re ist toll! Und so freuen wir uns schon riesig auf den n\u00e4chsten Morgen!<\/p>\n<p><a href=\"https:\/\/lumulu.de\/blog\/wp-content\/uploads\/2017\/07\/05...09.07.17-Espot-am-NP-IMG_0543-2.jpg\"><img decoding=\"async\" class=\"aligncenter size-full wp-image-5077\" src=\"https:\/\/lumulu.de\/blog\/wp-content\/uploads\/2017\/07\/05...09.07.17-Espot-am-NP-IMG_0543-2.jpg\" alt=\"05...09.07.17 Espot am NP IMG_0543 (2)\" width=\"1000\" height=\"667\" srcset=\"https:\/\/lumulu.de\/blog\/wp-content\/uploads\/2017\/07\/05...09.07.17-Espot-am-NP-IMG_0543-2.jpg 1000w, https:\/\/lumulu.de\/blog\/wp-content\/uploads\/2017\/07\/05...09.07.17-Espot-am-NP-IMG_0543-2-300x200.jpg 300w, https:\/\/lumulu.de\/blog\/wp-content\/uploads\/2017\/07\/05...09.07.17-Espot-am-NP-IMG_0543-2-768x512.jpg 768w\" sizes=\"(max-width: 1000px) 100vw, 1000px\" \/><\/a> <a href=\"https:\/\/lumulu.de\/blog\/wp-content\/uploads\/2017\/07\/05...09.07.17-Espot-am-NP-IMG_0543-3.jpg\"><img decoding=\"async\" class=\"aligncenter size-full wp-image-5078\" src=\"https:\/\/lumulu.de\/blog\/wp-content\/uploads\/2017\/07\/05...09.07.17-Espot-am-NP-IMG_0543-3.jpg\" alt=\"05...09.07.17 Espot am NP IMG_0543 (3)\" width=\"1000\" height=\"667\" srcset=\"https:\/\/lumulu.de\/blog\/wp-content\/uploads\/2017\/07\/05...09.07.17-Espot-am-NP-IMG_0543-3.jpg 1000w, https:\/\/lumulu.de\/blog\/wp-content\/uploads\/2017\/07\/05...09.07.17-Espot-am-NP-IMG_0543-3-300x200.jpg 300w, https:\/\/lumulu.de\/blog\/wp-content\/uploads\/2017\/07\/05...09.07.17-Espot-am-NP-IMG_0543-3-768x512.jpg 768w\" sizes=\"(max-width: 1000px) 100vw, 1000px\" \/><\/a> <a href=\"https:\/\/lumulu.de\/blog\/wp-content\/uploads\/2017\/07\/05...09.07.17-Espot-am-NP-IMG_0543-4.jpg\"><img decoding=\"async\" class=\"aligncenter size-full wp-image-5079\" src=\"https:\/\/lumulu.de\/blog\/wp-content\/uploads\/2017\/07\/05...09.07.17-Espot-am-NP-IMG_0543-4.jpg\" alt=\"05...09.07.17 Espot am NP IMG_0543 (4)\" width=\"1000\" height=\"667\" srcset=\"https:\/\/lumulu.de\/blog\/wp-content\/uploads\/2017\/07\/05...09.07.17-Espot-am-NP-IMG_0543-4.jpg 1000w, https:\/\/lumulu.de\/blog\/wp-content\/uploads\/2017\/07\/05...09.07.17-Espot-am-NP-IMG_0543-4-300x200.jpg 300w, https:\/\/lumulu.de\/blog\/wp-content\/uploads\/2017\/07\/05...09.07.17-Espot-am-NP-IMG_0543-4-768x512.jpg 768w\" sizes=\"(max-width: 1000px) 100vw, 1000px\" \/><\/a> <a href=\"https:\/\/lumulu.de\/blog\/wp-content\/uploads\/2017\/07\/05...09.07.17-Espot-am-NP-IMG_0543-5.jpg\"><img decoding=\"async\" class=\"aligncenter size-full wp-image-5080\" src=\"https:\/\/lumulu.de\/blog\/wp-content\/uploads\/2017\/07\/05...09.07.17-Espot-am-NP-IMG_0543-5.jpg\" alt=\"05...09.07.17 Espot am NP IMG_0543 (5)\" width=\"1000\" height=\"667\" srcset=\"https:\/\/lumulu.de\/blog\/wp-content\/uploads\/2017\/07\/05...09.07.17-Espot-am-NP-IMG_0543-5.jpg 1000w, https:\/\/lumulu.de\/blog\/wp-content\/uploads\/2017\/07\/05...09.07.17-Espot-am-NP-IMG_0543-5-300x200.jpg 300w, https:\/\/lumulu.de\/blog\/wp-content\/uploads\/2017\/07\/05...09.07.17-Espot-am-NP-IMG_0543-5-768x512.jpg 768w\" sizes=\"(max-width: 1000px) 100vw, 1000px\" \/><\/a> <a href=\"https:\/\/lumulu.de\/blog\/wp-content\/uploads\/2017\/07\/05...09.07.17-Espot-am-NP-IMG_0543-6.jpg\"><img decoding=\"async\" class=\"aligncenter size-full wp-image-5081\" src=\"https:\/\/lumulu.de\/blog\/wp-content\/uploads\/2017\/07\/05...09.07.17-Espot-am-NP-IMG_0543-6.jpg\" alt=\"05...09.07.17 Espot am NP IMG_0543 (6)\" width=\"1000\" height=\"667\" srcset=\"https:\/\/lumulu.de\/blog\/wp-content\/uploads\/2017\/07\/05...09.07.17-Espot-am-NP-IMG_0543-6.jpg 1000w, https:\/\/lumulu.de\/blog\/wp-content\/uploads\/2017\/07\/05...09.07.17-Espot-am-NP-IMG_0543-6-300x200.jpg 300w, https:\/\/lumulu.de\/blog\/wp-content\/uploads\/2017\/07\/05...09.07.17-Espot-am-NP-IMG_0543-6-768x512.jpg 768w\" sizes=\"(max-width: 1000px) 100vw, 1000px\" \/><\/a>Und nachdem wir uns von dem hier so guten Lammfleisch gekauft haben, geniessen wir ein\u00a0 leckeres Abendessen &#8230;<\/p>\n<p style=\"text-align: justify;\"><a href=\"https:\/\/lumulu.de\/blog\/wp-content\/uploads\/2017\/07\/05...09.07.17-Espot-am-NP-IMG_0543-1.jpg\"><img decoding=\"async\" class=\"aligncenter size-full wp-image-5076\" src=\"https:\/\/lumulu.de\/blog\/wp-content\/uploads\/2017\/07\/05...09.07.17-Espot-am-NP-IMG_0543-1.jpg\" alt=\"05...09.07.17 Espot am NP IMG_0543 (1)\" width=\"1000\" height=\"667\" srcset=\"https:\/\/lumulu.de\/blog\/wp-content\/uploads\/2017\/07\/05...09.07.17-Espot-am-NP-IMG_0543-1.jpg 1000w, https:\/\/lumulu.de\/blog\/wp-content\/uploads\/2017\/07\/05...09.07.17-Espot-am-NP-IMG_0543-1-300x200.jpg 300w, https:\/\/lumulu.de\/blog\/wp-content\/uploads\/2017\/07\/05...09.07.17-Espot-am-NP-IMG_0543-1-768x512.jpg 768w\" sizes=\"(max-width: 1000px) 100vw, 1000px\" \/><\/a>Mitten in der Nacht wachen wir von einem H\u00f6llenl\u00e4rm auf \u2013 Regen prasselt auf unser Dach wie er nur prasseln kann. Und Blitze erhellen das Wohnmobil im Sekundentakt. Den Donner h\u00f6ren wir vor lauter Prasseln gar nicht. Wir schauen uns nur an: ob das mit der Wanderung morgen was wird?<br \/>\nAm n\u00e4chsten Morgen war die &#8222;Dichtigkeitspr\u00fcfung&#8220; des Wohnmobiles positiv ausgefallen (kein Wassereinbruch), das Wetter allerdings sehr unsicher und wir \u00fcberlegten hin und her \u2026 doch dann entschieden wir: wir gehen. Nochmal auf eine Wanderung verzichten? Und diesmal auf eine ganz besondere? Nein, wir lassen uns doch von so einem bisschen Regen nicht den Plan verhageln (wobei dieses Wort noch seine besondere Bedeutung bekommen sollte &#8230;)!<br \/>\nDer ideale Start f\u00fcr die vielen Wanderm\u00f6glichkeiten liegt an einem Stausee. Bis dorthin sind es bereits 12km, die es auf ziemlich langweiliger Strecke zu \u00fcberwinden gilt. Doch daf\u00fcr hat das clevere Gebirgsv\u00f6lkchen eine gute Idee parat: es werden \u201eTaxis\u201c angeboten. Man kann sich ein Ticket f\u00fcr den Transport mit Jeeps kaufen. Die fahren st\u00fcndlich hin und zur\u00fcck. Perfekt. Das machen wir. So k\u00f6nnen wir unsere Kr\u00e4fte f\u00fcr die Gebirgswelt sparen und noch eine \u201aOffroad-Jeep-Tour\u2018 machen.<br \/>\nDie Wanderung hat sich echt gelohnt! Schon der Beginn am Stausee, der Weg entlang des Gebirgsbaches und dann der Wasserfall! Nach den \u00fcppigen Regenf\u00e4llen in der Nacht schwoll alles nochmal an.<br \/>\n<a href=\"https:\/\/lumulu.de\/blog\/wp-content\/uploads\/2017\/07\/06...-10.07.17-Espot-im-Parc-National-d\u00c0ig\u00fcestortes-Wanderung-IMG_0544-22.jpg\"><img decoding=\"async\" class=\"aligncenter size-full wp-image-5061\" src=\"https:\/\/lumulu.de\/blog\/wp-content\/uploads\/2017\/07\/06...-10.07.17-Espot-im-Parc-National-d\u00c0ig\u00fcestortes-Wanderung-IMG_0544-22.jpg\" alt=\"06... 10.07.17 Espot im Parc National d\u00c0ig\u00fcestortes Wanderung IMG_0544 (22)\" width=\"667\" height=\"1000\" srcset=\"https:\/\/lumulu.de\/blog\/wp-content\/uploads\/2017\/07\/06...-10.07.17-Espot-im-Parc-National-d\u00c0ig\u00fcestortes-Wanderung-IMG_0544-22.jpg 667w, https:\/\/lumulu.de\/blog\/wp-content\/uploads\/2017\/07\/06...-10.07.17-Espot-im-Parc-National-d\u00c0ig\u00fcestortes-Wanderung-IMG_0544-22-200x300.jpg 200w\" sizes=\"(max-width: 667px) 100vw, 667px\" \/><\/a> <a href=\"https:\/\/lumulu.de\/blog\/wp-content\/uploads\/2017\/07\/06...-10.07.17-Espot-im-Parc-National-d\u00c0ig\u00fcestortes-Wanderung-IMG_0544-23.jpg\"><img decoding=\"async\" class=\"aligncenter size-full wp-image-5062\" src=\"https:\/\/lumulu.de\/blog\/wp-content\/uploads\/2017\/07\/06...-10.07.17-Espot-im-Parc-National-d\u00c0ig\u00fcestortes-Wanderung-IMG_0544-23.jpg\" alt=\"06... 10.07.17 Espot im Parc National d\u00c0ig\u00fcestortes Wanderung IMG_0544 (23)\" width=\"1000\" height=\"667\" srcset=\"https:\/\/lumulu.de\/blog\/wp-content\/uploads\/2017\/07\/06...-10.07.17-Espot-im-Parc-National-d\u00c0ig\u00fcestortes-Wanderung-IMG_0544-23.jpg 1000w, https:\/\/lumulu.de\/blog\/wp-content\/uploads\/2017\/07\/06...-10.07.17-Espot-im-Parc-National-d\u00c0ig\u00fcestortes-Wanderung-IMG_0544-23-300x200.jpg 300w, https:\/\/lumulu.de\/blog\/wp-content\/uploads\/2017\/07\/06...-10.07.17-Espot-im-Parc-National-d\u00c0ig\u00fcestortes-Wanderung-IMG_0544-23-768x512.jpg 768w\" sizes=\"(max-width: 1000px) 100vw, 1000px\" \/><\/a> <a href=\"https:\/\/lumulu.de\/blog\/wp-content\/uploads\/2017\/07\/06...-10.07.17-Espot-im-Parc-National-d\u00c0ig\u00fcestortes-Wanderung-IMG_0544-24.jpg\"><img decoding=\"async\" class=\"aligncenter size-full wp-image-5063\" src=\"https:\/\/lumulu.de\/blog\/wp-content\/uploads\/2017\/07\/06...-10.07.17-Espot-im-Parc-National-d\u00c0ig\u00fcestortes-Wanderung-IMG_0544-24.jpg\" alt=\"06... 10.07.17 Espot im Parc National d\u00c0ig\u00fcestortes Wanderung IMG_0544 (24)\" width=\"1000\" height=\"667\" srcset=\"https:\/\/lumulu.de\/blog\/wp-content\/uploads\/2017\/07\/06...-10.07.17-Espot-im-Parc-National-d\u00c0ig\u00fcestortes-Wanderung-IMG_0544-24.jpg 1000w, https:\/\/lumulu.de\/blog\/wp-content\/uploads\/2017\/07\/06...-10.07.17-Espot-im-Parc-National-d\u00c0ig\u00fcestortes-Wanderung-IMG_0544-24-300x200.jpg 300w, https:\/\/lumulu.de\/blog\/wp-content\/uploads\/2017\/07\/06...-10.07.17-Espot-im-Parc-National-d\u00c0ig\u00fcestortes-Wanderung-IMG_0544-24-768x512.jpg 768w\" sizes=\"(max-width: 1000px) 100vw, 1000px\" \/><\/a> <a href=\"https:\/\/lumulu.de\/blog\/wp-content\/uploads\/2017\/07\/07...10.07.17-Espot-im-Parc-National-d\u00c0ig\u00fcestortes-Wanderung-IMG_0544-69.jpg\"><img decoding=\"async\" class=\"aligncenter size-full wp-image-5064\" src=\"https:\/\/lumulu.de\/blog\/wp-content\/uploads\/2017\/07\/07...10.07.17-Espot-im-Parc-National-d\u00c0ig\u00fcestortes-Wanderung-IMG_0544-69.jpg\" alt=\"07...10.07.17 Espot im Parc National d\u00c0ig\u00fcestortes Wanderung IMG_0544 (69)\" width=\"1000\" height=\"667\" srcset=\"https:\/\/lumulu.de\/blog\/wp-content\/uploads\/2017\/07\/07...10.07.17-Espot-im-Parc-National-d\u00c0ig\u00fcestortes-Wanderung-IMG_0544-69.jpg 1000w, https:\/\/lumulu.de\/blog\/wp-content\/uploads\/2017\/07\/07...10.07.17-Espot-im-Parc-National-d\u00c0ig\u00fcestortes-Wanderung-IMG_0544-69-300x200.jpg 300w, https:\/\/lumulu.de\/blog\/wp-content\/uploads\/2017\/07\/07...10.07.17-Espot-im-Parc-National-d\u00c0ig\u00fcestortes-Wanderung-IMG_0544-69-768x512.jpg 768w\" sizes=\"(max-width: 1000px) 100vw, 1000px\" \/><\/a> <a href=\"https:\/\/lumulu.de\/blog\/wp-content\/uploads\/2017\/07\/07...10.07.17-Espot-Caskade-de-Rater-im-Parc-National-d\u00c0ig\u00fcestortes-Wanderung-IMG_0544-62.jpg\"><img decoding=\"async\" class=\"aligncenter size-full wp-image-5065\" src=\"https:\/\/lumulu.de\/blog\/wp-content\/uploads\/2017\/07\/07...10.07.17-Espot-Caskade-de-Rater-im-Parc-National-d\u00c0ig\u00fcestortes-Wanderung-IMG_0544-62.jpg\" alt=\"07...10.07.17 Espot, Caskade de Rater im Parc National d\u00c0ig\u00fcestortes Wanderung IMG_0544 (62)\" width=\"1000\" height=\"667\" srcset=\"https:\/\/lumulu.de\/blog\/wp-content\/uploads\/2017\/07\/07...10.07.17-Espot-Caskade-de-Rater-im-Parc-National-d\u00c0ig\u00fcestortes-Wanderung-IMG_0544-62.jpg 1000w, https:\/\/lumulu.de\/blog\/wp-content\/uploads\/2017\/07\/07...10.07.17-Espot-Caskade-de-Rater-im-Parc-National-d\u00c0ig\u00fcestortes-Wanderung-IMG_0544-62-300x200.jpg 300w, https:\/\/lumulu.de\/blog\/wp-content\/uploads\/2017\/07\/07...10.07.17-Espot-Caskade-de-Rater-im-Parc-National-d\u00c0ig\u00fcestortes-Wanderung-IMG_0544-62-768x512.jpg 768w\" sizes=\"(max-width: 1000px) 100vw, 1000px\" \/><\/a> <a href=\"https:\/\/lumulu.de\/blog\/wp-content\/uploads\/2017\/07\/07...10.07.17-Espot-Caskade-de-Rater-im-Parc-National-d\u00c0ig\u00fcestortes-Wanderung-IMG_0544-63.jpg\"><img decoding=\"async\" class=\"aligncenter size-full wp-image-5066\" src=\"https:\/\/lumulu.de\/blog\/wp-content\/uploads\/2017\/07\/07...10.07.17-Espot-Caskade-de-Rater-im-Parc-National-d\u00c0ig\u00fcestortes-Wanderung-IMG_0544-63.jpg\" alt=\"07...10.07.17 Espot, Caskade de Rater im Parc National d\u00c0ig\u00fcestortes Wanderung IMG_0544 (63)\" width=\"1000\" height=\"667\" srcset=\"https:\/\/lumulu.de\/blog\/wp-content\/uploads\/2017\/07\/07...10.07.17-Espot-Caskade-de-Rater-im-Parc-National-d\u00c0ig\u00fcestortes-Wanderung-IMG_0544-63.jpg 1000w, https:\/\/lumulu.de\/blog\/wp-content\/uploads\/2017\/07\/07...10.07.17-Espot-Caskade-de-Rater-im-Parc-National-d\u00c0ig\u00fcestortes-Wanderung-IMG_0544-63-300x200.jpg 300w, https:\/\/lumulu.de\/blog\/wp-content\/uploads\/2017\/07\/07...10.07.17-Espot-Caskade-de-Rater-im-Parc-National-d\u00c0ig\u00fcestortes-Wanderung-IMG_0544-63-768x512.jpg 768w\" sizes=\"(max-width: 1000px) 100vw, 1000px\" \/><\/a> <a href=\"https:\/\/lumulu.de\/blog\/wp-content\/uploads\/2017\/07\/07...10.07.17-Espot-Caskade-de-Rater-im-Parc-National-d\u00c0ig\u00fcestortes-Wanderung-IMG_0544-64.jpg\"><img decoding=\"async\" class=\"aligncenter size-full wp-image-5067\" src=\"https:\/\/lumulu.de\/blog\/wp-content\/uploads\/2017\/07\/07...10.07.17-Espot-Caskade-de-Rater-im-Parc-National-d\u00c0ig\u00fcestortes-Wanderung-IMG_0544-64.jpg\" alt=\"07...10.07.17 Espot, Caskade de Rater im Parc National d\u00c0ig\u00fcestortes Wanderung IMG_0544 (64)\" width=\"1000\" height=\"667\" srcset=\"https:\/\/lumulu.de\/blog\/wp-content\/uploads\/2017\/07\/07...10.07.17-Espot-Caskade-de-Rater-im-Parc-National-d\u00c0ig\u00fcestortes-Wanderung-IMG_0544-64.jpg 1000w, https:\/\/lumulu.de\/blog\/wp-content\/uploads\/2017\/07\/07...10.07.17-Espot-Caskade-de-Rater-im-Parc-National-d\u00c0ig\u00fcestortes-Wanderung-IMG_0544-64-300x200.jpg 300w, https:\/\/lumulu.de\/blog\/wp-content\/uploads\/2017\/07\/07...10.07.17-Espot-Caskade-de-Rater-im-Parc-National-d\u00c0ig\u00fcestortes-Wanderung-IMG_0544-64-768x512.jpg 768w\" sizes=\"(max-width: 1000px) 100vw, 1000px\" \/><\/a> <a href=\"https:\/\/lumulu.de\/blog\/wp-content\/uploads\/2017\/07\/07...10.07.17EspotCaskade-de-Ratera-im-Parc-National-d\u00c0ig\u00fcestortes-Wanderung-IMG_0544-21.jpg\"><img decoding=\"async\" class=\"aligncenter size-full wp-image-5068\" src=\"https:\/\/lumulu.de\/blog\/wp-content\/uploads\/2017\/07\/07...10.07.17EspotCaskade-de-Ratera-im-Parc-National-d\u00c0ig\u00fcestortes-Wanderung-IMG_0544-21.jpg\" alt=\"07...10.07.17Espot,Caskade de Ratera, im Parc National d\u00c0ig\u00fcestortes Wanderung IMG_0544 (21)\" width=\"1000\" height=\"667\" srcset=\"https:\/\/lumulu.de\/blog\/wp-content\/uploads\/2017\/07\/07...10.07.17EspotCaskade-de-Ratera-im-Parc-National-d\u00c0ig\u00fcestortes-Wanderung-IMG_0544-21.jpg 1000w, https:\/\/lumulu.de\/blog\/wp-content\/uploads\/2017\/07\/07...10.07.17EspotCaskade-de-Ratera-im-Parc-National-d\u00c0ig\u00fcestortes-Wanderung-IMG_0544-21-300x200.jpg 300w, https:\/\/lumulu.de\/blog\/wp-content\/uploads\/2017\/07\/07...10.07.17EspotCaskade-de-Ratera-im-Parc-National-d\u00c0ig\u00fcestortes-Wanderung-IMG_0544-21-768x512.jpg 768w\" sizes=\"(max-width: 1000px) 100vw, 1000px\" \/><\/a> <a href=\"https:\/\/lumulu.de\/blog\/wp-content\/uploads\/2017\/07\/07...10.07.17EspotCaskade-de-Ratera-im-Parc-National-d\u00c0ig\u00fcestortes-Wanderung-IMG_0544-22.jpg\"><img decoding=\"async\" class=\"aligncenter size-full wp-image-5069\" src=\"https:\/\/lumulu.de\/blog\/wp-content\/uploads\/2017\/07\/07...10.07.17EspotCaskade-de-Ratera-im-Parc-National-d\u00c0ig\u00fcestortes-Wanderung-IMG_0544-22.jpg\" alt=\"07...10.07.17Espot,Caskade de Ratera, im Parc National d\u00c0ig\u00fcestortes Wanderung IMG_0544 (22)\" width=\"1000\" height=\"667\" srcset=\"https:\/\/lumulu.de\/blog\/wp-content\/uploads\/2017\/07\/07...10.07.17EspotCaskade-de-Ratera-im-Parc-National-d\u00c0ig\u00fcestortes-Wanderung-IMG_0544-22.jpg 1000w, https:\/\/lumulu.de\/blog\/wp-content\/uploads\/2017\/07\/07...10.07.17EspotCaskade-de-Ratera-im-Parc-National-d\u00c0ig\u00fcestortes-Wanderung-IMG_0544-22-300x200.jpg 300w, https:\/\/lumulu.de\/blog\/wp-content\/uploads\/2017\/07\/07...10.07.17EspotCaskade-de-Ratera-im-Parc-National-d\u00c0ig\u00fcestortes-Wanderung-IMG_0544-22-768x512.jpg 768w\" sizes=\"(max-width: 1000px) 100vw, 1000px\" \/><\/a> Pl\u00f6tzlich wurden wir von Gewittern (ihr kennt das Thema f\u00fcr Paul? Jetzt kann er noch mehr Erfahrungsberichte hinzuf\u00fcgen \u2026) und Hagelk\u00f6rnern in der Gr\u00f6\u00dfe zwischen Kirschkern und Kirsche \u00fcberrascht (Paul meint, Tennisballgr\u00f6\u00dfe &#8211; aber ihr kennt ihn ja). Schnell suchten wir unsere Regenjacken raus \u2013 wir? Paul suchte und suchte, die Hagelk\u00f6rner und Regentropfen wurden mehr und mehr \u2026 oh! Die muss er vergessen haben. Wie gut, dass er zumindest das 10m lange Seil, die Kletterhaken, die Notfalldecke und das Notfallmesser dabei hat! \ud83d\ude09<br \/>\nWir haben jedenfalls unsere K\u00f6pfe ganz sch\u00f6n eingezogen und uns unter Felsen gestellt, damit die Hagelk\u00f6rner nicht allzu schmerzhaft werden k\u00f6nnen! Bilder von den Unwettern gibt es ausnahmsweise nicht, da war Paul die Ausr\u00fcstung dann ausnahmsweise doch mehr Wert als das Foto, aber die Hagelk\u00f6rner sind nat\u00fcrlich festgehalten:<br \/>\n<a href=\"https:\/\/lumulu.de\/blog\/wp-content\/uploads\/2017\/07\/10...10.07.17-Espot-im-Parc-National-d\u00c0ig\u00fcestortes-Wanderung-im-Hagel-IMG_0544-83.jpg\"><img decoding=\"async\" class=\"aligncenter size-full wp-image-5082\" src=\"https:\/\/lumulu.de\/blog\/wp-content\/uploads\/2017\/07\/10...10.07.17-Espot-im-Parc-National-d\u00c0ig\u00fcestortes-Wanderung-im-Hagel-IMG_0544-83.jpg\" alt=\"10...10.07.17 Espot im Parc National d\u00c0ig\u00fcestortes Wanderung im Hagel IMG_0544 (83)\" width=\"1000\" height=\"667\" srcset=\"https:\/\/lumulu.de\/blog\/wp-content\/uploads\/2017\/07\/10...10.07.17-Espot-im-Parc-National-d\u00c0ig\u00fcestortes-Wanderung-im-Hagel-IMG_0544-83.jpg 1000w, https:\/\/lumulu.de\/blog\/wp-content\/uploads\/2017\/07\/10...10.07.17-Espot-im-Parc-National-d\u00c0ig\u00fcestortes-Wanderung-im-Hagel-IMG_0544-83-300x200.jpg 300w, https:\/\/lumulu.de\/blog\/wp-content\/uploads\/2017\/07\/10...10.07.17-Espot-im-Parc-National-d\u00c0ig\u00fcestortes-Wanderung-im-Hagel-IMG_0544-83-768x512.jpg 768w\" sizes=\"(max-width: 1000px) 100vw, 1000px\" \/><\/a> <a href=\"https:\/\/lumulu.de\/blog\/wp-content\/uploads\/2017\/07\/10...10.07.17-Espot-im-Parc-National-d\u00c0ig\u00fcestortes-Wanderung-im-Hagel-IMG_0544-62.jpg\"><img decoding=\"async\" class=\"aligncenter size-full wp-image-5083\" src=\"https:\/\/lumulu.de\/blog\/wp-content\/uploads\/2017\/07\/10...10.07.17-Espot-im-Parc-National-d\u00c0ig\u00fcestortes-Wanderung-im-Hagel-IMG_0544-62.jpg\" alt=\"10...10.07.17 Espot im Parc National d\u00c0ig\u00fcestortes Wanderung im Hagel IMG_0544 (62)\" width=\"1000\" height=\"667\" srcset=\"https:\/\/lumulu.de\/blog\/wp-content\/uploads\/2017\/07\/10...10.07.17-Espot-im-Parc-National-d\u00c0ig\u00fcestortes-Wanderung-im-Hagel-IMG_0544-62.jpg 1000w, https:\/\/lumulu.de\/blog\/wp-content\/uploads\/2017\/07\/10...10.07.17-Espot-im-Parc-National-d\u00c0ig\u00fcestortes-Wanderung-im-Hagel-IMG_0544-62-300x200.jpg 300w, https:\/\/lumulu.de\/blog\/wp-content\/uploads\/2017\/07\/10...10.07.17-Espot-im-Parc-National-d\u00c0ig\u00fcestortes-Wanderung-im-Hagel-IMG_0544-62-768x512.jpg 768w\" sizes=\"(max-width: 1000px) 100vw, 1000px\" \/><\/a><br \/>\nDer restliche Aufstieg erfolgte dann ohne weitere Vorkommnisse und wir erreichten unser Ziel, den idyllischen, mit Gr\u00e4sern umrandeten Gebirgssee.<br \/>\n<a href=\"https:\/\/lumulu.de\/blog\/wp-content\/uploads\/2017\/07\/08...10.07.17-EspotEstany-de-Ratera-im-Parc-National-d\u00c0ig\u00fcestortes-Wanderung-IMG_0544-35.jpg\"><img decoding=\"async\" class=\"aligncenter size-full wp-image-5070\" src=\"https:\/\/lumulu.de\/blog\/wp-content\/uploads\/2017\/07\/08...10.07.17-EspotEstany-de-Ratera-im-Parc-National-d\u00c0ig\u00fcestortes-Wanderung-IMG_0544-35.jpg\" alt=\"08...10.07.17 Espot,Estany de Ratera im Parc National d\u00c0ig\u00fcestortes Wanderung IMG_0544 (35)\" width=\"1000\" height=\"667\" srcset=\"https:\/\/lumulu.de\/blog\/wp-content\/uploads\/2017\/07\/08...10.07.17-EspotEstany-de-Ratera-im-Parc-National-d\u00c0ig\u00fcestortes-Wanderung-IMG_0544-35.jpg 1000w, https:\/\/lumulu.de\/blog\/wp-content\/uploads\/2017\/07\/08...10.07.17-EspotEstany-de-Ratera-im-Parc-National-d\u00c0ig\u00fcestortes-Wanderung-IMG_0544-35-300x200.jpg 300w, https:\/\/lumulu.de\/blog\/wp-content\/uploads\/2017\/07\/08...10.07.17-EspotEstany-de-Ratera-im-Parc-National-d\u00c0ig\u00fcestortes-Wanderung-IMG_0544-35-768x512.jpg 768w\" sizes=\"(max-width: 1000px) 100vw, 1000px\" \/><\/a><br \/>\nEigentlich h\u00e4tten wir eine Rundweg-Wanderung draus machen k\u00f6nnen, aufgrund der dunklen Wolken um uns herum verzichteten wir jedoch und gingen dennoch zufrieden direkt zur\u00fcck zum Jeep, um in dem idyllischen \u00d6rtchen Espot noch einen Cappuccino zu geniessen und noch eine kleine Wegstrecke mit dem Wohnmobil zur\u00fcckzulegen.<br \/>\n<a href=\"https:\/\/lumulu.de\/blog\/wp-content\/uploads\/2017\/07\/09...10.07.17-Espot-im-Parc-National-d\u00c0ig\u00fcestortes-Wanderung-IMG_0544-72-1.jpg\"><img decoding=\"async\" class=\"aligncenter size-full wp-image-5084\" src=\"https:\/\/lumulu.de\/blog\/wp-content\/uploads\/2017\/07\/09...10.07.17-Espot-im-Parc-National-d\u00c0ig\u00fcestortes-Wanderung-IMG_0544-72-1.jpg\" alt=\"09...10.07.17 Espot im Parc National d\u00c0ig\u00fcestortes Wanderung IMG_0544 (72)\" width=\"1000\" height=\"667\" srcset=\"https:\/\/lumulu.de\/blog\/wp-content\/uploads\/2017\/07\/09...10.07.17-Espot-im-Parc-National-d\u00c0ig\u00fcestortes-Wanderung-IMG_0544-72-1.jpg 1000w, https:\/\/lumulu.de\/blog\/wp-content\/uploads\/2017\/07\/09...10.07.17-Espot-im-Parc-National-d\u00c0ig\u00fcestortes-Wanderung-IMG_0544-72-1-300x200.jpg 300w, https:\/\/lumulu.de\/blog\/wp-content\/uploads\/2017\/07\/09...10.07.17-Espot-im-Parc-National-d\u00c0ig\u00fcestortes-Wanderung-IMG_0544-72-1-768x512.jpg 768w\" sizes=\"(max-width: 1000px) 100vw, 1000px\" \/><\/a> <a href=\"https:\/\/lumulu.de\/blog\/wp-content\/uploads\/2017\/07\/10...10.07.17-Espot-im-Parc-National-d\u00c0ig\u00fcestortes-Wanderung-IMG_0544-82.jpg\"><img decoding=\"async\" class=\"aligncenter size-full wp-image-5085\" src=\"https:\/\/lumulu.de\/blog\/wp-content\/uploads\/2017\/07\/10...10.07.17-Espot-im-Parc-National-d\u00c0ig\u00fcestortes-Wanderung-IMG_0544-82.jpg\" alt=\"10...10.07.17 Espot im Parc National d\u00c0ig\u00fcestortes Wanderung IMG_0544 (82)\" width=\"1000\" height=\"667\" srcset=\"https:\/\/lumulu.de\/blog\/wp-content\/uploads\/2017\/07\/10...10.07.17-Espot-im-Parc-National-d\u00c0ig\u00fcestortes-Wanderung-IMG_0544-82.jpg 1000w, https:\/\/lumulu.de\/blog\/wp-content\/uploads\/2017\/07\/10...10.07.17-Espot-im-Parc-National-d\u00c0ig\u00fcestortes-Wanderung-IMG_0544-82-300x200.jpg 300w, https:\/\/lumulu.de\/blog\/wp-content\/uploads\/2017\/07\/10...10.07.17-Espot-im-Parc-National-d\u00c0ig\u00fcestortes-Wanderung-IMG_0544-82-768x512.jpg 768w\" sizes=\"(max-width: 1000px) 100vw, 1000px\" \/><\/a>So fuhren wir noch bis Vielha, einem gr\u00f6\u00dferen alpinen St\u00e4dtchen und \u00fcbernachteten wiederum nur auf einem Parkplatz, denn uns reichte unser Wasser noch und Strom brauchten wir auch keinen an diesem Abend.<\/p>\n<p>Wir schicken ganz herzliche Gr\u00fc\u00dfe von einer wunderbaren Reise durch die Bergwelt,<\/p>\n<p>eure Weltenbummler Barbara &amp; Paul<\/p>\n","protected":false},"excerpt":{"rendered":"<p>Liebe Freunde unseres Blogs, zuallererst haben wir heute eine Bitte an euch: lasst euch mit euren G\u00e4stebucheintr\u00e4gen nicht von den immer wieder auftauchenden Spam-Eintr\u00e4gen abhalten! Sobald wir Internet haben, l\u00f6schen wir diese unangenehmen Eintr\u00e4ge &#8211; und eure freuen uns dann &hellip; <a href=\"https:\/\/lumulu.de\/blog\/2017\/07\/15\/von-andorra-nach-espot-und-wie-paul-doch-noch-im-gewitter-wandern-musste\/\">Weiterlesen <span class=\"meta-nav\">&rarr;<\/span><\/a><\/p>\n","protected":false},"author":2,"featured_media":0,"comment_status":"open","ping_status":"closed","sticky":false,"template":"","format":"standard","meta":{"footnotes":""},"categories":[1],"tags":[],"class_list":["post-5047","post","type-post","status-publish","format-standard","hentry","category-allgemein"],"_links":{"self":[{"href":"https:\/\/lumulu.de\/blog\/wp-json\/wp\/v2\/posts\/5047","targetHints":{"allow":["GET"]}}],"collection":[{"href":"https:\/\/lumulu.de\/blog\/wp-json\/wp\/v2\/posts"}],"about":[{"href":"https:\/\/lumulu.de\/blog\/wp-json\/wp\/v2\/types\/post"}],"author":[{"embeddable":true,"href":"https:\/\/lumulu.de\/blog\/wp-json\/wp\/v2\/users\/2"}],"replies":[{"embeddable":true,"href":"https:\/\/lumulu.de\/blog\/wp-json\/wp\/v2\/comments?post=5047"}],"version-history":[{"count":4,"href":"https:\/\/lumulu.de\/blog\/wp-json\/wp\/v2\/posts\/5047\/revisions"}],"predecessor-version":[{"id":5090,"href":"https:\/\/lumulu.de\/blog\/wp-json\/wp\/v2\/posts\/5047\/revisions\/5090"}],"wp:attachment":[{"href":"https:\/\/lumulu.de\/blog\/wp-json\/wp\/v2\/media?parent=5047"}],"wp:term":[{"taxonomy":"category","embeddable":true,"href":"https:\/\/lumulu.de\/blog\/wp-json\/wp\/v2\/categories?post=5047"},{"taxonomy":"post_tag","embeddable":true,"href":"https:\/\/lumulu.de\/blog\/wp-json\/wp\/v2\/tags?post=5047"}],"curies":[{"name":"wp","href":"https:\/\/api.w.org\/{rel}","templated":true}]}}