{"id":4496,"date":"2016-03-31T04:48:19","date_gmt":"2016-03-31T02:48:19","guid":{"rendered":"http:\/\/lumulu.de\/blog\/?p=4496"},"modified":"2016-04-01T16:01:56","modified_gmt":"2016-04-01T14:01:56","slug":"der-faszinierende-kegelberg-das-mahnmal-und-die-tempel-des-buddha-und-das-zweite-raet","status":"publish","type":"post","link":"https:\/\/lumulu.de\/blog\/2016\/03\/31\/der-faszinierende-kegelberg-das-mahnmal-und-die-tempel-des-buddha-und-das-zweite-raet\/","title":{"rendered":"Der faszinierende Kegelberg, das Mahnmal und die Tempel des Buddha &#8211; und das 2. Blog-R\u00e4tsel"},"content":{"rendered":"<blockquote><p>Hallo ihr lieben Blogger,<\/p><\/blockquote>\n<p>erinnert ihr euch noch, wir wollten unbedingt den Fuji-san erleben!! Und, was sollen wir sagen &#8230;<\/p>\n<p>Am n\u00e4chsten Morgen wachten wir mit dem ersten Gedanken an den Fuji-san (so wird der Fujijama hier genannt) auf. Wie ist das Wetter? Werden wir ihn sehen? Schnell ein Blick aus dem Hotelfenster \u2013 nat\u00fcrlich wieder im Kimono \u2013 und tats\u00e4chlich, Sonne!!! Er erhebt sich majest\u00e4tisch in k\u00f6niglichem Wei\u00df. Nichts wie hinauf aufs Hoteldach zum Foto-Shooting (jetzt allerdings nicht mehr im Kimono).<br \/>\n<a href=\"https:\/\/lumulu.de\/blog\/wp-content\/uploads\/2016\/03\/05.J.Fuji-san-bei-Kamakur.-IMG_4224-8.jpg\" rel=\"attachment wp-att-4497\"><img decoding=\"async\" class=\"aligncenter size-full wp-image-4497\" src=\"https:\/\/lumulu.de\/blog\/wp-content\/uploads\/2016\/03\/05.J.Fuji-san-bei-Kamakur.-IMG_4224-8.jpg\" alt=\"05.J.Fuji-san bei Kamakur. IMG_4224 (8)\" width=\"1000\" height=\"667\" srcset=\"https:\/\/lumulu.de\/blog\/wp-content\/uploads\/2016\/03\/05.J.Fuji-san-bei-Kamakur.-IMG_4224-8.jpg 1000w, https:\/\/lumulu.de\/blog\/wp-content\/uploads\/2016\/03\/05.J.Fuji-san-bei-Kamakur.-IMG_4224-8-300x200.jpg 300w, https:\/\/lumulu.de\/blog\/wp-content\/uploads\/2016\/03\/05.J.Fuji-san-bei-Kamakur.-IMG_4224-8-768x512.jpg 768w\" sizes=\"(max-width: 1000px) 100vw, 1000px\" \/><\/a><br \/>\nBei Abfahrt erfahren wir, dass unser Busfahrer einen tollen Aussichtspunkt kennt, um den Fuji ganz zu sehen &#8211; und uns extra noch schnell dahin fahren m\u00f6chte, bevor er uns an den Bahnhof bringt. Dieser Blick gr\u00e4bt sich tief in unser Ged\u00e4chtnis und wir werden ihn euch nat\u00fcrlich nicht vorenthalten. Ist er nicht wundervoll?<br \/>\n<a href=\"https:\/\/lumulu.de\/blog\/wp-content\/uploads\/2016\/03\/05.J.Fuji-san-bei-Kamakur.-IMG_4224-30.jpg\" rel=\"attachment wp-att-4498\"><img decoding=\"async\" class=\"aligncenter size-full wp-image-4498\" src=\"https:\/\/lumulu.de\/blog\/wp-content\/uploads\/2016\/03\/05.J.Fuji-san-bei-Kamakur.-IMG_4224-30.jpg\" alt=\"05.J.Fuji-san bei Kamakur. IMG_4224 (30)\" width=\"1000\" height=\"667\" srcset=\"https:\/\/lumulu.de\/blog\/wp-content\/uploads\/2016\/03\/05.J.Fuji-san-bei-Kamakur.-IMG_4224-30.jpg 1000w, https:\/\/lumulu.de\/blog\/wp-content\/uploads\/2016\/03\/05.J.Fuji-san-bei-Kamakur.-IMG_4224-30-300x200.jpg 300w, https:\/\/lumulu.de\/blog\/wp-content\/uploads\/2016\/03\/05.J.Fuji-san-bei-Kamakur.-IMG_4224-30-768x512.jpg 768w\" sizes=\"(max-width: 1000px) 100vw, 1000px\" \/><\/a> <a href=\"https:\/\/lumulu.de\/blog\/wp-content\/uploads\/2016\/03\/05.J.Fuji-san-bei-Kamakur.-IMG_4224-31.jpg\" rel=\"attachment wp-att-4499\"><img decoding=\"async\" class=\"aligncenter size-full wp-image-4499\" src=\"https:\/\/lumulu.de\/blog\/wp-content\/uploads\/2016\/03\/05.J.Fuji-san-bei-Kamakur.-IMG_4224-31.jpg\" alt=\"05.J.Fuji-san bei Kamakur. IMG_4224 (31)\" width=\"1000\" height=\"667\" srcset=\"https:\/\/lumulu.de\/blog\/wp-content\/uploads\/2016\/03\/05.J.Fuji-san-bei-Kamakur.-IMG_4224-31.jpg 1000w, https:\/\/lumulu.de\/blog\/wp-content\/uploads\/2016\/03\/05.J.Fuji-san-bei-Kamakur.-IMG_4224-31-300x200.jpg 300w, https:\/\/lumulu.de\/blog\/wp-content\/uploads\/2016\/03\/05.J.Fuji-san-bei-Kamakur.-IMG_4224-31-768x512.jpg 768w\" sizes=\"(max-width: 1000px) 100vw, 1000px\" \/><\/a><br \/>\nAm Bahnhof angekommen starten wir die Fahrt mit dem Shinkansen, einem der schnellsten Z\u00fcge der Welt. Beeindruckend ist f\u00fcr uns nicht nur die Geschwindigkeit und die Technik, sondern auch die Frequenz in der die Z\u00fcge im Bahnhof einlaufen, bzw. durchsausen. Deshalb gibt es auch entsprechend viele Fotos davon ;-), deren Anzahl wir hier erstmal begrenzen.<br \/>\n<a href=\"https:\/\/lumulu.de\/blog\/wp-content\/uploads\/2016\/03\/05.J.Fahrt-mit-Shinkansen-nach-Hiroshima.-IMG_4291-12.jpg\" rel=\"attachment wp-att-4500\"><img decoding=\"async\" class=\"aligncenter size-full wp-image-4500\" src=\"https:\/\/lumulu.de\/blog\/wp-content\/uploads\/2016\/03\/05.J.Fahrt-mit-Shinkansen-nach-Hiroshima.-IMG_4291-12.jpg\" alt=\"05.J.Fahrt mit Shinkansen nach Hiroshima. IMG_4291 (12)\" width=\"1000\" height=\"667\" srcset=\"https:\/\/lumulu.de\/blog\/wp-content\/uploads\/2016\/03\/05.J.Fahrt-mit-Shinkansen-nach-Hiroshima.-IMG_4291-12.jpg 1000w, https:\/\/lumulu.de\/blog\/wp-content\/uploads\/2016\/03\/05.J.Fahrt-mit-Shinkansen-nach-Hiroshima.-IMG_4291-12-300x200.jpg 300w, https:\/\/lumulu.de\/blog\/wp-content\/uploads\/2016\/03\/05.J.Fahrt-mit-Shinkansen-nach-Hiroshima.-IMG_4291-12-768x512.jpg 768w\" sizes=\"(max-width: 1000px) 100vw, 1000px\" \/><\/a> <a href=\"https:\/\/lumulu.de\/blog\/wp-content\/uploads\/2016\/03\/05.J.Fahrt-mit-Shinkansen-nach-Hiroshima.-IMG_4291-16.jpg\" rel=\"attachment wp-att-4501\"><img decoding=\"async\" class=\"aligncenter size-full wp-image-4501\" src=\"https:\/\/lumulu.de\/blog\/wp-content\/uploads\/2016\/03\/05.J.Fahrt-mit-Shinkansen-nach-Hiroshima.-IMG_4291-16.jpg\" alt=\"05.J.Fahrt mit Shinkansen nach Hiroshima. IMG_4291 (16)\" width=\"1000\" height=\"667\" srcset=\"https:\/\/lumulu.de\/blog\/wp-content\/uploads\/2016\/03\/05.J.Fahrt-mit-Shinkansen-nach-Hiroshima.-IMG_4291-16.jpg 1000w, https:\/\/lumulu.de\/blog\/wp-content\/uploads\/2016\/03\/05.J.Fahrt-mit-Shinkansen-nach-Hiroshima.-IMG_4291-16-300x200.jpg 300w, https:\/\/lumulu.de\/blog\/wp-content\/uploads\/2016\/03\/05.J.Fahrt-mit-Shinkansen-nach-Hiroshima.-IMG_4291-16-768x512.jpg 768w\" sizes=\"(max-width: 1000px) 100vw, 1000px\" \/><\/a> <a href=\"https:\/\/lumulu.de\/blog\/wp-content\/uploads\/2016\/03\/05.J.Fahrt-mit-Shinkansen-nach-Hiroshima.-IMG_4291-17.jpg\" rel=\"attachment wp-att-4502\"><img decoding=\"async\" class=\"aligncenter size-full wp-image-4502\" src=\"https:\/\/lumulu.de\/blog\/wp-content\/uploads\/2016\/03\/05.J.Fahrt-mit-Shinkansen-nach-Hiroshima.-IMG_4291-17.jpg\" alt=\"05.J.Fahrt mit Shinkansen nach Hiroshima. IMG_4291 (17)\" width=\"1000\" height=\"667\" srcset=\"https:\/\/lumulu.de\/blog\/wp-content\/uploads\/2016\/03\/05.J.Fahrt-mit-Shinkansen-nach-Hiroshima.-IMG_4291-17.jpg 1000w, https:\/\/lumulu.de\/blog\/wp-content\/uploads\/2016\/03\/05.J.Fahrt-mit-Shinkansen-nach-Hiroshima.-IMG_4291-17-300x200.jpg 300w, https:\/\/lumulu.de\/blog\/wp-content\/uploads\/2016\/03\/05.J.Fahrt-mit-Shinkansen-nach-Hiroshima.-IMG_4291-17-768x512.jpg 768w\" sizes=\"(max-width: 1000px) 100vw, 1000px\" \/><\/a><br \/>\nDie Fahrt ist sehr angenehm, Beinfreiheit ist gew\u00e4hrleistet und ruhige Fahrweise sowieso. Die reine Erholung. Unterbrochen wird die Fahrt durch einen Stopp in Himeji, der \u201eBurg des wei\u00dfen Reihers\u201c, Shirasagi-jo. Sie ist die gr\u00f6\u00dfte von zw\u00f6lf erhaltenen Feudalburgen Nippons. Hier mal ein Ausflug in die japanische Sprache:\u00a0 Japan in japanischen Schriftzeichen: \u65e5\u672c = Nihon = ausgesprochen wird es Nippon = Japan<br \/>\n<a href=\"https:\/\/lumulu.de\/blog\/wp-content\/uploads\/2016\/03\/05.J.Himeji-und-Burg-des-wei\u00dfen-Reihers.25.03.16.-IMG_4363-6.jpg\" rel=\"attachment wp-att-4503\"><img decoding=\"async\" class=\"aligncenter size-full wp-image-4503\" src=\"https:\/\/lumulu.de\/blog\/wp-content\/uploads\/2016\/03\/05.J.Himeji-und-Burg-des-wei\u00dfen-Reihers.25.03.16.-IMG_4363-6.jpg\" alt=\"05.J.Himeji und Burg des wei\u00dfen Reihers.25.03.16. IMG_4363 (6)\" width=\"1000\" height=\"667\" srcset=\"https:\/\/lumulu.de\/blog\/wp-content\/uploads\/2016\/03\/05.J.Himeji-und-Burg-des-wei\u00dfen-Reihers.25.03.16.-IMG_4363-6.jpg 1000w, https:\/\/lumulu.de\/blog\/wp-content\/uploads\/2016\/03\/05.J.Himeji-und-Burg-des-wei\u00dfen-Reihers.25.03.16.-IMG_4363-6-300x200.jpg 300w, https:\/\/lumulu.de\/blog\/wp-content\/uploads\/2016\/03\/05.J.Himeji-und-Burg-des-wei\u00dfen-Reihers.25.03.16.-IMG_4363-6-768x512.jpg 768w\" sizes=\"(max-width: 1000px) 100vw, 1000px\" \/><\/a> <a href=\"https:\/\/lumulu.de\/blog\/wp-content\/uploads\/2016\/03\/05.J.Himeji-und-Burg-des-wei\u00dfen-Reihers.25.03.16.-IMG_4363-18.jpg\" rel=\"attachment wp-att-4504\"><img decoding=\"async\" class=\"aligncenter size-full wp-image-4504\" src=\"https:\/\/lumulu.de\/blog\/wp-content\/uploads\/2016\/03\/05.J.Himeji-und-Burg-des-wei\u00dfen-Reihers.25.03.16.-IMG_4363-18.jpg\" alt=\"05.J.Himeji und Burg des wei\u00dfen Reihers.25.03.16. IMG_4363 (18)\" width=\"1000\" height=\"667\" srcset=\"https:\/\/lumulu.de\/blog\/wp-content\/uploads\/2016\/03\/05.J.Himeji-und-Burg-des-wei\u00dfen-Reihers.25.03.16.-IMG_4363-18.jpg 1000w, https:\/\/lumulu.de\/blog\/wp-content\/uploads\/2016\/03\/05.J.Himeji-und-Burg-des-wei\u00dfen-Reihers.25.03.16.-IMG_4363-18-300x200.jpg 300w, https:\/\/lumulu.de\/blog\/wp-content\/uploads\/2016\/03\/05.J.Himeji-und-Burg-des-wei\u00dfen-Reihers.25.03.16.-IMG_4363-18-768x512.jpg 768w\" sizes=\"(max-width: 1000px) 100vw, 1000px\" \/><\/a> <a href=\"https:\/\/lumulu.de\/blog\/wp-content\/uploads\/2016\/03\/05.J.Himeji-und-Burg-des-wei\u00dfen-Reihers.25.03.16.-IMG_4363-23.jpg\" rel=\"attachment wp-att-4505\"><img decoding=\"async\" class=\"aligncenter size-full wp-image-4505\" src=\"https:\/\/lumulu.de\/blog\/wp-content\/uploads\/2016\/03\/05.J.Himeji-und-Burg-des-wei\u00dfen-Reihers.25.03.16.-IMG_4363-23.jpg\" alt=\"05.J.Himeji und Burg des wei\u00dfen Reihers.25.03.16. IMG_4363 (23)\" width=\"1000\" height=\"667\" srcset=\"https:\/\/lumulu.de\/blog\/wp-content\/uploads\/2016\/03\/05.J.Himeji-und-Burg-des-wei\u00dfen-Reihers.25.03.16.-IMG_4363-23.jpg 1000w, https:\/\/lumulu.de\/blog\/wp-content\/uploads\/2016\/03\/05.J.Himeji-und-Burg-des-wei\u00dfen-Reihers.25.03.16.-IMG_4363-23-300x200.jpg 300w, https:\/\/lumulu.de\/blog\/wp-content\/uploads\/2016\/03\/05.J.Himeji-und-Burg-des-wei\u00dfen-Reihers.25.03.16.-IMG_4363-23-768x512.jpg 768w\" sizes=\"(max-width: 1000px) 100vw, 1000px\" \/><\/a> <a href=\"https:\/\/lumulu.de\/blog\/wp-content\/uploads\/2016\/03\/05.J.Himeji-und-Burg-des-wei\u00dfen-Reihers.25.03.16.-IMG_4363-44.jpg\" rel=\"attachment wp-att-4506\"><img decoding=\"async\" class=\"aligncenter size-full wp-image-4506\" src=\"https:\/\/lumulu.de\/blog\/wp-content\/uploads\/2016\/03\/05.J.Himeji-und-Burg-des-wei\u00dfen-Reihers.25.03.16.-IMG_4363-44.jpg\" alt=\"05.J.Himeji und Burg des wei\u00dfen Reihers.25.03.16. IMG_4363 (44)\" width=\"1000\" height=\"667\" srcset=\"https:\/\/lumulu.de\/blog\/wp-content\/uploads\/2016\/03\/05.J.Himeji-und-Burg-des-wei\u00dfen-Reihers.25.03.16.-IMG_4363-44.jpg 1000w, https:\/\/lumulu.de\/blog\/wp-content\/uploads\/2016\/03\/05.J.Himeji-und-Burg-des-wei\u00dfen-Reihers.25.03.16.-IMG_4363-44-300x200.jpg 300w, https:\/\/lumulu.de\/blog\/wp-content\/uploads\/2016\/03\/05.J.Himeji-und-Burg-des-wei\u00dfen-Reihers.25.03.16.-IMG_4363-44-768x512.jpg 768w\" sizes=\"(max-width: 1000px) 100vw, 1000px\" \/><\/a> <a href=\"https:\/\/lumulu.de\/blog\/wp-content\/uploads\/2016\/03\/05.J.Himeji-und-Burg-des-wei\u00dfen-Reihers.25.03.16.-IMG_4363-49.jpg\" rel=\"attachment wp-att-4507\"><img decoding=\"async\" class=\"aligncenter size-full wp-image-4507\" src=\"https:\/\/lumulu.de\/blog\/wp-content\/uploads\/2016\/03\/05.J.Himeji-und-Burg-des-wei\u00dfen-Reihers.25.03.16.-IMG_4363-49.jpg\" alt=\"05.J.Himeji und Burg des wei\u00dfen Reihers.25.03.16. IMG_4363 (49)\" width=\"1000\" height=\"667\" srcset=\"https:\/\/lumulu.de\/blog\/wp-content\/uploads\/2016\/03\/05.J.Himeji-und-Burg-des-wei\u00dfen-Reihers.25.03.16.-IMG_4363-49.jpg 1000w, https:\/\/lumulu.de\/blog\/wp-content\/uploads\/2016\/03\/05.J.Himeji-und-Burg-des-wei\u00dfen-Reihers.25.03.16.-IMG_4363-49-300x200.jpg 300w, https:\/\/lumulu.de\/blog\/wp-content\/uploads\/2016\/03\/05.J.Himeji-und-Burg-des-wei\u00dfen-Reihers.25.03.16.-IMG_4363-49-768x512.jpg 768w\" sizes=\"(max-width: 1000px) 100vw, 1000px\" \/><\/a><br \/>\nDie Fahrt zum Hotel, diesmal mit dem Taxi, zeigt uns eine sehr moderne, stilvolle, ansprechend lebendige Stadt, wobei wir bedauern, dass wir zu ihrer Erkundung keine Zeit haben werden. Hier liegt das Hauptaugenmerk auf der Insel Miyashima mit ihrem ber\u00fchmten roten, im Wasser \u201eschwimmenden Tor\u201c und im Gegensatz dazu die Mahnmale und das Museum zu dem Ereignis des Abwurfs der ersten Atombombe der Geschichte.<br \/>\nDer Vormittag auf der Insel Miyashima war ein Traum. Bei herrlichem Sommerwetter mit strahlend blauem Himmel landen wir mit dem Boot gleich mit dem Blick auf das herrliche Tor des Itsukushima-Schreines, das bei Flut im Wasser steht und sich darin spiegelt.<br \/>\n<a href=\"https:\/\/lumulu.de\/blog\/wp-content\/uploads\/2016\/03\/06.J.-Miyashimaheilige-Insel.-IMG_4583-3.jpg\" rel=\"attachment wp-att-4508\"><img decoding=\"async\" class=\"aligncenter size-full wp-image-4508\" src=\"https:\/\/lumulu.de\/blog\/wp-content\/uploads\/2016\/03\/06.J.-Miyashimaheilige-Insel.-IMG_4583-3.jpg\" alt=\"06.J. Miyashima,heilige Insel. IMG_4583 (3)\" width=\"1000\" height=\"667\" srcset=\"https:\/\/lumulu.de\/blog\/wp-content\/uploads\/2016\/03\/06.J.-Miyashimaheilige-Insel.-IMG_4583-3.jpg 1000w, https:\/\/lumulu.de\/blog\/wp-content\/uploads\/2016\/03\/06.J.-Miyashimaheilige-Insel.-IMG_4583-3-300x200.jpg 300w, https:\/\/lumulu.de\/blog\/wp-content\/uploads\/2016\/03\/06.J.-Miyashimaheilige-Insel.-IMG_4583-3-768x512.jpg 768w\" sizes=\"(max-width: 1000px) 100vw, 1000px\" \/><\/a> <a href=\"https:\/\/lumulu.de\/blog\/wp-content\/uploads\/2016\/03\/06.J.-Miyashimaheilige-Insel.-IMG_4583-14.jpg\" rel=\"attachment wp-att-4509\"><img decoding=\"async\" class=\"aligncenter size-full wp-image-4509\" src=\"https:\/\/lumulu.de\/blog\/wp-content\/uploads\/2016\/03\/06.J.-Miyashimaheilige-Insel.-IMG_4583-14.jpg\" alt=\"06.J. Miyashima,heilige Insel. IMG_4583 (14)\" width=\"1000\" height=\"667\" srcset=\"https:\/\/lumulu.de\/blog\/wp-content\/uploads\/2016\/03\/06.J.-Miyashimaheilige-Insel.-IMG_4583-14.jpg 1000w, https:\/\/lumulu.de\/blog\/wp-content\/uploads\/2016\/03\/06.J.-Miyashimaheilige-Insel.-IMG_4583-14-300x200.jpg 300w, https:\/\/lumulu.de\/blog\/wp-content\/uploads\/2016\/03\/06.J.-Miyashimaheilige-Insel.-IMG_4583-14-768x512.jpg 768w\" sizes=\"(max-width: 1000px) 100vw, 1000px\" \/><\/a> <a href=\"https:\/\/lumulu.de\/blog\/wp-content\/uploads\/2016\/03\/06.J.-Miyashimaheilige-Insel.-IMG_4583-18.jpg\" rel=\"attachment wp-att-4510\"><img decoding=\"async\" class=\"aligncenter size-full wp-image-4510\" src=\"https:\/\/lumulu.de\/blog\/wp-content\/uploads\/2016\/03\/06.J.-Miyashimaheilige-Insel.-IMG_4583-18.jpg\" alt=\"06.J. Miyashima,heilige Insel. IMG_4583 (18)\" width=\"1000\" height=\"667\" srcset=\"https:\/\/lumulu.de\/blog\/wp-content\/uploads\/2016\/03\/06.J.-Miyashimaheilige-Insel.-IMG_4583-18.jpg 1000w, https:\/\/lumulu.de\/blog\/wp-content\/uploads\/2016\/03\/06.J.-Miyashimaheilige-Insel.-IMG_4583-18-300x200.jpg 300w, https:\/\/lumulu.de\/blog\/wp-content\/uploads\/2016\/03\/06.J.-Miyashimaheilige-Insel.-IMG_4583-18-768x512.jpg 768w\" sizes=\"(max-width: 1000px) 100vw, 1000px\" \/><\/a> <a href=\"https:\/\/lumulu.de\/blog\/wp-content\/uploads\/2016\/03\/06.J.-Miyashimaheilige-Insel.-IMG_4583-26.jpg\" rel=\"attachment wp-att-4511\"><img decoding=\"async\" class=\"aligncenter size-full wp-image-4511\" src=\"https:\/\/lumulu.de\/blog\/wp-content\/uploads\/2016\/03\/06.J.-Miyashimaheilige-Insel.-IMG_4583-26.jpg\" alt=\"06.J. Miyashima,heilige Insel. IMG_4583 (26)\" width=\"1000\" height=\"667\" srcset=\"https:\/\/lumulu.de\/blog\/wp-content\/uploads\/2016\/03\/06.J.-Miyashimaheilige-Insel.-IMG_4583-26.jpg 1000w, https:\/\/lumulu.de\/blog\/wp-content\/uploads\/2016\/03\/06.J.-Miyashimaheilige-Insel.-IMG_4583-26-300x200.jpg 300w, https:\/\/lumulu.de\/blog\/wp-content\/uploads\/2016\/03\/06.J.-Miyashimaheilige-Insel.-IMG_4583-26-768x512.jpg 768w\" sizes=\"(max-width: 1000px) 100vw, 1000px\" \/><\/a> <a href=\"https:\/\/lumulu.de\/blog\/wp-content\/uploads\/2016\/03\/06.J.-Miyashimaheilige-Insel.-IMG_4583-50.jpg\" rel=\"attachment wp-att-4513\"><img decoding=\"async\" class=\"aligncenter size-full wp-image-4513\" src=\"https:\/\/lumulu.de\/blog\/wp-content\/uploads\/2016\/03\/06.J.-Miyashimaheilige-Insel.-IMG_4583-50.jpg\" alt=\"06.J. Miyashima,heilige Insel. IMG_4583 (50)\" width=\"1000\" height=\"667\" srcset=\"https:\/\/lumulu.de\/blog\/wp-content\/uploads\/2016\/03\/06.J.-Miyashimaheilige-Insel.-IMG_4583-50.jpg 1000w, https:\/\/lumulu.de\/blog\/wp-content\/uploads\/2016\/03\/06.J.-Miyashimaheilige-Insel.-IMG_4583-50-300x200.jpg 300w, https:\/\/lumulu.de\/blog\/wp-content\/uploads\/2016\/03\/06.J.-Miyashimaheilige-Insel.-IMG_4583-50-768x512.jpg 768w\" sizes=\"(max-width: 1000px) 100vw, 1000px\" \/><\/a> <a href=\"https:\/\/lumulu.de\/blog\/wp-content\/uploads\/2016\/03\/06.J.-Miyashimaheilige-Insel.-IMG_4583-53.jpg\" rel=\"attachment wp-att-4514\"><img decoding=\"async\" class=\"aligncenter size-full wp-image-4514\" src=\"https:\/\/lumulu.de\/blog\/wp-content\/uploads\/2016\/03\/06.J.-Miyashimaheilige-Insel.-IMG_4583-53.jpg\" alt=\"06.J. Miyashima,heilige Insel. IMG_4583 (53)\" width=\"1000\" height=\"667\" srcset=\"https:\/\/lumulu.de\/blog\/wp-content\/uploads\/2016\/03\/06.J.-Miyashimaheilige-Insel.-IMG_4583-53.jpg 1000w, https:\/\/lumulu.de\/blog\/wp-content\/uploads\/2016\/03\/06.J.-Miyashimaheilige-Insel.-IMG_4583-53-300x200.jpg 300w, https:\/\/lumulu.de\/blog\/wp-content\/uploads\/2016\/03\/06.J.-Miyashimaheilige-Insel.-IMG_4583-53-768x512.jpg 768w\" sizes=\"(max-width: 1000px) 100vw, 1000px\" \/><\/a>Auf einem kurzen Spaziergang zu dem Daisho-in Tempel stellten wir fest, dass die Bezeichnung \u201eeine der drei sch\u00f6nsten Landschaften\u201c Japans absolut zu best\u00e4tigen ist. Die Inselatmosph\u00e4re, der Daisho-in Tempel und seine gepflegte Umgebung und der Blick aufs Meer genie\u00dfen wir in vollen Z\u00fcgen.<\/p>\n<p><a href=\"https:\/\/lumulu.de\/blog\/wp-content\/uploads\/2016\/03\/06.J.-Miyashimaheilige-Insel.-IMG_4583-77.jpg\" rel=\"attachment wp-att-4515\"><img decoding=\"async\" class=\"aligncenter size-full wp-image-4515\" src=\"https:\/\/lumulu.de\/blog\/wp-content\/uploads\/2016\/03\/06.J.-Miyashimaheilige-Insel.-IMG_4583-77.jpg\" alt=\"06.J. Miyashima,heilige Insel. IMG_4583 (77)\" width=\"1000\" height=\"667\" srcset=\"https:\/\/lumulu.de\/blog\/wp-content\/uploads\/2016\/03\/06.J.-Miyashimaheilige-Insel.-IMG_4583-77.jpg 1000w, https:\/\/lumulu.de\/blog\/wp-content\/uploads\/2016\/03\/06.J.-Miyashimaheilige-Insel.-IMG_4583-77-300x200.jpg 300w, https:\/\/lumulu.de\/blog\/wp-content\/uploads\/2016\/03\/06.J.-Miyashimaheilige-Insel.-IMG_4583-77-768x512.jpg 768w\" sizes=\"(max-width: 1000px) 100vw, 1000px\" \/><\/a> <a href=\"https:\/\/lumulu.de\/blog\/wp-content\/uploads\/2016\/03\/06.J.-Miyashimaheilige-Insel.-IMG_4583-89.jpg\" rel=\"attachment wp-att-4516\"><img decoding=\"async\" class=\"aligncenter size-full wp-image-4516\" src=\"https:\/\/lumulu.de\/blog\/wp-content\/uploads\/2016\/03\/06.J.-Miyashimaheilige-Insel.-IMG_4583-89.jpg\" alt=\"06.J. Miyashima,heilige Insel. IMG_4583 (89)\" width=\"1000\" height=\"667\" srcset=\"https:\/\/lumulu.de\/blog\/wp-content\/uploads\/2016\/03\/06.J.-Miyashimaheilige-Insel.-IMG_4583-89.jpg 1000w, https:\/\/lumulu.de\/blog\/wp-content\/uploads\/2016\/03\/06.J.-Miyashimaheilige-Insel.-IMG_4583-89-300x200.jpg 300w, https:\/\/lumulu.de\/blog\/wp-content\/uploads\/2016\/03\/06.J.-Miyashimaheilige-Insel.-IMG_4583-89-768x512.jpg 768w\" sizes=\"(max-width: 1000px) 100vw, 1000px\" \/><\/a> <a href=\"https:\/\/lumulu.de\/blog\/wp-content\/uploads\/2016\/03\/06.J.-Miyashimaheilige-Insel.-IMG_4583-101.jpg\" rel=\"attachment wp-att-4517\"><img decoding=\"async\" class=\"aligncenter size-full wp-image-4517\" src=\"https:\/\/lumulu.de\/blog\/wp-content\/uploads\/2016\/03\/06.J.-Miyashimaheilige-Insel.-IMG_4583-101.jpg\" alt=\"06.J. Miyashima,heilige Insel. IMG_4583 (101)\" width=\"1000\" height=\"667\" srcset=\"https:\/\/lumulu.de\/blog\/wp-content\/uploads\/2016\/03\/06.J.-Miyashimaheilige-Insel.-IMG_4583-101.jpg 1000w, https:\/\/lumulu.de\/blog\/wp-content\/uploads\/2016\/03\/06.J.-Miyashimaheilige-Insel.-IMG_4583-101-300x200.jpg 300w, https:\/\/lumulu.de\/blog\/wp-content\/uploads\/2016\/03\/06.J.-Miyashimaheilige-Insel.-IMG_4583-101-768x512.jpg 768w\" sizes=\"(max-width: 1000px) 100vw, 1000px\" \/><\/a> <a href=\"https:\/\/lumulu.de\/blog\/wp-content\/uploads\/2016\/03\/06.J.-Miyashimaheilige-Insel.-IMG_4583-113.jpg\" rel=\"attachment wp-att-4518\"><img decoding=\"async\" class=\"aligncenter size-full wp-image-4518\" src=\"https:\/\/lumulu.de\/blog\/wp-content\/uploads\/2016\/03\/06.J.-Miyashimaheilige-Insel.-IMG_4583-113.jpg\" alt=\"06.J. Miyashima,heilige Insel. IMG_4583 (113)\" width=\"1000\" height=\"667\" srcset=\"https:\/\/lumulu.de\/blog\/wp-content\/uploads\/2016\/03\/06.J.-Miyashimaheilige-Insel.-IMG_4583-113.jpg 1000w, https:\/\/lumulu.de\/blog\/wp-content\/uploads\/2016\/03\/06.J.-Miyashimaheilige-Insel.-IMG_4583-113-300x200.jpg 300w, https:\/\/lumulu.de\/blog\/wp-content\/uploads\/2016\/03\/06.J.-Miyashimaheilige-Insel.-IMG_4583-113-768x512.jpg 768w\" sizes=\"(max-width: 1000px) 100vw, 1000px\" \/><\/a> <a href=\"https:\/\/lumulu.de\/blog\/wp-content\/uploads\/2016\/03\/06.J.-Miyashimaheilige-Insel.-IMG_4583-127.jpg\" rel=\"attachment wp-att-4519\"><img decoding=\"async\" class=\"aligncenter size-full wp-image-4519\" src=\"https:\/\/lumulu.de\/blog\/wp-content\/uploads\/2016\/03\/06.J.-Miyashimaheilige-Insel.-IMG_4583-127.jpg\" alt=\"06.J. Miyashima,heilige Insel. IMG_4583 (127)\" width=\"1000\" height=\"667\" srcset=\"https:\/\/lumulu.de\/blog\/wp-content\/uploads\/2016\/03\/06.J.-Miyashimaheilige-Insel.-IMG_4583-127.jpg 1000w, https:\/\/lumulu.de\/blog\/wp-content\/uploads\/2016\/03\/06.J.-Miyashimaheilige-Insel.-IMG_4583-127-300x200.jpg 300w, https:\/\/lumulu.de\/blog\/wp-content\/uploads\/2016\/03\/06.J.-Miyashimaheilige-Insel.-IMG_4583-127-768x512.jpg 768w\" sizes=\"(max-width: 1000px) 100vw, 1000px\" \/><\/a><br \/>\nDer Nachmittag steht unter der bedr\u00fcckenden Stimmung die uns erfasst, als wir die Mahnmale zu Hiroshimas Atombombe besichtigen und von unserem Reiseleiter eindr\u00fccklich erkl\u00e4rt bekommen. Der Dom, das einzige Bauwerk, das dieser Detonation und seinen Auswirkungen widerstand, steht wie ein Mahnmal in seinem Gerippe vor uns. Der Besuch des Museums mit Augenzeugenberichten und der Ausstellung von Fotos und Kleidungsst\u00fccken dieses Ereignisses tut sein \u00dcbriges dazu. Die richtigen Worte dazu fehlen mir f\u00fcr diesen Blog, die suchen wir dann bei den pers\u00f6nlichen Gespr\u00e4chen mit euch. Allein, dass der Fotograf, der an diesem 06. August 1945 selbst vor Ort war, nur ein einziges Foto machen konnte, das direkt nach der Katastrophe entstand, weil er nach eigenen Aussagen aufgrund des h\u00f6llischen Leides was er sah nicht mehr fotografieren konnte, macht die Ausma\u00dfe deutlich. Es war ein unfassbares Ereignis, das dieser Stadt und seinen damals ca. 350.000 Einwohnern unglaublich viel Leid brachte, physisch wie auch psychisch. In Gedanken versunken laufen wir direkt \u00fcber den Grund und Boden an dem die Bombe niederging zu unserem Hotel zur\u00fcck.<\/p>\n<p><a href=\"https:\/\/lumulu.de\/blog\/wp-content\/uploads\/2016\/03\/06.J.Mahnmal-Atombombe-Abwurf.-IMG_4443-1.jpg\" rel=\"attachment wp-att-4523\"><img decoding=\"async\" class=\"aligncenter size-full wp-image-4523\" src=\"https:\/\/lumulu.de\/blog\/wp-content\/uploads\/2016\/03\/06.J.Mahnmal-Atombombe-Abwurf.-IMG_4443-1.jpg\" alt=\"06.J.Mahnmal Atombombe Abwurf. IMG_4443 (1)\" width=\"1000\" height=\"667\" srcset=\"https:\/\/lumulu.de\/blog\/wp-content\/uploads\/2016\/03\/06.J.Mahnmal-Atombombe-Abwurf.-IMG_4443-1.jpg 1000w, https:\/\/lumulu.de\/blog\/wp-content\/uploads\/2016\/03\/06.J.Mahnmal-Atombombe-Abwurf.-IMG_4443-1-300x200.jpg 300w, https:\/\/lumulu.de\/blog\/wp-content\/uploads\/2016\/03\/06.J.Mahnmal-Atombombe-Abwurf.-IMG_4443-1-768x512.jpg 768w\" sizes=\"(max-width: 1000px) 100vw, 1000px\" \/><\/a><br \/>\n<a href=\"https:\/\/lumulu.de\/blog\/wp-content\/uploads\/2016\/03\/06.J.Friedensmuseum-u.Gedenkst\u00e4tte-in-Hiroshima.-IMG_4631-19.jpg\" rel=\"attachment wp-att-4520\"><img decoding=\"async\" class=\"aligncenter size-full wp-image-4520\" src=\"https:\/\/lumulu.de\/blog\/wp-content\/uploads\/2016\/03\/06.J.Friedensmuseum-u.Gedenkst\u00e4tte-in-Hiroshima.-IMG_4631-19.jpg\" alt=\"06.J.Friedensmuseum u.Gedenkst\u00e4tte in Hiroshima. IMG_4631 (19)\" width=\"1000\" height=\"667\" srcset=\"https:\/\/lumulu.de\/blog\/wp-content\/uploads\/2016\/03\/06.J.Friedensmuseum-u.Gedenkst\u00e4tte-in-Hiroshima.-IMG_4631-19.jpg 1000w, https:\/\/lumulu.de\/blog\/wp-content\/uploads\/2016\/03\/06.J.Friedensmuseum-u.Gedenkst\u00e4tte-in-Hiroshima.-IMG_4631-19-300x200.jpg 300w, https:\/\/lumulu.de\/blog\/wp-content\/uploads\/2016\/03\/06.J.Friedensmuseum-u.Gedenkst\u00e4tte-in-Hiroshima.-IMG_4631-19-768x512.jpg 768w\" sizes=\"(max-width: 1000px) 100vw, 1000px\" \/><\/a> <a href=\"https:\/\/lumulu.de\/blog\/wp-content\/uploads\/2016\/03\/06.J.Friedensmuseum-u.Gedenkst\u00e4tte-in-Hiroshima.-IMG_4631-34.jpg\" rel=\"attachment wp-att-4521\"><img decoding=\"async\" class=\"aligncenter size-full wp-image-4521\" src=\"https:\/\/lumulu.de\/blog\/wp-content\/uploads\/2016\/03\/06.J.Friedensmuseum-u.Gedenkst\u00e4tte-in-Hiroshima.-IMG_4631-34.jpg\" alt=\"06.J.Friedensmuseum u.Gedenkst\u00e4tte in Hiroshima. IMG_4631 (34)\" width=\"1000\" height=\"667\" srcset=\"https:\/\/lumulu.de\/blog\/wp-content\/uploads\/2016\/03\/06.J.Friedensmuseum-u.Gedenkst\u00e4tte-in-Hiroshima.-IMG_4631-34.jpg 1000w, https:\/\/lumulu.de\/blog\/wp-content\/uploads\/2016\/03\/06.J.Friedensmuseum-u.Gedenkst\u00e4tte-in-Hiroshima.-IMG_4631-34-300x200.jpg 300w, https:\/\/lumulu.de\/blog\/wp-content\/uploads\/2016\/03\/06.J.Friedensmuseum-u.Gedenkst\u00e4tte-in-Hiroshima.-IMG_4631-34-768x512.jpg 768w\" sizes=\"(max-width: 1000px) 100vw, 1000px\" \/><\/a> <a href=\"https:\/\/lumulu.de\/blog\/wp-content\/uploads\/2016\/03\/06.J.Hiroshima-aus-dem-Hotelfenster.IMG_4437-4.jpg\" rel=\"attachment wp-att-4522\"><img decoding=\"async\" class=\"aligncenter size-full wp-image-4522\" src=\"https:\/\/lumulu.de\/blog\/wp-content\/uploads\/2016\/03\/06.J.Hiroshima-aus-dem-Hotelfenster.IMG_4437-4.jpg\" alt=\"06.J.Hiroshima aus dem Hotelfenster.IMG_4437 (4)\" width=\"1000\" height=\"667\" srcset=\"https:\/\/lumulu.de\/blog\/wp-content\/uploads\/2016\/03\/06.J.Hiroshima-aus-dem-Hotelfenster.IMG_4437-4.jpg 1000w, https:\/\/lumulu.de\/blog\/wp-content\/uploads\/2016\/03\/06.J.Hiroshima-aus-dem-Hotelfenster.IMG_4437-4-300x200.jpg 300w, https:\/\/lumulu.de\/blog\/wp-content\/uploads\/2016\/03\/06.J.Hiroshima-aus-dem-Hotelfenster.IMG_4437-4-768x512.jpg 768w\" sizes=\"(max-width: 1000px) 100vw, 1000px\" \/><\/a> <a href=\"https:\/\/lumulu.de\/blog\/wp-content\/uploads\/2016\/03\/06.J.Friedensmuseum-u.Gedenkst\u00e4tte-in-Hiroshima.-IMG_4631-36.jpg\" rel=\"attachment wp-att-4524\"><img decoding=\"async\" class=\"aligncenter size-full wp-image-4524\" src=\"https:\/\/lumulu.de\/blog\/wp-content\/uploads\/2016\/03\/06.J.Friedensmuseum-u.Gedenkst\u00e4tte-in-Hiroshima.-IMG_4631-36.jpg\" alt=\"06.J.Friedensmuseum u.Gedenkst\u00e4tte in Hiroshima. IMG_4631 (36)\" width=\"1000\" height=\"667\" srcset=\"https:\/\/lumulu.de\/blog\/wp-content\/uploads\/2016\/03\/06.J.Friedensmuseum-u.Gedenkst\u00e4tte-in-Hiroshima.-IMG_4631-36.jpg 1000w, https:\/\/lumulu.de\/blog\/wp-content\/uploads\/2016\/03\/06.J.Friedensmuseum-u.Gedenkst\u00e4tte-in-Hiroshima.-IMG_4631-36-300x200.jpg 300w, https:\/\/lumulu.de\/blog\/wp-content\/uploads\/2016\/03\/06.J.Friedensmuseum-u.Gedenkst\u00e4tte-in-Hiroshima.-IMG_4631-36-768x512.jpg 768w\" sizes=\"(max-width: 1000px) 100vw, 1000px\" \/><\/a><br \/>\nNach einer Pause und einer Dusche hatten wir ein typisches Abendessen vor uns, das ich den K\u00f6chen unter uns einfach nicht vorenthalten kann. Es handelt sich um die sogenannte \u201eJapanische Pizza\u201c, wobei das einen falschen Eindruck erwecken kann. Es ist ein Boden aus einem d\u00fcnnen Cr\u00e8peteig und einem Deckel aus einem vermischten Spiegelei. Gef\u00fcllt ist es mit Wei\u00dfkraut, Schinken, Gew\u00fcrzen, Sojakeime und was man dann noch so dazu m\u00f6chte, wie z.B. Knoblauch, gr\u00fcne Zwiebeln, Shrimps, Fisch oder Ei. Das ganz besondere daran ist die Zubereitung dieses \u201eOkonomiyaki\u201c auf einer gro\u00dfen Stahlplatte, die zugleich der Tisch ist, an dem man das ganze serviert bekommt und verspeist. Das kann man einfach nicht beschreiben, das muss man gesehen haben. Vielleicht hilft ein Foto:<br \/>\n<a href=\"https:\/\/lumulu.de\/blog\/wp-content\/uploads\/2016\/03\/05.J.Hiroshima.IMG_4433-22.jpg\" rel=\"attachment wp-att-4526\"><img decoding=\"async\" class=\"aligncenter size-full wp-image-4526\" src=\"https:\/\/lumulu.de\/blog\/wp-content\/uploads\/2016\/03\/05.J.Hiroshima.IMG_4433-22.jpg\" alt=\"05.J.Hiroshima.IMG_4433 (22)\" width=\"1000\" height=\"667\" srcset=\"https:\/\/lumulu.de\/blog\/wp-content\/uploads\/2016\/03\/05.J.Hiroshima.IMG_4433-22.jpg 1000w, https:\/\/lumulu.de\/blog\/wp-content\/uploads\/2016\/03\/05.J.Hiroshima.IMG_4433-22-300x200.jpg 300w, https:\/\/lumulu.de\/blog\/wp-content\/uploads\/2016\/03\/05.J.Hiroshima.IMG_4433-22-768x512.jpg 768w\" sizes=\"(max-width: 1000px) 100vw, 1000px\" \/><\/a> <a href=\"https:\/\/lumulu.de\/blog\/wp-content\/uploads\/2016\/03\/05.J.Hiroshima.IMG_4433-30.jpg\" rel=\"attachment wp-att-4527\"><img decoding=\"async\" class=\"aligncenter size-full wp-image-4527\" src=\"https:\/\/lumulu.de\/blog\/wp-content\/uploads\/2016\/03\/05.J.Hiroshima.IMG_4433-30.jpg\" alt=\"05.J.Hiroshima.IMG_4433 (30)\" width=\"1000\" height=\"667\" srcset=\"https:\/\/lumulu.de\/blog\/wp-content\/uploads\/2016\/03\/05.J.Hiroshima.IMG_4433-30.jpg 1000w, https:\/\/lumulu.de\/blog\/wp-content\/uploads\/2016\/03\/05.J.Hiroshima.IMG_4433-30-300x200.jpg 300w, https:\/\/lumulu.de\/blog\/wp-content\/uploads\/2016\/03\/05.J.Hiroshima.IMG_4433-30-768x512.jpg 768w\" sizes=\"(max-width: 1000px) 100vw, 1000px\" \/><\/a><br \/>\nNun kommen wir mal wieder zu den vielen Tempeln Japans zur\u00fcck. Wir besichtigen n\u00e4mlich nach einer mehrst\u00fcndigen Busfahrt in Nara eine Buddha-Statue, die alle Dimensionen \u00fcbertrifft, die wir bislang gesehen haben, wobei wir sagen m\u00fcssen, dass uns der bereits beschriebene gro\u00dfe Buddha, der im Freien sitzt, noch mehr beeindruckt hat, als diese Buddha-Statue. Dennoch ist sie in dem gr\u00f6\u00dften aus Holz gefertigten Bauwerk der Welt (die Superlative nehmen kein Ende), einem Geb\u00e4ude mit Ausma\u00dfen von 57m L\u00e4nge, 50,5m Breite und 48,7m H\u00f6he, mehr als beeindruckend. Die Statue steht auf dem Gel\u00e4nde der Todai-ji-Tempelanlage und wurde im Jahre 745 von Kaiser Shomu als Hauptsitz aller buddhistischen Tempel gegr\u00fcndet. Und noch ein paar Zahlen, sie sind einfach zu beeindruckend, dann h\u00f6re ich wieder auf: F\u00fcr die Buddhafigur wurden 437 Tonnen Bronze, 130 Kilogramm Gold und 7 Tonnen Wachs verbraucht.<br \/>\n<a href=\"https:\/\/lumulu.de\/blog\/wp-content\/uploads\/2016\/03\/07.J.Nara-mit-Daibutsu-Buddhaatatued.G.d.Welt_.IMG_4760-11.jpg\" rel=\"attachment wp-att-4528\"><img decoding=\"async\" class=\"aligncenter size-full wp-image-4528\" src=\"https:\/\/lumulu.de\/blog\/wp-content\/uploads\/2016\/03\/07.J.Nara-mit-Daibutsu-Buddhaatatued.G.d.Welt_.IMG_4760-11.jpg\" alt=\"07.J.Nara mit Daibutsu Buddhaatatue,d.G.d.Welt.IMG_4760 (11)\" width=\"1000\" height=\"667\" srcset=\"https:\/\/lumulu.de\/blog\/wp-content\/uploads\/2016\/03\/07.J.Nara-mit-Daibutsu-Buddhaatatued.G.d.Welt_.IMG_4760-11.jpg 1000w, https:\/\/lumulu.de\/blog\/wp-content\/uploads\/2016\/03\/07.J.Nara-mit-Daibutsu-Buddhaatatued.G.d.Welt_.IMG_4760-11-300x200.jpg 300w, https:\/\/lumulu.de\/blog\/wp-content\/uploads\/2016\/03\/07.J.Nara-mit-Daibutsu-Buddhaatatued.G.d.Welt_.IMG_4760-11-768x512.jpg 768w\" sizes=\"(max-width: 1000px) 100vw, 1000px\" \/><\/a> <a href=\"https:\/\/lumulu.de\/blog\/wp-content\/uploads\/2016\/03\/07.J.Nara-mit-Daibutsu-Buddhaatatued.G.d.Welt_.IMG_4760-18.jpg\" rel=\"attachment wp-att-4529\"><img decoding=\"async\" class=\"aligncenter size-full wp-image-4529\" src=\"https:\/\/lumulu.de\/blog\/wp-content\/uploads\/2016\/03\/07.J.Nara-mit-Daibutsu-Buddhaatatued.G.d.Welt_.IMG_4760-18.jpg\" alt=\"07.J.Nara mit Daibutsu Buddhaatatue,d.G.d.Welt.IMG_4760 (18)\" width=\"1000\" height=\"667\" srcset=\"https:\/\/lumulu.de\/blog\/wp-content\/uploads\/2016\/03\/07.J.Nara-mit-Daibutsu-Buddhaatatued.G.d.Welt_.IMG_4760-18.jpg 1000w, https:\/\/lumulu.de\/blog\/wp-content\/uploads\/2016\/03\/07.J.Nara-mit-Daibutsu-Buddhaatatued.G.d.Welt_.IMG_4760-18-300x200.jpg 300w, https:\/\/lumulu.de\/blog\/wp-content\/uploads\/2016\/03\/07.J.Nara-mit-Daibutsu-Buddhaatatued.G.d.Welt_.IMG_4760-18-768x512.jpg 768w\" sizes=\"(max-width: 1000px) 100vw, 1000px\" \/><\/a> <a href=\"https:\/\/lumulu.de\/blog\/wp-content\/uploads\/2016\/03\/07.J.Nara-mit-Daibutsu-Buddhaatatued.G.d.Welt_.IMG_4760-24.jpg\" rel=\"attachment wp-att-4530\"><img decoding=\"async\" class=\"aligncenter size-full wp-image-4530\" src=\"https:\/\/lumulu.de\/blog\/wp-content\/uploads\/2016\/03\/07.J.Nara-mit-Daibutsu-Buddhaatatued.G.d.Welt_.IMG_4760-24.jpg\" alt=\"07.J.Nara mit Daibutsu Buddhaatatue,d.G.d.Welt.IMG_4760 (24)\" width=\"1000\" height=\"667\" srcset=\"https:\/\/lumulu.de\/blog\/wp-content\/uploads\/2016\/03\/07.J.Nara-mit-Daibutsu-Buddhaatatued.G.d.Welt_.IMG_4760-24.jpg 1000w, https:\/\/lumulu.de\/blog\/wp-content\/uploads\/2016\/03\/07.J.Nara-mit-Daibutsu-Buddhaatatued.G.d.Welt_.IMG_4760-24-300x200.jpg 300w, https:\/\/lumulu.de\/blog\/wp-content\/uploads\/2016\/03\/07.J.Nara-mit-Daibutsu-Buddhaatatued.G.d.Welt_.IMG_4760-24-768x512.jpg 768w\" sizes=\"(max-width: 1000px) 100vw, 1000px\" \/><\/a> <a href=\"https:\/\/lumulu.de\/blog\/wp-content\/uploads\/2016\/03\/07.J.Nara-mit-Daibutsu-Buddhaatatued.G.d.Welt_.IMG_4760-33.jpg\" rel=\"attachment wp-att-4531\"><img decoding=\"async\" class=\"aligncenter size-full wp-image-4531\" src=\"https:\/\/lumulu.de\/blog\/wp-content\/uploads\/2016\/03\/07.J.Nara-mit-Daibutsu-Buddhaatatued.G.d.Welt_.IMG_4760-33.jpg\" alt=\"07.J.Nara mit Daibutsu Buddhaatatue,d.G.d.Welt.IMG_4760 (33)\" width=\"1000\" height=\"667\" srcset=\"https:\/\/lumulu.de\/blog\/wp-content\/uploads\/2016\/03\/07.J.Nara-mit-Daibutsu-Buddhaatatued.G.d.Welt_.IMG_4760-33.jpg 1000w, https:\/\/lumulu.de\/blog\/wp-content\/uploads\/2016\/03\/07.J.Nara-mit-Daibutsu-Buddhaatatued.G.d.Welt_.IMG_4760-33-300x200.jpg 300w, https:\/\/lumulu.de\/blog\/wp-content\/uploads\/2016\/03\/07.J.Nara-mit-Daibutsu-Buddhaatatued.G.d.Welt_.IMG_4760-33-768x512.jpg 768w\" sizes=\"(max-width: 1000px) 100vw, 1000px\" \/><\/a> <a href=\"https:\/\/lumulu.de\/blog\/wp-content\/uploads\/2016\/03\/07.J.Nara-mit-Daibutsu-Buddhaatatued.G.d.Welt_.IMG_4760-34.jpg\" rel=\"attachment wp-att-4532\"><img decoding=\"async\" class=\"aligncenter size-full wp-image-4532\" src=\"https:\/\/lumulu.de\/blog\/wp-content\/uploads\/2016\/03\/07.J.Nara-mit-Daibutsu-Buddhaatatued.G.d.Welt_.IMG_4760-34.jpg\" alt=\"07.J.Nara mit Daibutsu Buddhaatatue,d.G.d.Welt.IMG_4760 (34)\" width=\"1000\" height=\"667\" srcset=\"https:\/\/lumulu.de\/blog\/wp-content\/uploads\/2016\/03\/07.J.Nara-mit-Daibutsu-Buddhaatatued.G.d.Welt_.IMG_4760-34.jpg 1000w, https:\/\/lumulu.de\/blog\/wp-content\/uploads\/2016\/03\/07.J.Nara-mit-Daibutsu-Buddhaatatued.G.d.Welt_.IMG_4760-34-300x200.jpg 300w, https:\/\/lumulu.de\/blog\/wp-content\/uploads\/2016\/03\/07.J.Nara-mit-Daibutsu-Buddhaatatued.G.d.Welt_.IMG_4760-34-768x512.jpg 768w\" sizes=\"(max-width: 1000px) 100vw, 1000px\" \/><\/a> <a href=\"https:\/\/lumulu.de\/blog\/wp-content\/uploads\/2016\/03\/07.J.Nara-mit-Daibutsu-Buddhaatatued.G.d.Welt_.IMG_4760-44.jpg\" rel=\"attachment wp-att-4533\"><img decoding=\"async\" class=\"aligncenter size-full wp-image-4533\" src=\"https:\/\/lumulu.de\/blog\/wp-content\/uploads\/2016\/03\/07.J.Nara-mit-Daibutsu-Buddhaatatued.G.d.Welt_.IMG_4760-44.jpg\" alt=\"07.J.Nara mit Daibutsu Buddhaatatue,d.G.d.Welt.IMG_4760 (44)\" width=\"1000\" height=\"667\" srcset=\"https:\/\/lumulu.de\/blog\/wp-content\/uploads\/2016\/03\/07.J.Nara-mit-Daibutsu-Buddhaatatued.G.d.Welt_.IMG_4760-44.jpg 1000w, https:\/\/lumulu.de\/blog\/wp-content\/uploads\/2016\/03\/07.J.Nara-mit-Daibutsu-Buddhaatatued.G.d.Welt_.IMG_4760-44-300x200.jpg 300w, https:\/\/lumulu.de\/blog\/wp-content\/uploads\/2016\/03\/07.J.Nara-mit-Daibutsu-Buddhaatatued.G.d.Welt_.IMG_4760-44-768x512.jpg 768w\" sizes=\"(max-width: 1000px) 100vw, 1000px\" \/><\/a><br \/>\nAuf Morgen freuen wir uns schon ganz besonders: da werden wir Kyoto besichtigen, eine der interessantesten St\u00e4dte Ostasiens. Kyoto wurde wegen seiner vielen Kulturg\u00fcter von Bombardierungen ausgenommen und besitzt alleine 13 UNESCO-Kulturerbe-G\u00fcter mit zwei echten Zen-G\u00e4rten. Zen-G\u00e4rten!! Juchhu! Und 1300 Tempel, die wir allerdings nicht alle besichtigen werden &#8230; Was wir noch gesehen haben, davon erz\u00e4hlen wir dann im n\u00e4chsten Bericht.<br \/>\nJetzt aber unbedingt noch zu unserem zweiten R\u00e4tsel-Foto: In einer Buchhandlung in Hiroshima machte Paul zwei Fotos, bei denen uns interessieren w\u00fcrde, was euch daran f\u00fcr uns Europ\u00e4er Ungew\u00f6hnliches auff\u00e4llt. Damit es leichter wird, stellen wir beide Fotos f\u00fcr dieses R\u00e4tsel ein. Da sind wir ganz besonders auf eure Antworten und Kommentare gespannt!<br \/>\n<a href=\"https:\/\/lumulu.de\/blog\/wp-content\/uploads\/2016\/03\/05.J.Hiroshima.IMG_4433-37.jpg\" rel=\"attachment wp-att-4534\"><img decoding=\"async\" class=\"aligncenter size-full wp-image-4534\" src=\"https:\/\/lumulu.de\/blog\/wp-content\/uploads\/2016\/03\/05.J.Hiroshima.IMG_4433-37.jpg\" alt=\"05.J.Hiroshima.IMG_4433 (37)\" width=\"1000\" height=\"667\" srcset=\"https:\/\/lumulu.de\/blog\/wp-content\/uploads\/2016\/03\/05.J.Hiroshima.IMG_4433-37.jpg 1000w, https:\/\/lumulu.de\/blog\/wp-content\/uploads\/2016\/03\/05.J.Hiroshima.IMG_4433-37-300x200.jpg 300w, https:\/\/lumulu.de\/blog\/wp-content\/uploads\/2016\/03\/05.J.Hiroshima.IMG_4433-37-768x512.jpg 768w\" sizes=\"(max-width: 1000px) 100vw, 1000px\" \/><\/a> <a href=\"https:\/\/lumulu.de\/blog\/wp-content\/uploads\/2016\/03\/05.J.Hiroshima.IMG_4433-38.jpg\" rel=\"attachment wp-att-4535\"><img decoding=\"async\" class=\"aligncenter size-full wp-image-4535\" src=\"https:\/\/lumulu.de\/blog\/wp-content\/uploads\/2016\/03\/05.J.Hiroshima.IMG_4433-38.jpg\" alt=\"05.J.Hiroshima.IMG_4433 (38)\" width=\"1000\" height=\"667\" srcset=\"https:\/\/lumulu.de\/blog\/wp-content\/uploads\/2016\/03\/05.J.Hiroshima.IMG_4433-38.jpg 1000w, https:\/\/lumulu.de\/blog\/wp-content\/uploads\/2016\/03\/05.J.Hiroshima.IMG_4433-38-300x200.jpg 300w, https:\/\/lumulu.de\/blog\/wp-content\/uploads\/2016\/03\/05.J.Hiroshima.IMG_4433-38-768x512.jpg 768w\" sizes=\"(max-width: 1000px) 100vw, 1000px\" \/><\/a><br \/>\nWie gehabt k\u00f6nnt ihr uns eure Antworten \u00fcber Kommentare, das G\u00e4stebuch und Mail mitteilen. Vielen Dank auch schon mal f\u00fcr die vielen Antworten, die wir bereits zu unserem ersten R\u00e4tsel bekommen haben. Die Aufl\u00f6sung folgt erst ganz zum Schluss, das wird erst sein, wenn wir zu Hause sind.<br \/>\nWir w\u00fcnschen viel Gl\u00fcck und sagen f\u00fcr heute Konnitschi-wa,<br \/>\neure Weltenbummler<br \/>\nBarbara &amp; Paul<\/p>\n","protected":false},"excerpt":{"rendered":"<p>Hallo ihr lieben Blogger, erinnert ihr euch noch, wir wollten unbedingt den Fuji-san erleben!! Und, was sollen wir sagen &#8230; Am n\u00e4chsten Morgen wachten wir mit dem ersten Gedanken an den Fuji-san (so wird der Fujijama hier genannt) auf. Wie &hellip; <a href=\"https:\/\/lumulu.de\/blog\/2016\/03\/31\/der-faszinierende-kegelberg-das-mahnmal-und-die-tempel-des-buddha-und-das-zweite-raet\/\">Weiterlesen <span class=\"meta-nav\">&rarr;<\/span><\/a><\/p>\n","protected":false},"author":2,"featured_media":0,"comment_status":"open","ping_status":"closed","sticky":false,"template":"","format":"standard","meta":{"footnotes":""},"categories":[1],"tags":[],"class_list":["post-4496","post","type-post","status-publish","format-standard","hentry","category-allgemein"],"_links":{"self":[{"href":"https:\/\/lumulu.de\/blog\/wp-json\/wp\/v2\/posts\/4496","targetHints":{"allow":["GET"]}}],"collection":[{"href":"https:\/\/lumulu.de\/blog\/wp-json\/wp\/v2\/posts"}],"about":[{"href":"https:\/\/lumulu.de\/blog\/wp-json\/wp\/v2\/types\/post"}],"author":[{"embeddable":true,"href":"https:\/\/lumulu.de\/blog\/wp-json\/wp\/v2\/users\/2"}],"replies":[{"embeddable":true,"href":"https:\/\/lumulu.de\/blog\/wp-json\/wp\/v2\/comments?post=4496"}],"version-history":[{"count":5,"href":"https:\/\/lumulu.de\/blog\/wp-json\/wp\/v2\/posts\/4496\/revisions"}],"predecessor-version":[{"id":4539,"href":"https:\/\/lumulu.de\/blog\/wp-json\/wp\/v2\/posts\/4496\/revisions\/4539"}],"wp:attachment":[{"href":"https:\/\/lumulu.de\/blog\/wp-json\/wp\/v2\/media?parent=4496"}],"wp:term":[{"taxonomy":"category","embeddable":true,"href":"https:\/\/lumulu.de\/blog\/wp-json\/wp\/v2\/categories?post=4496"},{"taxonomy":"post_tag","embeddable":true,"href":"https:\/\/lumulu.de\/blog\/wp-json\/wp\/v2\/tags?post=4496"}],"curies":[{"name":"wp","href":"https:\/\/api.w.org\/{rel}","templated":true}]}}