{"id":3928,"date":"2015-07-15T18:06:16","date_gmt":"2015-07-15T16:06:16","guid":{"rendered":"http:\/\/lumulu.de\/blog\/?p=3928"},"modified":"2015-07-15T18:06:16","modified_gmt":"2015-07-15T16:06:16","slug":"das-raetsel-und-der-schoenste-aussichtspunkt-der-welt","status":"publish","type":"post","link":"https:\/\/lumulu.de\/blog\/2015\/07\/15\/das-raetsel-und-der-schoenste-aussichtspunkt-der-welt\/","title":{"rendered":"Das R\u00e4tsel &#8211; und der sch\u00f6nste Aussichtspunkt der Welt"},"content":{"rendered":"<p>Hei, hei, ihr Blogfreunde,<\/p>\n<p>wir sind heute schon kurz vor Oslo &#8211; und haben genau das Wetter erwischt, das so freundlich im Reisef\u00fchrer angek\u00fcndigt wird mit: &#8222;Man sieht in Oslo h\u00e4ufig die Sonne, am meisten zwischen zwei Regenschauern&#8220; &#8230;<\/p>\n<p>Na dann wollen wir doch zuerst mal das R\u00e4tsel aufkl\u00e4ren. Wir haben uns riesig \u00fcber die rege Beteiligung gefreut \u2013 und auch die vielen Antwortm\u00f6glichkeiten.<br \/>\nEs waren lustige Sachen dabei, meistens stimmte die \u201eH\u00e4lfte\u201c. Respekt vor eurem Wissen, denn dass es sich bei Samen um die Ureinwohner Lapplands handelt, wussten schon mal alle. Dass aber Waldsamen und Gebirgssamen beides St\u00e4mme der Ureinwohner sind, wurde nur einmal richtig beantwortet, von unserem Google-Spezialisten Gerrit. Er schlug wohl bei Herrn Google nach und hat die, selbst f\u00fcr uns ganz wissenschaftliche, Erkl\u00e4rung geliefert:<br \/>\n<<Die Gebirgssamen lebten im Gebirge. Die Zelth\u00fctten der Gebirgssamen waren entweder permanent oder beweglich. Das Ger\u00fcst bestand aus Birkenstangen, die W\u00e4nde aus Torf oder Birkenrinde, bei den beweglichen Zelth\u00fctten aus Lodenstoff oder Leinen. Die Waldsamen lebten in einem viereckigen noch oben spitz zulaufenden Holzhaus.>><br \/>\nF\u00fcr diese perfekte Erkl\u00e4rung darfst du dir gerne eines unserer Reise-Taschenb\u00fccher aussuchen. Du findest die gesammelten Werke unter dem gleichnamigen Button unserer Homepage. Gib uns einfach Bescheid.<br \/>\nWie gesagt wird auch die kreativste Antwort belohnt &#8211; und die kam von Alexander:<br \/>\n<<Wenn Gebirgssamen sterben und beerdigt werden, w\u00e4chst dort ein Gebirge, bei Waldsamen ein Wald.>> Diese wird ebenfalls mit einem unserer Reise-Taschenb\u00fccher belohnt. Wiederum darfst du dir eines unserer B\u00fccher aussuchen \u2026 \uf04a \uf04a \uf04a<\/p>\n<p>Nun, dann kommen wir jetzt wieder zu unserer Reise, nicht ohne zu versprechen, dass wir in einem der letzten Berichte nochmals ein kleines R\u00e4tsel haben werden, denn Paul hat heute ein Foto gemacht, das danach schreit, ein R\u00e4tsel zu werden &#8230;<br \/>\nWir kamen also nach Bergen. Wie alles hat auch die Stadt sich in den letzten neun Jahren, seit unserem letzten Besuch, ver\u00e4ndert, aber die Altstadt ist nat\u00fcrlich immer noch die Gleiche!<\/p>\n<p><a href=\"https:\/\/lumulu.de\/blog\/wp-content\/uploads\/2015\/07\/0050.Bergen.IMG_2052-5.jpg\"><img decoding=\"async\" src=\"https:\/\/lumulu.de\/blog\/wp-content\/uploads\/2015\/07\/0050.Bergen.IMG_2052-5.jpg\" alt=\"0050.Bergen.IMG_2052 (5)\" width=\"667\" height=\"1000\" class=\"alignleft size-full wp-image-3935\" srcset=\"https:\/\/lumulu.de\/blog\/wp-content\/uploads\/2015\/07\/0050.Bergen.IMG_2052-5.jpg 667w, https:\/\/lumulu.de\/blog\/wp-content\/uploads\/2015\/07\/0050.Bergen.IMG_2052-5-200x300.jpg 200w\" sizes=\"(max-width: 667px) 100vw, 667px\" \/><\/a><\/p>\n<p><a href=\"https:\/\/lumulu.de\/blog\/wp-content\/uploads\/2015\/07\/0050.Bergen.IMG_2052-111.jpg\"><img decoding=\"async\" src=\"https:\/\/lumulu.de\/blog\/wp-content\/uploads\/2015\/07\/0050.Bergen.IMG_2052-111.jpg\" alt=\"0050.Bergen.IMG_2052 (11)\" width=\"1000\" height=\"667\" class=\"alignleft size-full wp-image-3936\" srcset=\"https:\/\/lumulu.de\/blog\/wp-content\/uploads\/2015\/07\/0050.Bergen.IMG_2052-111.jpg 1000w, https:\/\/lumulu.de\/blog\/wp-content\/uploads\/2015\/07\/0050.Bergen.IMG_2052-111-300x200.jpg 300w\" sizes=\"(max-width: 1000px) 100vw, 1000px\" \/><\/a><\/p>\n<p><a href=\"https:\/\/lumulu.de\/blog\/wp-content\/uploads\/2015\/07\/0050.Bergen.IMG_2052-16.jpg\"><img decoding=\"async\" src=\"https:\/\/lumulu.de\/blog\/wp-content\/uploads\/2015\/07\/0050.Bergen.IMG_2052-16.jpg\" alt=\"0050.Bergen.IMG_2052 (16)\" width=\"1000\" height=\"667\" class=\"alignleft size-full wp-image-3937\" srcset=\"https:\/\/lumulu.de\/blog\/wp-content\/uploads\/2015\/07\/0050.Bergen.IMG_2052-16.jpg 1000w, https:\/\/lumulu.de\/blog\/wp-content\/uploads\/2015\/07\/0050.Bergen.IMG_2052-16-300x200.jpg 300w\" sizes=\"(max-width: 1000px) 100vw, 1000px\" \/><\/a><\/p>\n<p><a href=\"https:\/\/lumulu.de\/blog\/wp-content\/uploads\/2015\/07\/0050.Bergen.IMG_2052-25.jpg\"><img decoding=\"async\" src=\"https:\/\/lumulu.de\/blog\/wp-content\/uploads\/2015\/07\/0050.Bergen.IMG_2052-25.jpg\" alt=\"0050.Bergen.IMG_2052 (25)\" width=\"1000\" height=\"667\" class=\"alignleft size-full wp-image-3938\" srcset=\"https:\/\/lumulu.de\/blog\/wp-content\/uploads\/2015\/07\/0050.Bergen.IMG_2052-25.jpg 1000w, https:\/\/lumulu.de\/blog\/wp-content\/uploads\/2015\/07\/0050.Bergen.IMG_2052-25-300x200.jpg 300w\" sizes=\"(max-width: 1000px) 100vw, 1000px\" \/><\/a><\/p>\n<p><a href=\"https:\/\/lumulu.de\/blog\/wp-content\/uploads\/2015\/07\/0050.Bergen.IMG_2052-31.jpg\"><img decoding=\"async\" src=\"https:\/\/lumulu.de\/blog\/wp-content\/uploads\/2015\/07\/0050.Bergen.IMG_2052-31.jpg\" alt=\"0050.Bergen.IMG_2052 (31)\" width=\"1000\" height=\"667\" class=\"alignleft size-full wp-image-3939\" srcset=\"https:\/\/lumulu.de\/blog\/wp-content\/uploads\/2015\/07\/0050.Bergen.IMG_2052-31.jpg 1000w, https:\/\/lumulu.de\/blog\/wp-content\/uploads\/2015\/07\/0050.Bergen.IMG_2052-31-300x200.jpg 300w\" sizes=\"(max-width: 1000px) 100vw, 1000px\" \/><\/a><\/p>\n<p><a href=\"https:\/\/lumulu.de\/blog\/wp-content\/uploads\/2015\/07\/0050.Bergen.IMG_2052-34.jpg\"><img decoding=\"async\" src=\"https:\/\/lumulu.de\/blog\/wp-content\/uploads\/2015\/07\/0050.Bergen.IMG_2052-34.jpg\" alt=\"0050.Bergen.IMG_2052 (34)\" width=\"1000\" height=\"667\" class=\"alignleft size-full wp-image-3940\" srcset=\"https:\/\/lumulu.de\/blog\/wp-content\/uploads\/2015\/07\/0050.Bergen.IMG_2052-34.jpg 1000w, https:\/\/lumulu.de\/blog\/wp-content\/uploads\/2015\/07\/0050.Bergen.IMG_2052-34-300x200.jpg 300w\" sizes=\"(max-width: 1000px) 100vw, 1000px\" \/><\/a><\/p>\n<p><a href=\"https:\/\/lumulu.de\/blog\/wp-content\/uploads\/2015\/07\/0050.Bergen.IMG_2052-39.jpg\"><img decoding=\"async\" src=\"https:\/\/lumulu.de\/blog\/wp-content\/uploads\/2015\/07\/0050.Bergen.IMG_2052-39.jpg\" alt=\"0050.Bergen.IMG_2052 (39)\" width=\"1000\" height=\"667\" class=\"alignleft size-full wp-image-3941\" srcset=\"https:\/\/lumulu.de\/blog\/wp-content\/uploads\/2015\/07\/0050.Bergen.IMG_2052-39.jpg 1000w, https:\/\/lumulu.de\/blog\/wp-content\/uploads\/2015\/07\/0050.Bergen.IMG_2052-39-300x200.jpg 300w\" sizes=\"(max-width: 1000px) 100vw, 1000px\" \/><\/a><\/p>\n<p><a href=\"https:\/\/lumulu.de\/blog\/wp-content\/uploads\/2015\/07\/0050.Bergen.IMG_2052-42.jpg\"><img decoding=\"async\" src=\"https:\/\/lumulu.de\/blog\/wp-content\/uploads\/2015\/07\/0050.Bergen.IMG_2052-42.jpg\" alt=\"0050.Bergen.IMG_2052 (42)\" width=\"1000\" height=\"667\" class=\"alignleft size-full wp-image-3942\" srcset=\"https:\/\/lumulu.de\/blog\/wp-content\/uploads\/2015\/07\/0050.Bergen.IMG_2052-42.jpg 1000w, https:\/\/lumulu.de\/blog\/wp-content\/uploads\/2015\/07\/0050.Bergen.IMG_2052-42-300x200.jpg 300w\" sizes=\"(max-width: 1000px) 100vw, 1000px\" \/><\/a><\/p>\n<p><a href=\"https:\/\/lumulu.de\/blog\/wp-content\/uploads\/2015\/07\/0050.Bergen.IMG_2052-57.jpg\"><img decoding=\"async\" src=\"https:\/\/lumulu.de\/blog\/wp-content\/uploads\/2015\/07\/0050.Bergen.IMG_2052-57.jpg\" alt=\"0050.Bergen.IMG_2052 (57)\" width=\"1000\" height=\"667\" class=\"alignleft size-full wp-image-3943\" srcset=\"https:\/\/lumulu.de\/blog\/wp-content\/uploads\/2015\/07\/0050.Bergen.IMG_2052-57.jpg 1000w, https:\/\/lumulu.de\/blog\/wp-content\/uploads\/2015\/07\/0050.Bergen.IMG_2052-57-300x200.jpg 300w\" sizes=\"(max-width: 1000px) 100vw, 1000px\" \/><\/a><\/p>\n<p>Bei einem Bummel \u00fcber den Markt wurde uns nicht nur Fisch in allen Variationen angeboten, sondern auch Wurst: Spezialit\u00e4t Elchwurst, Rentierwurst und, man h\u00f6re und staune, Walwurst. Elch- und Walwurst schmeckten ein wenig, wie soll ich sagen, intensiv, die Rentierwurst ist fein.<\/p>\n<p><a href=\"https:\/\/lumulu.de\/blog\/wp-content\/uploads\/2015\/07\/0050.Bergen.IMG_2052-44.jpg\"><img decoding=\"async\" src=\"https:\/\/lumulu.de\/blog\/wp-content\/uploads\/2015\/07\/0050.Bergen.IMG_2052-44.jpg\" alt=\"0050.Bergen.IMG_2052 (44)\" width=\"1000\" height=\"667\" class=\"alignleft size-full wp-image-3945\" srcset=\"https:\/\/lumulu.de\/blog\/wp-content\/uploads\/2015\/07\/0050.Bergen.IMG_2052-44.jpg 1000w, https:\/\/lumulu.de\/blog\/wp-content\/uploads\/2015\/07\/0050.Bergen.IMG_2052-44-300x200.jpg 300w\" sizes=\"(max-width: 1000px) 100vw, 1000px\" \/><\/a><\/p>\n<p><a href=\"https:\/\/lumulu.de\/blog\/wp-content\/uploads\/2015\/07\/0050.Bergen.IMG_2052-45.jpg\"><img decoding=\"async\" src=\"https:\/\/lumulu.de\/blog\/wp-content\/uploads\/2015\/07\/0050.Bergen.IMG_2052-45.jpg\" alt=\"0050.Bergen.IMG_2052 (45)\" width=\"1000\" height=\"667\" class=\"alignleft size-full wp-image-3946\" srcset=\"https:\/\/lumulu.de\/blog\/wp-content\/uploads\/2015\/07\/0050.Bergen.IMG_2052-45.jpg 1000w, https:\/\/lumulu.de\/blog\/wp-content\/uploads\/2015\/07\/0050.Bergen.IMG_2052-45-300x200.jpg 300w\" sizes=\"(max-width: 1000px) 100vw, 1000px\" \/><\/a><\/p>\n<p>Den moderneren Teil von Bergen haben wir nur \u201egestreift\u201c, aber dennoch f\u00fcr euch ein Foto &#8211; ja, ihr bekommt ein Foto!<\/p>\n<p><a href=\"https:\/\/lumulu.de\/blog\/wp-content\/uploads\/2015\/07\/0050.Bergen.IMG_2052-50.jpg\"><img decoding=\"async\" src=\"https:\/\/lumulu.de\/blog\/wp-content\/uploads\/2015\/07\/0050.Bergen.IMG_2052-50.jpg\" alt=\"0050.Bergen.IMG_2052 (50)\" width=\"1000\" height=\"667\" class=\"alignleft size-full wp-image-3947\" srcset=\"https:\/\/lumulu.de\/blog\/wp-content\/uploads\/2015\/07\/0050.Bergen.IMG_2052-50.jpg 1000w, https:\/\/lumulu.de\/blog\/wp-content\/uploads\/2015\/07\/0050.Bergen.IMG_2052-50-300x200.jpg 300w\" sizes=\"(max-width: 1000px) 100vw, 1000px\" \/><\/a><\/p>\n<p>Oftmals sehen wir bei unserer Fahrt durch die Fjorde Fischzucht-Stationen. Und hier wollen wir euch mal zwei Fotos davon zeigen \u2013 und dann gleich mal, was wir, beispielsweise, aus dem Ergebnis machen.<\/p>\n<p><a href=\"https:\/\/lumulu.de\/blog\/wp-content\/uploads\/2015\/07\/0051.Uw_.-von-Hoysater-64-nach-Odda-am-Eidfjord.IMG_0001.jpg\"><img decoding=\"async\" src=\"https:\/\/lumulu.de\/blog\/wp-content\/uploads\/2015\/07\/0051.Uw_.-von-Hoysater-64-nach-Odda-am-Eidfjord.IMG_0001.jpg\" alt=\"0051.Uw. von Hoysater (64) nach Odda am Eidfjord.IMG_0001\" width=\"1000\" height=\"750\" class=\"alignleft size-full wp-image-3948\" srcset=\"https:\/\/lumulu.de\/blog\/wp-content\/uploads\/2015\/07\/0051.Uw_.-von-Hoysater-64-nach-Odda-am-Eidfjord.IMG_0001.jpg 1000w, https:\/\/lumulu.de\/blog\/wp-content\/uploads\/2015\/07\/0051.Uw_.-von-Hoysater-64-nach-Odda-am-Eidfjord.IMG_0001-300x225.jpg 300w\" sizes=\"(max-width: 1000px) 100vw, 1000px\" \/><\/a><\/p>\n<p><a href=\"https:\/\/lumulu.de\/blog\/wp-content\/uploads\/2015\/07\/0051.Uw_.-von-Hoysater-73-nach-Odda-am-Eidfjord.IMG_0001.jpg\"><img decoding=\"async\" src=\"https:\/\/lumulu.de\/blog\/wp-content\/uploads\/2015\/07\/0051.Uw_.-von-Hoysater-73-nach-Odda-am-Eidfjord.IMG_0001.jpg\" alt=\"0051.Uw. von Hoysater (73) nach Odda am Eidfjord.IMG_0001\" width=\"1000\" height=\"750\" class=\"alignleft size-full wp-image-3949\" srcset=\"https:\/\/lumulu.de\/blog\/wp-content\/uploads\/2015\/07\/0051.Uw_.-von-Hoysater-73-nach-Odda-am-Eidfjord.IMG_0001.jpg 1000w, https:\/\/lumulu.de\/blog\/wp-content\/uploads\/2015\/07\/0051.Uw_.-von-Hoysater-73-nach-Odda-am-Eidfjord.IMG_0001-300x225.jpg 300w\" sizes=\"(max-width: 1000px) 100vw, 1000px\" \/><\/a><\/p>\n<p><a href=\"https:\/\/lumulu.de\/blog\/wp-content\/uploads\/2015\/07\/0052b.CP-am-Preikestolen-unser-Abendessen..IMG_0028-4.jpg\"><img decoding=\"async\" src=\"https:\/\/lumulu.de\/blog\/wp-content\/uploads\/2015\/07\/0052b.CP-am-Preikestolen-unser-Abendessen..IMG_0028-4.jpg\" alt=\"0052b.CP am Preikestolen unser Abendessen..IMG_0028 (4)\" width=\"1000\" height=\"750\" class=\"alignleft size-full wp-image-3950\" srcset=\"https:\/\/lumulu.de\/blog\/wp-content\/uploads\/2015\/07\/0052b.CP-am-Preikestolen-unser-Abendessen..IMG_0028-4.jpg 1000w, https:\/\/lumulu.de\/blog\/wp-content\/uploads\/2015\/07\/0052b.CP-am-Preikestolen-unser-Abendessen..IMG_0028-4-300x225.jpg 300w\" sizes=\"(max-width: 1000px) 100vw, 1000px\" \/><\/a><\/p>\n<p>Die vielen weiteren Wasserf\u00e4lle, die uns auf diesen Fahrten begegnen, m\u00f6chten wir euch, obwohl immer wieder beeindruckend, ersparen, nicht dass Langeweile aufkommt! Na gut, bis auf Einen! Da m\u00fcsst ihr nochmal durch. Den ganz besonders zu erw\u00e4hnenden Zwillingswasserfall Latefoss, der aufgrund der zurzeit \u00fcppigen Wassermengen ganz besonders wild ist und dessen Fotos unweigerlich hier in unseren Blog geh\u00f6ren!  Die Gischt dieses, durch einen Felsvorsprung in zwei geteilten, den Berg hinabst\u00fcrzenden Wasserf\u00e4lle, ist so stark, dass wir uns nur mit Regenbekleidung n\u00e4hern k\u00f6nnen und die Linse der Kamera leider sofort \u201etropft\u201c. Die auf dem Foto erkennbare Br\u00fccke muss im Anschluss von uns \u00fcberquert werden! Eine Autow\u00e4sche gratis!<\/p>\n<p><a href=\"https:\/\/lumulu.de\/blog\/wp-content\/uploads\/2015\/07\/0051bb.Latefoss-nach-Odda.IMG_2067-4.jpg\"><img decoding=\"async\" src=\"https:\/\/lumulu.de\/blog\/wp-content\/uploads\/2015\/07\/0051bb.Latefoss-nach-Odda.IMG_2067-4.jpg\" alt=\"0051bb.Latefoss nach Odda.IMG_2067 (4)\" width=\"1000\" height=\"667\" class=\"alignleft size-full wp-image-3951\" srcset=\"https:\/\/lumulu.de\/blog\/wp-content\/uploads\/2015\/07\/0051bb.Latefoss-nach-Odda.IMG_2067-4.jpg 1000w, https:\/\/lumulu.de\/blog\/wp-content\/uploads\/2015\/07\/0051bb.Latefoss-nach-Odda.IMG_2067-4-300x200.jpg 300w\" sizes=\"(max-width: 1000px) 100vw, 1000px\" \/><\/a><\/p>\n<p><a href=\"https:\/\/lumulu.de\/blog\/wp-content\/uploads\/2015\/07\/0051bb.Latefoss-nach-Odda.IMG_2067-5.jpg\"><img decoding=\"async\" src=\"https:\/\/lumulu.de\/blog\/wp-content\/uploads\/2015\/07\/0051bb.Latefoss-nach-Odda.IMG_2067-5.jpg\" alt=\"0051bb.Latefoss nach Odda.IMG_2067 (5)\" width=\"1000\" height=\"667\" class=\"alignleft size-full wp-image-3952\" srcset=\"https:\/\/lumulu.de\/blog\/wp-content\/uploads\/2015\/07\/0051bb.Latefoss-nach-Odda.IMG_2067-5.jpg 1000w, https:\/\/lumulu.de\/blog\/wp-content\/uploads\/2015\/07\/0051bb.Latefoss-nach-Odda.IMG_2067-5-300x200.jpg 300w\" sizes=\"(max-width: 1000px) 100vw, 1000px\" \/><\/a><\/p>\n<p>Unterwegs zu unserem n\u00e4chsten Ziel, dem ber\u00fchmten, massiv im Lysefjord stehenden Felsen Preikestolen haben wir wiederum die als \u201abesonders sch\u00f6n\u2018 markierten Stra\u00dfen gew\u00e4hlt &#8211; und kommen somit immer wieder \u00fcber P\u00e4sse \u2013 und immer wieder von 0 m auf 1000 m oder dr\u00fcber. Und unweigerlich und \u00fcberraschend landen wir auch immer wieder in Schnee und Eis! Faszinierend!<\/p>\n<p><a href=\"https:\/\/lumulu.de\/blog\/wp-content\/uploads\/2015\/07\/0051.Uw_.-von-Hoysater-81-nach-Odda-am-Eidfjord.IMG_0001.jpg\"><img decoding=\"async\" src=\"https:\/\/lumulu.de\/blog\/wp-content\/uploads\/2015\/07\/0051.Uw_.-von-Hoysater-81-nach-Odda-am-Eidfjord.IMG_0001.jpg\" alt=\"0051.Uw. von Hoysater (81) nach Odda am Eidfjord.IMG_0001\" width=\"1000\" height=\"750\" class=\"alignleft size-full wp-image-3954\" srcset=\"https:\/\/lumulu.de\/blog\/wp-content\/uploads\/2015\/07\/0051.Uw_.-von-Hoysater-81-nach-Odda-am-Eidfjord.IMG_0001.jpg 1000w, https:\/\/lumulu.de\/blog\/wp-content\/uploads\/2015\/07\/0051.Uw_.-von-Hoysater-81-nach-Odda-am-Eidfjord.IMG_0001-300x225.jpg 300w\" sizes=\"(max-width: 1000px) 100vw, 1000px\" \/><\/a><\/p>\n<p><a href=\"https:\/\/lumulu.de\/blog\/wp-content\/uploads\/2015\/07\/0051a.-Odda-am-Eidfjord.IMG_0051-3.jpg\"><img decoding=\"async\" src=\"https:\/\/lumulu.de\/blog\/wp-content\/uploads\/2015\/07\/0051a.-Odda-am-Eidfjord.IMG_0051-3.jpg\" alt=\"0051a. Odda am Eidfjord.IMG_0051 (3)\" width=\"1000\" height=\"750\" class=\"alignleft size-full wp-image-3955\" srcset=\"https:\/\/lumulu.de\/blog\/wp-content\/uploads\/2015\/07\/0051a.-Odda-am-Eidfjord.IMG_0051-3.jpg 1000w, https:\/\/lumulu.de\/blog\/wp-content\/uploads\/2015\/07\/0051a.-Odda-am-Eidfjord.IMG_0051-3-300x225.jpg 300w\" sizes=\"(max-width: 1000px) 100vw, 1000px\" \/><\/a><\/p>\n<p><a href=\"https:\/\/lumulu.de\/blog\/wp-content\/uploads\/2015\/07\/0051c.Suldalsvatn-an-der-Nr.13.IMG_0062-7.jpg\"><img decoding=\"async\" src=\"https:\/\/lumulu.de\/blog\/wp-content\/uploads\/2015\/07\/0051c.Suldalsvatn-an-der-Nr.13.IMG_0062-7.jpg\" alt=\"0051c.Suldalsvatn an der Nr.13.IMG_0062 (7)\" width=\"1000\" height=\"750\" class=\"alignleft size-full wp-image-3956\" srcset=\"https:\/\/lumulu.de\/blog\/wp-content\/uploads\/2015\/07\/0051c.Suldalsvatn-an-der-Nr.13.IMG_0062-7.jpg 1000w, https:\/\/lumulu.de\/blog\/wp-content\/uploads\/2015\/07\/0051c.Suldalsvatn-an-der-Nr.13.IMG_0062-7-300x225.jpg 300w\" sizes=\"(max-width: 1000px) 100vw, 1000px\" \/><\/a><\/p>\n<p><a href=\"https:\/\/lumulu.de\/blog\/wp-content\/uploads\/2015\/07\/0051c.Suldalsvatn-an-der-Nr.13.IMG_0062-24.jpg\"><img decoding=\"async\" src=\"https:\/\/lumulu.de\/blog\/wp-content\/uploads\/2015\/07\/0051c.Suldalsvatn-an-der-Nr.13.IMG_0062-24.jpg\" alt=\"0051c.Suldalsvatn an der Nr.13.IMG_0062 (24)\" width=\"1000\" height=\"750\" class=\"alignleft size-full wp-image-3957\" srcset=\"https:\/\/lumulu.de\/blog\/wp-content\/uploads\/2015\/07\/0051c.Suldalsvatn-an-der-Nr.13.IMG_0062-24.jpg 1000w, https:\/\/lumulu.de\/blog\/wp-content\/uploads\/2015\/07\/0051c.Suldalsvatn-an-der-Nr.13.IMG_0062-24-300x225.jpg 300w\" sizes=\"(max-width: 1000px) 100vw, 1000px\" \/><\/a><\/p>\n<p><a href=\"https:\/\/lumulu.de\/blog\/wp-content\/uploads\/2015\/07\/0051c.Suldalsvatn-an-der-Nr.13.IMG_0062-30.jpg\"><img decoding=\"async\" src=\"https:\/\/lumulu.de\/blog\/wp-content\/uploads\/2015\/07\/0051c.Suldalsvatn-an-der-Nr.13.IMG_0062-30.jpg\" alt=\"0051c.Suldalsvatn an der Nr.13.IMG_0062 (30)\" width=\"1000\" height=\"750\" class=\"alignleft size-full wp-image-3958\" srcset=\"https:\/\/lumulu.de\/blog\/wp-content\/uploads\/2015\/07\/0051c.Suldalsvatn-an-der-Nr.13.IMG_0062-30.jpg 1000w, https:\/\/lumulu.de\/blog\/wp-content\/uploads\/2015\/07\/0051c.Suldalsvatn-an-der-Nr.13.IMG_0062-30-300x225.jpg 300w\" sizes=\"(max-width: 1000px) 100vw, 1000px\" \/><\/a><\/p>\n<p><a href=\"https:\/\/lumulu.de\/blog\/wp-content\/uploads\/2015\/07\/0051c.Suldalsvatn-an-der-Nr.13.IMG_2075-3.jpg\"><img decoding=\"async\" src=\"https:\/\/lumulu.de\/blog\/wp-content\/uploads\/2015\/07\/0051c.Suldalsvatn-an-der-Nr.13.IMG_2075-3.jpg\" alt=\"0051c.Suldalsvatn an der Nr.13.IMG_2075 (3)\" width=\"1000\" height=\"667\" class=\"alignleft size-full wp-image-3959\" srcset=\"https:\/\/lumulu.de\/blog\/wp-content\/uploads\/2015\/07\/0051c.Suldalsvatn-an-der-Nr.13.IMG_2075-3.jpg 1000w, https:\/\/lumulu.de\/blog\/wp-content\/uploads\/2015\/07\/0051c.Suldalsvatn-an-der-Nr.13.IMG_2075-3-300x200.jpg 300w\" sizes=\"(max-width: 1000px) 100vw, 1000px\" \/><\/a><\/p>\n<p>Ein tolles Bild haben wir \u00fcbrigens Pauls Intuition zu verdanken. Wir fahren so gedankenverloren an einem Fjord entlang, Paul f\u00e4hrt, ich halte die Kamera gez\u00fcckt, als er pl\u00f6tzlich ruft: diese kleine Insel dort unten haben wir vor neun Jahren fotografiert und das Bild ist in unserem Reisef\u00fchrer drin! Sofort leiere ich das Fenster runter, er bremst ab, ich halte drauf und ergattere das nachfolgende Foto, welches alle, die unseren Nordlandreisef\u00fchrer zu Hause haben, mal vergleichen k\u00f6nnen! Tats\u00e4chlich, genau diese kleine Insel mit dem bezaubernden Holzh\u00e4uschen mitten im Fjord haben wir damals auch fotografiert!! <\/p>\n<p><a href=\"https:\/\/lumulu.de\/blog\/wp-content\/uploads\/2015\/07\/0052.Uw_.von-Ropold-nach-Jorpeland.Nr_.13.IMG_0020-6.jpg\"><img decoding=\"async\" src=\"https:\/\/lumulu.de\/blog\/wp-content\/uploads\/2015\/07\/0052.Uw_.von-Ropold-nach-Jorpeland.Nr_.13.IMG_0020-6.jpg\" alt=\"0052.Uw.von Ropold nach Jorpeland.Nr.13.IMG_0020 (6)\" width=\"1000\" height=\"750\" class=\"alignleft size-full wp-image-3960\" srcset=\"https:\/\/lumulu.de\/blog\/wp-content\/uploads\/2015\/07\/0052.Uw_.von-Ropold-nach-Jorpeland.Nr_.13.IMG_0020-6.jpg 1000w, https:\/\/lumulu.de\/blog\/wp-content\/uploads\/2015\/07\/0052.Uw_.von-Ropold-nach-Jorpeland.Nr_.13.IMG_0020-6-300x225.jpg 300w\" sizes=\"(max-width: 1000px) 100vw, 1000px\" \/><\/a><\/p>\n<p>Vor der Besteigung des Preikestolen machen wir mal wieder Halt auf einem, \u00fcbrigens sehr sch\u00f6nen weil \u201aungeordneten\u2018 Campingplatz. Will hei\u00dfen, man kann sich hinstellen wie man mag. Zelte, Wohnmobile, Wohnwagen und Klein-Busse (ganz neue P\u00f6ssl zum Beispiel oder auch uralte, romantische VW-Busse), sogar ein \u201eW\u00fcsten-Fahrzeug\u201c (so haben wir es wegen seiner riesigen, hochstehenden Reifen genannt), stehen kreuz und quer auf einer gro\u00dfen, mit B\u00e4umen gespickten Wiese, am Rand schl\u00e4ngelt sich ein Bach entlang, an dem Kinder angeln. Herrlich! Hier f\u00fcllen wir mal wieder unsere Vorr\u00e4te auf und machen ein wenig Pause (es waren mindestens zwei Stunden, Paul behauptet, es war sogar mehr!).<br \/>\nAm n\u00e4chsten Morgen starten wir bei gutem Wetter voller Vorfreude auf den Preikestolen! Der 600 m senkrecht aus dem Fjord aufsteigende Fels wird auch \u201e Die Felskanzel Preikestolen\u201c, oder w\u00f6rtlich \u00fcbersetzt \u201aPredigtstuhl\u2018 genannt und von zwei unterschiedlichen Organisationen zum \u201asch\u00f6nsten Aussichtspunkt der Welt\u2018 gek\u00fcrt.<br \/>\nWir wissen, dass es extra einen geb\u00fchrenpflichtigen Parkplatz gibt. Was wir nicht wissen ist, wie gro\u00df dieser inzwischen ist. Hunderte PKW\u2019s und bestimmt 200 Wohnmobile  sind schon vor uns da \u2026 Wir ahnten ja sowas schon, denn gestern erz\u00e4hlte eine junge Frau, die schon oben war, dass sie ganz sicher sei, dass mehr Menschen auf dem Preikestolen als auf dem Machu Picchu waren.<br \/>\nJa, es begleiten uns Massen von Menschen zu diesem sch\u00f6nsten Aussichtspunkt, was sehr schade ist, denn wir nahmen diesen wirklich au\u00dfergew\u00f6hnlich sch\u00f6nen, abwechslungsreichen, ca. 2-st\u00fcndigen Weg zur Aussichtsplattform gar nicht richtig wahr, weil wir zum einen damit besch\u00e4ftigt sind, die langsameren Wanderer zu \u00fcberholen und zum anderen aufpassen m\u00fcssen, dass wir mit den Schnelleren nicht kollidieren. An den steileren Stellen kommt es regelrecht zu Staus und so macht der Aufstieg nicht den Spa\u00df, den man dabei haben k\u00f6nnte, bzw. den wir vor Jahren hatten. Hier mal ein paar Fotos, beginnen tun wir mit einem Foto von der auf einem Informationsschild beschriebenen Tour.<\/p>\n<p><a href=\"https:\/\/lumulu.de\/blog\/wp-content\/uploads\/2015\/07\/0053.PreikestolenIMG_0083-1.jpg\"><img decoding=\"async\" src=\"https:\/\/lumulu.de\/blog\/wp-content\/uploads\/2015\/07\/0053.PreikestolenIMG_0083-1.jpg\" alt=\"0053.PreikestolenIMG_0083 (1)\" width=\"1000\" height=\"750\" class=\"alignleft size-full wp-image-3961\" srcset=\"https:\/\/lumulu.de\/blog\/wp-content\/uploads\/2015\/07\/0053.PreikestolenIMG_0083-1.jpg 1000w, https:\/\/lumulu.de\/blog\/wp-content\/uploads\/2015\/07\/0053.PreikestolenIMG_0083-1-300x225.jpg 300w\" sizes=\"(max-width: 1000px) 100vw, 1000px\" \/><\/a><\/p>\n<p><a href=\"https:\/\/lumulu.de\/blog\/wp-content\/uploads\/2015\/07\/0053.PreikestolenIMG_0083-11.jpg\"><img decoding=\"async\" src=\"https:\/\/lumulu.de\/blog\/wp-content\/uploads\/2015\/07\/0053.PreikestolenIMG_0083-11.jpg\" alt=\"0053.PreikestolenIMG_0083 (11)\" width=\"1000\" height=\"750\" class=\"alignleft size-full wp-image-3962\" srcset=\"https:\/\/lumulu.de\/blog\/wp-content\/uploads\/2015\/07\/0053.PreikestolenIMG_0083-11.jpg 1000w, https:\/\/lumulu.de\/blog\/wp-content\/uploads\/2015\/07\/0053.PreikestolenIMG_0083-11-300x225.jpg 300w\" sizes=\"(max-width: 1000px) 100vw, 1000px\" \/><\/a><\/p>\n<p><a href=\"https:\/\/lumulu.de\/blog\/wp-content\/uploads\/2015\/07\/0053.PreikestolenIMG_0083-20.jpg\"><img decoding=\"async\" src=\"https:\/\/lumulu.de\/blog\/wp-content\/uploads\/2015\/07\/0053.PreikestolenIMG_0083-20.jpg\" alt=\"0053.PreikestolenIMG_0083 (20)\" width=\"1000\" height=\"750\" class=\"alignleft size-full wp-image-3963\" srcset=\"https:\/\/lumulu.de\/blog\/wp-content\/uploads\/2015\/07\/0053.PreikestolenIMG_0083-20.jpg 1000w, https:\/\/lumulu.de\/blog\/wp-content\/uploads\/2015\/07\/0053.PreikestolenIMG_0083-20-300x225.jpg 300w\" sizes=\"(max-width: 1000px) 100vw, 1000px\" \/><\/a><\/p>\n<p><a href=\"https:\/\/lumulu.de\/blog\/wp-content\/uploads\/2015\/07\/0053.PreikestolenIMG_0083-33.jpg\"><img decoding=\"async\" src=\"https:\/\/lumulu.de\/blog\/wp-content\/uploads\/2015\/07\/0053.PreikestolenIMG_0083-33.jpg\" alt=\"0053.PreikestolenIMG_0083 (33)\" width=\"1000\" height=\"750\" class=\"alignleft size-full wp-image-3964\" srcset=\"https:\/\/lumulu.de\/blog\/wp-content\/uploads\/2015\/07\/0053.PreikestolenIMG_0083-33.jpg 1000w, https:\/\/lumulu.de\/blog\/wp-content\/uploads\/2015\/07\/0053.PreikestolenIMG_0083-33-300x225.jpg 300w\" sizes=\"(max-width: 1000px) 100vw, 1000px\" \/><\/a><\/p>\n<p><a href=\"https:\/\/lumulu.de\/blog\/wp-content\/uploads\/2015\/07\/0053.PreikestolenIMG_0083-62.jpg\"><img decoding=\"async\" src=\"https:\/\/lumulu.de\/blog\/wp-content\/uploads\/2015\/07\/0053.PreikestolenIMG_0083-62.jpg\" alt=\"0053.PreikestolenIMG_0083 (62)\" width=\"1000\" height=\"750\" class=\"alignleft size-full wp-image-3965\" srcset=\"https:\/\/lumulu.de\/blog\/wp-content\/uploads\/2015\/07\/0053.PreikestolenIMG_0083-62.jpg 1000w, https:\/\/lumulu.de\/blog\/wp-content\/uploads\/2015\/07\/0053.PreikestolenIMG_0083-62-300x225.jpg 300w\" sizes=\"(max-width: 1000px) 100vw, 1000px\" \/><\/a><\/p>\n<p><a href=\"https:\/\/lumulu.de\/blog\/wp-content\/uploads\/2015\/07\/0053.PreikestolenIMG_0083-71.jpg\"><img decoding=\"async\" src=\"https:\/\/lumulu.de\/blog\/wp-content\/uploads\/2015\/07\/0053.PreikestolenIMG_0083-71.jpg\" alt=\"0053.PreikestolenIMG_0083 (71)\" width=\"1000\" height=\"750\" class=\"alignleft size-full wp-image-3966\" srcset=\"https:\/\/lumulu.de\/blog\/wp-content\/uploads\/2015\/07\/0053.PreikestolenIMG_0083-71.jpg 1000w, https:\/\/lumulu.de\/blog\/wp-content\/uploads\/2015\/07\/0053.PreikestolenIMG_0083-71-300x225.jpg 300w\" sizes=\"(max-width: 1000px) 100vw, 1000px\" \/><\/a><\/p>\n<p>Trotz der vielen Menschen verliert dieser Felsen nicht an Faszination. Wir genie\u00dfen das letzte St\u00fcck der Wanderung \u00fcber das Hochplateau in vollen Z\u00fcgen und der Moment, in dem man den Felsen erblickt ist unbeschreiblich. <\/p>\n<p><a href=\"https:\/\/lumulu.de\/blog\/wp-content\/uploads\/2015\/07\/0053.PreikestolenIMG_0083-32.jpg\"><img decoding=\"async\" src=\"https:\/\/lumulu.de\/blog\/wp-content\/uploads\/2015\/07\/0053.PreikestolenIMG_0083-32.jpg\" alt=\"0053.PreikestolenIMG_0083 (32)\" width=\"1000\" height=\"750\" class=\"alignleft size-full wp-image-3967\" srcset=\"https:\/\/lumulu.de\/blog\/wp-content\/uploads\/2015\/07\/0053.PreikestolenIMG_0083-32.jpg 1000w, https:\/\/lumulu.de\/blog\/wp-content\/uploads\/2015\/07\/0053.PreikestolenIMG_0083-32-300x225.jpg 300w\" sizes=\"(max-width: 1000px) 100vw, 1000px\" \/><\/a><\/p>\n<p><a href=\"https:\/\/lumulu.de\/blog\/wp-content\/uploads\/2015\/07\/0053.PreikestolenIMG_0083-39.jpg\"><img decoding=\"async\" src=\"https:\/\/lumulu.de\/blog\/wp-content\/uploads\/2015\/07\/0053.PreikestolenIMG_0083-39.jpg\" alt=\"0053.PreikestolenIMG_0083 (39)\" width=\"1000\" height=\"750\" class=\"alignleft size-full wp-image-3968\" srcset=\"https:\/\/lumulu.de\/blog\/wp-content\/uploads\/2015\/07\/0053.PreikestolenIMG_0083-39.jpg 1000w, https:\/\/lumulu.de\/blog\/wp-content\/uploads\/2015\/07\/0053.PreikestolenIMG_0083-39-300x225.jpg 300w\" sizes=\"(max-width: 1000px) 100vw, 1000px\" \/><\/a><\/p>\n<p><a href=\"https:\/\/lumulu.de\/blog\/wp-content\/uploads\/2015\/07\/0053.PreikestolenIMG_0083-50.jpg\"><img decoding=\"async\" src=\"https:\/\/lumulu.de\/blog\/wp-content\/uploads\/2015\/07\/0053.PreikestolenIMG_0083-50.jpg\" alt=\"0053.PreikestolenIMG_0083 (50)\" width=\"750\" height=\"1000\" class=\"alignleft size-full wp-image-3969\" srcset=\"https:\/\/lumulu.de\/blog\/wp-content\/uploads\/2015\/07\/0053.PreikestolenIMG_0083-50.jpg 750w, https:\/\/lumulu.de\/blog\/wp-content\/uploads\/2015\/07\/0053.PreikestolenIMG_0083-50-225x300.jpg 225w\" sizes=\"(max-width: 750px) 100vw, 750px\" \/><\/a><\/p>\n<p><a href=\"https:\/\/lumulu.de\/blog\/wp-content\/uploads\/2015\/07\/0053.PreikestolenIMG_0083-55.jpg\"><img decoding=\"async\" src=\"https:\/\/lumulu.de\/blog\/wp-content\/uploads\/2015\/07\/0053.PreikestolenIMG_0083-55.jpg\" alt=\"0053.PreikestolenIMG_0083 (55)\" width=\"1000\" height=\"750\" class=\"alignleft size-full wp-image-3970\" srcset=\"https:\/\/lumulu.de\/blog\/wp-content\/uploads\/2015\/07\/0053.PreikestolenIMG_0083-55.jpg 1000w, https:\/\/lumulu.de\/blog\/wp-content\/uploads\/2015\/07\/0053.PreikestolenIMG_0083-55-300x225.jpg 300w\" sizes=\"(max-width: 1000px) 100vw, 1000px\" \/><\/a><\/p>\n<p><a href=\"https:\/\/lumulu.de\/blog\/wp-content\/uploads\/2015\/07\/0053.PreikestolenIMG_0083-59.jpg\"><img decoding=\"async\" src=\"https:\/\/lumulu.de\/blog\/wp-content\/uploads\/2015\/07\/0053.PreikestolenIMG_0083-59.jpg\" alt=\"0053.PreikestolenIMG_0083 (59)\" width=\"1000\" height=\"750\" class=\"alignleft size-full wp-image-3971\" srcset=\"https:\/\/lumulu.de\/blog\/wp-content\/uploads\/2015\/07\/0053.PreikestolenIMG_0083-59.jpg 1000w, https:\/\/lumulu.de\/blog\/wp-content\/uploads\/2015\/07\/0053.PreikestolenIMG_0083-59-300x225.jpg 300w\" sizes=\"(max-width: 1000px) 100vw, 1000px\" \/><\/a><\/p>\n<p><a href=\"https:\/\/lumulu.de\/blog\/wp-content\/uploads\/2015\/07\/0053.PreikestolenIMG_0083-61.jpg\"><img decoding=\"async\" src=\"https:\/\/lumulu.de\/blog\/wp-content\/uploads\/2015\/07\/0053.PreikestolenIMG_0083-61.jpg\" alt=\"0053.PreikestolenIMG_0083 (61)\" width=\"750\" height=\"1000\" class=\"alignleft size-full wp-image-3972\" srcset=\"https:\/\/lumulu.de\/blog\/wp-content\/uploads\/2015\/07\/0053.PreikestolenIMG_0083-61.jpg 750w, https:\/\/lumulu.de\/blog\/wp-content\/uploads\/2015\/07\/0053.PreikestolenIMG_0083-61-225x300.jpg 225w\" sizes=\"(max-width: 750px) 100vw, 750px\" \/><\/a><\/p>\n<p>Und wenn man dann von dort oben in den Fjord hineinschauen kann, da hat sich alles gelohnt, was man vorher daf\u00fcr getan hat. Unz\u00e4hlige Fotos und eine kleine Vesperpause sp\u00e4ter laufen wir auf dem Hochplateau wieder zur\u00fcck, auf dem auch einige der beliebten Steinh\u00e4ufchen gebaut wurden. Wir w\u00fcrden nur zu gerne wissen, wer den untersten Stein dahin gelegt hat \u2026<\/p>\n<p><a href=\"https:\/\/lumulu.de\/blog\/wp-content\/uploads\/2015\/07\/0053.PreikestolenIMG_0083-24.jpg\"><img decoding=\"async\" src=\"https:\/\/lumulu.de\/blog\/wp-content\/uploads\/2015\/07\/0053.PreikestolenIMG_0083-24.jpg\" alt=\"0053.PreikestolenIMG_0083 (24)\" width=\"750\" height=\"1000\" class=\"alignleft size-full wp-image-3974\" srcset=\"https:\/\/lumulu.de\/blog\/wp-content\/uploads\/2015\/07\/0053.PreikestolenIMG_0083-24.jpg 750w, https:\/\/lumulu.de\/blog\/wp-content\/uploads\/2015\/07\/0053.PreikestolenIMG_0083-24-225x300.jpg 225w\" sizes=\"(max-width: 750px) 100vw, 750px\" \/><\/a><\/p>\n<p>\u2026 und m\u00f6chten euch bei dieser Gelegenheit mal unsere eigenen, allabendlichen Steinh\u00e4ufchen in abgewandelter Form zeigen:<\/p>\n<p><a href=\"https:\/\/lumulu.de\/blog\/wp-content\/uploads\/2015\/07\/0053c.Stavanger.IMG_2117-1.jpg\"><img decoding=\"async\" src=\"https:\/\/lumulu.de\/blog\/wp-content\/uploads\/2015\/07\/0053c.Stavanger.IMG_2117-1.jpg\" alt=\"0053c.Stavanger.IMG_2117 (1)\" width=\"1000\" height=\"667\" class=\"alignleft size-full wp-image-3975\" srcset=\"https:\/\/lumulu.de\/blog\/wp-content\/uploads\/2015\/07\/0053c.Stavanger.IMG_2117-1.jpg 1000w, https:\/\/lumulu.de\/blog\/wp-content\/uploads\/2015\/07\/0053c.Stavanger.IMG_2117-1-300x200.jpg 300w\" sizes=\"(max-width: 1000px) 100vw, 1000px\" \/><\/a><\/p>\n<p>Tja, mit einem letzten Blick auf die Sch\u00e4ren machen wir uns an den Abstieg und einem gem\u00fctlichen, st\u00e4rkenden Tee im Wohnmobil. <\/p>\n<p><a href=\"https:\/\/lumulu.de\/blog\/wp-content\/uploads\/2015\/07\/0053.PreikestolenIMG_0083-74.jpg\"><img decoding=\"async\" src=\"https:\/\/lumulu.de\/blog\/wp-content\/uploads\/2015\/07\/0053.PreikestolenIMG_0083-74.jpg\" alt=\"0053.PreikestolenIMG_0083 (74)\" width=\"1000\" height=\"750\" class=\"alignleft size-full wp-image-3973\" srcset=\"https:\/\/lumulu.de\/blog\/wp-content\/uploads\/2015\/07\/0053.PreikestolenIMG_0083-74.jpg 1000w, https:\/\/lumulu.de\/blog\/wp-content\/uploads\/2015\/07\/0053.PreikestolenIMG_0083-74-300x225.jpg 300w\" sizes=\"(max-width: 1000px) 100vw, 1000px\" \/><\/a><\/p>\n<p>Da die Sonne so herrlich scheint entscheiden wir uns, noch am gleichen Abend das K\u00fcstenst\u00e4dtchen Stavanger anzuschauen, das sich als reizendes St\u00e4dtchen entpuppt, nicht so touristisch wie viele andere. Ach h\u00e4tten wir doch noch ein wenig mehr Zeit, w\u00fcrden wir ja noch bleiben, aber, hi, hi, acht Wochen sind einfach zu kurz! \u2026<\/p>\n<p><a href=\"https:\/\/lumulu.de\/blog\/wp-content\/uploads\/2015\/07\/0053c.Stavanger.IMG_2117-4.jpg\"><img decoding=\"async\" src=\"https:\/\/lumulu.de\/blog\/wp-content\/uploads\/2015\/07\/0053c.Stavanger.IMG_2117-4.jpg\" alt=\"0053c.Stavanger.IMG_2117 (4)\" width=\"1000\" height=\"667\" class=\"alignleft size-full wp-image-3976\" srcset=\"https:\/\/lumulu.de\/blog\/wp-content\/uploads\/2015\/07\/0053c.Stavanger.IMG_2117-4.jpg 1000w, https:\/\/lumulu.de\/blog\/wp-content\/uploads\/2015\/07\/0053c.Stavanger.IMG_2117-4-300x200.jpg 300w\" sizes=\"(max-width: 1000px) 100vw, 1000px\" \/><\/a><\/p>\n<p><a href=\"https:\/\/lumulu.de\/blog\/wp-content\/uploads\/2015\/07\/0053c.Stavanger.IMG_2117-7.jpg\"><img decoding=\"async\" src=\"https:\/\/lumulu.de\/blog\/wp-content\/uploads\/2015\/07\/0053c.Stavanger.IMG_2117-7.jpg\" alt=\"0053c.Stavanger.IMG_2117 (7)\" width=\"1000\" height=\"667\" class=\"alignleft size-full wp-image-3977\" srcset=\"https:\/\/lumulu.de\/blog\/wp-content\/uploads\/2015\/07\/0053c.Stavanger.IMG_2117-7.jpg 1000w, https:\/\/lumulu.de\/blog\/wp-content\/uploads\/2015\/07\/0053c.Stavanger.IMG_2117-7-300x200.jpg 300w\" sizes=\"(max-width: 1000px) 100vw, 1000px\" \/><\/a><\/p>\n<p><a href=\"https:\/\/lumulu.de\/blog\/wp-content\/uploads\/2015\/07\/0053c.Stavanger.IMG_2117-10.jpg\"><img decoding=\"async\" src=\"https:\/\/lumulu.de\/blog\/wp-content\/uploads\/2015\/07\/0053c.Stavanger.IMG_2117-10.jpg\" alt=\"0053c.Stavanger.IMG_2117 (10)\" width=\"1000\" height=\"667\" class=\"alignleft size-full wp-image-3978\" srcset=\"https:\/\/lumulu.de\/blog\/wp-content\/uploads\/2015\/07\/0053c.Stavanger.IMG_2117-10.jpg 1000w, https:\/\/lumulu.de\/blog\/wp-content\/uploads\/2015\/07\/0053c.Stavanger.IMG_2117-10-300x200.jpg 300w\" sizes=\"(max-width: 1000px) 100vw, 1000px\" \/><\/a><\/p>\n<p><a href=\"https:\/\/lumulu.de\/blog\/wp-content\/uploads\/2015\/07\/0053c.Stavanger.IMG_2117-21.jpg\"><img decoding=\"async\" src=\"https:\/\/lumulu.de\/blog\/wp-content\/uploads\/2015\/07\/0053c.Stavanger.IMG_2117-21.jpg\" alt=\"0053c.Stavanger.IMG_2117 (21)\" width=\"1000\" height=\"667\" class=\"alignleft size-full wp-image-3979\" srcset=\"https:\/\/lumulu.de\/blog\/wp-content\/uploads\/2015\/07\/0053c.Stavanger.IMG_2117-21.jpg 1000w, https:\/\/lumulu.de\/blog\/wp-content\/uploads\/2015\/07\/0053c.Stavanger.IMG_2117-21-300x200.jpg 300w\" sizes=\"(max-width: 1000px) 100vw, 1000px\" \/><\/a><\/p>\n<p><a href=\"https:\/\/lumulu.de\/blog\/wp-content\/uploads\/2015\/07\/0053c.Stavanger.IMG_2117-37.jpg\"><img decoding=\"async\" src=\"https:\/\/lumulu.de\/blog\/wp-content\/uploads\/2015\/07\/0053c.Stavanger.IMG_2117-37.jpg\" alt=\"0053c.Stavanger.IMG_2117 (37)\" width=\"1000\" height=\"667\" class=\"alignleft size-full wp-image-3980\" srcset=\"https:\/\/lumulu.de\/blog\/wp-content\/uploads\/2015\/07\/0053c.Stavanger.IMG_2117-37.jpg 1000w, https:\/\/lumulu.de\/blog\/wp-content\/uploads\/2015\/07\/0053c.Stavanger.IMG_2117-37-300x200.jpg 300w\" sizes=\"(max-width: 1000px) 100vw, 1000px\" \/><\/a><\/p>\n<p>Der n\u00e4chste Tag ist leider von Regen bestimmt. Wir m\u00fcssen ja sagen, gl\u00fccklicherweise hatten wir sehr wenig komplette Regentage, aber dieser war einer. So fuhren wir gem\u00fctlich mit Tee- und Schlafpausen in Richtung Kap Lindesness, wo uns, neben einem idyllischen Campingplatz mit Mini-Fischerhafen, der \u00e4lteste Leuchtturm Norwegens erwartet. Da wir trotz des wechselhaften Wetters bislang immer das Gl\u00fcck hatten, unsere Wanderungen bei sehr gutem Wetter gemacht zu haben und noch keine Wanderung im Regen, entschieden wir am n\u00e4chsten Morgen, dass es jetzt doch mal an der Zeit w\u00e4re und machen uns trotz Nieselregen zu Fu\u00df auf den Weg zum Leuchtturm, dem s\u00fcdlichsten Festlandpunkt Norwegens. Die Tour war ausgesprochen abwechslungsreich, durch Wald, an einem idyllischen See vorbei, \u00fcber eine durch den Regen \u201equietsche-nasse\u201c Sumpflandschaft, vorbei an einzelnen H\u00e4usern. Zum Schluss stellte sich heraus, dass es doch 9,5 km waren \u2013 dank Pauls GPS-Ger\u00e4t wussten wir, dass wir damit wieder eine gute Trainingseinheit gemacht haben.<\/p>\n<p><a href=\"https:\/\/lumulu.de\/blog\/wp-content\/uploads\/2015\/07\/0055.Lindesnes-Wanderung-z.Leuchtturm.IMG_0001-2.jpg\"><img decoding=\"async\" src=\"https:\/\/lumulu.de\/blog\/wp-content\/uploads\/2015\/07\/0055.Lindesnes-Wanderung-z.Leuchtturm.IMG_0001-2.jpg\" alt=\"0055.Lindesnes Wanderung z.Leuchtturm.IMG_0001 (2)\" width=\"1000\" height=\"750\" class=\"alignleft size-full wp-image-3981\" srcset=\"https:\/\/lumulu.de\/blog\/wp-content\/uploads\/2015\/07\/0055.Lindesnes-Wanderung-z.Leuchtturm.IMG_0001-2.jpg 1000w, https:\/\/lumulu.de\/blog\/wp-content\/uploads\/2015\/07\/0055.Lindesnes-Wanderung-z.Leuchtturm.IMG_0001-2-300x225.jpg 300w\" sizes=\"(max-width: 1000px) 100vw, 1000px\" \/><\/a><\/p>\n<p><a href=\"https:\/\/lumulu.de\/blog\/wp-content\/uploads\/2015\/07\/0055.Lindesnes-Wanderung-z.Leuchtturm.IMG_0001-4.jpg\"><img decoding=\"async\" src=\"https:\/\/lumulu.de\/blog\/wp-content\/uploads\/2015\/07\/0055.Lindesnes-Wanderung-z.Leuchtturm.IMG_0001-4.jpg\" alt=\"0055.Lindesnes Wanderung z.Leuchtturm.IMG_0001 (4)\" width=\"1000\" height=\"750\" class=\"alignleft size-full wp-image-3982\" srcset=\"https:\/\/lumulu.de\/blog\/wp-content\/uploads\/2015\/07\/0055.Lindesnes-Wanderung-z.Leuchtturm.IMG_0001-4.jpg 1000w, https:\/\/lumulu.de\/blog\/wp-content\/uploads\/2015\/07\/0055.Lindesnes-Wanderung-z.Leuchtturm.IMG_0001-4-300x225.jpg 300w\" sizes=\"(max-width: 1000px) 100vw, 1000px\" \/><\/a><\/p>\n<p><a href=\"https:\/\/lumulu.de\/blog\/wp-content\/uploads\/2015\/07\/0055.Lindesnes-Wanderung-z.Leuchtturm.IMG_0001-8.jpg\"><img decoding=\"async\" src=\"https:\/\/lumulu.de\/blog\/wp-content\/uploads\/2015\/07\/0055.Lindesnes-Wanderung-z.Leuchtturm.IMG_0001-8.jpg\" alt=\"0055.Lindesnes Wanderung z.Leuchtturm.IMG_0001 (8)\" width=\"1000\" height=\"750\" class=\"alignleft size-full wp-image-3983\" srcset=\"https:\/\/lumulu.de\/blog\/wp-content\/uploads\/2015\/07\/0055.Lindesnes-Wanderung-z.Leuchtturm.IMG_0001-8.jpg 1000w, https:\/\/lumulu.de\/blog\/wp-content\/uploads\/2015\/07\/0055.Lindesnes-Wanderung-z.Leuchtturm.IMG_0001-8-300x225.jpg 300w\" sizes=\"(max-width: 1000px) 100vw, 1000px\" \/><\/a><\/p>\n<p><a href=\"https:\/\/lumulu.de\/blog\/wp-content\/uploads\/2015\/07\/0055.Lindesnes-Wanderung-z.Leuchtturm.IMG_0001-25.jpg\"><img decoding=\"async\" src=\"https:\/\/lumulu.de\/blog\/wp-content\/uploads\/2015\/07\/0055.Lindesnes-Wanderung-z.Leuchtturm.IMG_0001-25.jpg\" alt=\"0055.Lindesnes Wanderung z.Leuchtturm.IMG_0001 (25)\" width=\"1000\" height=\"750\" class=\"alignleft size-full wp-image-3985\" srcset=\"https:\/\/lumulu.de\/blog\/wp-content\/uploads\/2015\/07\/0055.Lindesnes-Wanderung-z.Leuchtturm.IMG_0001-25.jpg 1000w, https:\/\/lumulu.de\/blog\/wp-content\/uploads\/2015\/07\/0055.Lindesnes-Wanderung-z.Leuchtturm.IMG_0001-25-300x225.jpg 300w\" sizes=\"(max-width: 1000px) 100vw, 1000px\" \/><\/a><\/p>\n<p><a href=\"https:\/\/lumulu.de\/blog\/wp-content\/uploads\/2015\/07\/0055.Lindesnes-Wanderung-z.Leuchtturm.IMG_0001-29.jpg\"><img decoding=\"async\" src=\"https:\/\/lumulu.de\/blog\/wp-content\/uploads\/2015\/07\/0055.Lindesnes-Wanderung-z.Leuchtturm.IMG_0001-29.jpg\" alt=\"0055.Lindesnes Wanderung z.Leuchtturm.IMG_0001 (29)\" width=\"750\" height=\"1000\" class=\"alignleft size-full wp-image-3986\" srcset=\"https:\/\/lumulu.de\/blog\/wp-content\/uploads\/2015\/07\/0055.Lindesnes-Wanderung-z.Leuchtturm.IMG_0001-29.jpg 750w, https:\/\/lumulu.de\/blog\/wp-content\/uploads\/2015\/07\/0055.Lindesnes-Wanderung-z.Leuchtturm.IMG_0001-29-225x300.jpg 225w\" sizes=\"(max-width: 750px) 100vw, 750px\" \/><\/a><\/p>\n<p><a href=\"https:\/\/lumulu.de\/blog\/wp-content\/uploads\/2015\/07\/0055.Lindesnes-Wanderung-z.Leuchtturm.IMG_0001-30.jpg\"><img decoding=\"async\" src=\"https:\/\/lumulu.de\/blog\/wp-content\/uploads\/2015\/07\/0055.Lindesnes-Wanderung-z.Leuchtturm.IMG_0001-30.jpg\" alt=\"0055.Lindesnes Wanderung z.Leuchtturm.IMG_0001 (30)\" width=\"1000\" height=\"750\" class=\"alignleft size-full wp-image-3987\" srcset=\"https:\/\/lumulu.de\/blog\/wp-content\/uploads\/2015\/07\/0055.Lindesnes-Wanderung-z.Leuchtturm.IMG_0001-30.jpg 1000w, https:\/\/lumulu.de\/blog\/wp-content\/uploads\/2015\/07\/0055.Lindesnes-Wanderung-z.Leuchtturm.IMG_0001-30-300x225.jpg 300w\" sizes=\"(max-width: 1000px) 100vw, 1000px\" \/><\/a><\/p>\n<p>Der Leuchtturm ist \u00fcbrigens noch in Betrieb. Er ist der \u00e4lteste Norwegens, denn bereits im Jahr 1656 wurde hier das erste Leuchtfeuer entz\u00fcndet. 350 Jahre norwegische Leuchtfeuergeschichte liegen zwischen den ersten flackernden Talglichtern und den heutigen LED-Lampen. In dieser Zeit hat Lindesnes die meisten leuchtfeuertechnischen L\u00f6sungen erlebt.<br \/>\nF\u00fcr morgen hat der norwegische Wetterbericht Sonne angesagt! Bei der Gelegenheit zeigen wir euch  den  Meteorologen-Stein aus Norwegen, der garantiert 100%ig das Wetter vorhersagt!<\/p>\n<p><a href=\"https:\/\/lumulu.de\/blog\/wp-content\/uploads\/2015\/07\/0055.Lindesnes-Wanderung-z.Leuchtturm.IMG_0001-17.jpg\"><img decoding=\"async\" src=\"https:\/\/lumulu.de\/blog\/wp-content\/uploads\/2015\/07\/0055.Lindesnes-Wanderung-z.Leuchtturm.IMG_0001-17.jpg\" alt=\"0055.Lindesnes Wanderung z.Leuchtturm.IMG_0001 (17)\" width=\"1000\" height=\"750\" class=\"alignleft size-full wp-image-3984\" srcset=\"https:\/\/lumulu.de\/blog\/wp-content\/uploads\/2015\/07\/0055.Lindesnes-Wanderung-z.Leuchtturm.IMG_0001-17.jpg 1000w, https:\/\/lumulu.de\/blog\/wp-content\/uploads\/2015\/07\/0055.Lindesnes-Wanderung-z.Leuchtturm.IMG_0001-17-300x225.jpg 300w\" sizes=\"(max-width: 1000px) 100vw, 1000px\" \/><\/a><\/p>\n<p>Mit Sonne f\u00fcr morgen l\u00e4gen wir genau richtig, denn da werden wir die ersten Sandstr\u00e4nde des norwegischen S\u00fcdens erreichen \u2013 mal sehen, wie weit wir uns entbl\u00e4ttern k\u00f6nnen \u2026<br \/>\nWir werden euch davon berichten, denn wir sind ein wenig neidisch auf eure sommerlichen Temperaturen. Bitte verplempert jetzt nicht unn\u00f6tig die Hitze und wenn wir wieder zu Hause sind, ist nix mehr f\u00fcr uns \u00fcbrig! Denkt an uns!!<br \/>\nF\u00fcr heute sagen wir Tsch\u00fcss, gr\u00fc\u00dfen ganz herzlich und w\u00fcnschen uns, dass ihr uns auch auf den letzten Etappen noch so aktiv begleitet, denn neben den Sandstr\u00e4nden und auf der Route liegenden netten Fischerorten warten ja auch noch Oslo, G\u00f6teborg und Malm\u00f6 auf uns! <\/p>\n<p>Eure Weltenbummler<br \/>\nBarbara &#038; Paul<\/p>\n","protected":false},"excerpt":{"rendered":"<p>Hei, hei, ihr Blogfreunde, wir sind heute schon kurz vor Oslo &#8211; und haben genau das Wetter erwischt, das so freundlich im Reisef\u00fchrer angek\u00fcndigt wird mit: &#8222;Man sieht in Oslo h\u00e4ufig die Sonne, am meisten zwischen zwei Regenschauern&#8220; &#8230; Na &hellip; <a href=\"https:\/\/lumulu.de\/blog\/2015\/07\/15\/das-raetsel-und-der-schoenste-aussichtspunkt-der-welt\/\">Weiterlesen <span class=\"meta-nav\">&rarr;<\/span><\/a><\/p>\n","protected":false},"author":2,"featured_media":0,"comment_status":"open","ping_status":"closed","sticky":false,"template":"","format":"standard","meta":{"footnotes":""},"categories":[1],"tags":[],"class_list":["post-3928","post","type-post","status-publish","format-standard","hentry","category-allgemein"],"_links":{"self":[{"href":"https:\/\/lumulu.de\/blog\/wp-json\/wp\/v2\/posts\/3928","targetHints":{"allow":["GET"]}}],"collection":[{"href":"https:\/\/lumulu.de\/blog\/wp-json\/wp\/v2\/posts"}],"about":[{"href":"https:\/\/lumulu.de\/blog\/wp-json\/wp\/v2\/types\/post"}],"author":[{"embeddable":true,"href":"https:\/\/lumulu.de\/blog\/wp-json\/wp\/v2\/users\/2"}],"replies":[{"embeddable":true,"href":"https:\/\/lumulu.de\/blog\/wp-json\/wp\/v2\/comments?post=3928"}],"version-history":[{"count":7,"href":"https:\/\/lumulu.de\/blog\/wp-json\/wp\/v2\/posts\/3928\/revisions"}],"predecessor-version":[{"id":3988,"href":"https:\/\/lumulu.de\/blog\/wp-json\/wp\/v2\/posts\/3928\/revisions\/3988"}],"wp:attachment":[{"href":"https:\/\/lumulu.de\/blog\/wp-json\/wp\/v2\/media?parent=3928"}],"wp:term":[{"taxonomy":"category","embeddable":true,"href":"https:\/\/lumulu.de\/blog\/wp-json\/wp\/v2\/categories?post=3928"},{"taxonomy":"post_tag","embeddable":true,"href":"https:\/\/lumulu.de\/blog\/wp-json\/wp\/v2\/tags?post=3928"}],"curies":[{"name":"wp","href":"https:\/\/api.w.org\/{rel}","templated":true}]}}